{"id":1165,"date":"2012-02-11T12:49:49","date_gmt":"2012-02-11T11:49:49","guid":{"rendered":"http:\/\/www.espacegraphique.com\/blog\/?p=1165"},"modified":"2013-12-19T19:41:45","modified_gmt":"2013-12-19T17:41:45","slug":"lever-de-soleil-et-sfumato","status":"publish","type":"post","link":"https:\/\/www.espacegraphique.com\/blog\/photos\/lever-de-soleil-et-sfumato-1165","title":{"rendered":"Lever de soleil et sfumato"},"content":{"rendered":"<p>C&rsquo;est une photo prise le matin avec mon t\u00e9l\u00e9phone portable. Rien d&rsquo;extraordinaire \u00e0 priori, mais ce matin l\u00e0 c&rsquo;\u00e9tait plus beau.<\/p>\n<p>Le soleil \u00e9tait de face il est rentr\u00e9 dans l&rsquo;objectif de mon mobile et je pense que la lumi\u00e8re a d\u00fb rebondir sur la dalle de verre.<\/p>\n<p><strong>Ce qui m&rsquo;a rendu sensible \u00e0 ce paysage c&rsquo;\u00e9tait l&rsquo;effet atmosph\u00e9rique. <\/strong><\/p>\n<p><strong>Il porte un nom en peinture : le sfumato.<\/strong><\/p>\n<p>Le matin le soleil r\u00e9chauffe les champs qui s\u2019ass\u00e8chent, d\u00e9gageant de l&rsquo;humidit\u00e9. Ce brouillard peut rester dans une vall\u00e9e, ou se r\u00e9partir harmonieusement dans l&rsquo;atmosph\u00e8re. A chaque niveau de profondeur il y a un voile qui s&rsquo;additionne avec le pr\u00e9c\u00e9dent jusqu\u2019\u00e0\u00a0 l&rsquo;horizon ou le dernier plan se dissout dans le ciel.<\/p>\n<p>Le tableau le plus connu qui pr\u00e9sente cet effet est la Joconde de Vinci et sa copie du <a href=\"http:\/\/theaujasmin.blogspot.com\/2012\/02\/la-joconde-au-prado-madrid.html\">Prado<\/a> qui serait du m\u00eame atelier.<\/p>\n<p>On sait gr\u00e2ce \u00e0 la science que le ma\u00eetre de la renaissance utilisait de nombreux glacis, avec \u00e0 chaque fois des teintes tr\u00e8s douces qui s&rsquo;additionnent afin d&rsquo;obtenir des effets de transition des plus parfaits.<\/p>\n<p>La Joconde mat\u00e9rialise cette technique par ces diff\u00e9rents plans de profondeur dans le d\u00e9cor de la Toscane, une sorte de tableau t\u00e9moin des possibilit\u00e9s de la peinture \u00e0 l&rsquo;huile \u00e0 la renaissance.<\/p>\n<p>Alors sans doute, quand on regarde la Joconde il ne faut pas s\u2019arr\u00eater au sourire \ud83d\ude42<\/p>\n<p>&nbsp;<\/p>\n","protected":false},"excerpt":{"rendered":"<p>Ce qui m&rsquo;a rendu sensible \u00e0 ce paysage c&rsquo;\u00e9tait l&rsquo;effet atmosph\u00e9rique. <\/p>\n","protected":false},"author":1,"featured_media":1166,"comment_status":"open","ping_status":"open","sticky":false,"template":"","format":"standard","meta":{"footnotes":""},"categories":[233,13],"tags":[234,170,209,51,235],"class_list":["post-1165","post","type-post","status-publish","format-standard","has-post-thumbnail","hentry","category-paysages","category-photos","tag-glacis","tag-lumiere","tag-paysage","tag-photo","tag-soleil"],"aioseo_notices":[],"_links":{"self":[{"href":"https:\/\/www.espacegraphique.com\/blog\/wp-json\/wp\/v2\/posts\/1165","targetHints":{"allow":["GET"]}}],"collection":[{"href":"https:\/\/www.espacegraphique.com\/blog\/wp-json\/wp\/v2\/posts"}],"about":[{"href":"https:\/\/www.espacegraphique.com\/blog\/wp-json\/wp\/v2\/types\/post"}],"author":[{"embeddable":true,"href":"https:\/\/www.espacegraphique.com\/blog\/wp-json\/wp\/v2\/users\/1"}],"replies":[{"embeddable":true,"href":"https:\/\/www.espacegraphique.com\/blog\/wp-json\/wp\/v2\/comments?post=1165"}],"version-history":[{"count":7,"href":"https:\/\/www.espacegraphique.com\/blog\/wp-json\/wp\/v2\/posts\/1165\/revisions"}],"predecessor-version":[{"id":1169,"href":"https:\/\/www.espacegraphique.com\/blog\/wp-json\/wp\/v2\/posts\/1165\/revisions\/1169"}],"wp:featuredmedia":[{"embeddable":true,"href":"https:\/\/www.espacegraphique.com\/blog\/wp-json\/wp\/v2\/media\/1166"}],"wp:attachment":[{"href":"https:\/\/www.espacegraphique.com\/blog\/wp-json\/wp\/v2\/media?parent=1165"}],"wp:term":[{"taxonomy":"category","embeddable":true,"href":"https:\/\/www.espacegraphique.com\/blog\/wp-json\/wp\/v2\/categories?post=1165"},{"taxonomy":"post_tag","embeddable":true,"href":"https:\/\/www.espacegraphique.com\/blog\/wp-json\/wp\/v2\/tags?post=1165"}],"curies":[{"name":"wp","href":"https:\/\/api.w.org\/{rel}","templated":true}]}}