{"id":1252,"date":"2012-04-22T19:15:21","date_gmt":"2012-04-22T18:15:21","guid":{"rendered":"http:\/\/www.espacegraphique.com\/blog\/?p=1252"},"modified":"2013-12-19T19:20:45","modified_gmt":"2013-12-19T17:20:45","slug":"orchis-mascula-aux-feuilles-a-taches","status":"publish","type":"post","link":"https:\/\/www.espacegraphique.com\/blog\/photos\/orchis-mascula-aux-feuilles-a-taches-1252","title":{"rendered":"Orchis mascula aux feuilles \u00e0 taches"},"content":{"rendered":"<p><strong>Au royaume des orchid\u00e9es l&rsquo;<em>Orchis mascula<\/em> est en France une des plus pr\u00e9coces \u00e0 fleurir.<\/strong><\/p>\n<p>Je ne choquerais personne en disant que les fleurs sont des organes g\u00e9nitaux.<\/p>\n<p>Moins connu, le non \u00ab\u00a0<em>Orchis<\/em>\u00a0\u00bb signifie testicule, ce qui fait r\u00e9f\u00e9rence aux racines de certaines d&rsquo;entre elles qui peuvent \u00eatre ovo\u00efdes et doubles comme celle de l&rsquo;<em>Orchis mascula<\/em>.<\/p>\n<p>Cette orchid\u00e9e n&rsquo;est pas rare en Bretagne, je l&rsquo;ai prise en photo en plein milieu d&rsquo;une petite ville o\u00f9 elle poussait sans trop se faire remarquer.<\/p>\n<p>Les feuilles sont d\u00e9j\u00e0 assez caract\u00e9ristiques vu quelles sont macul\u00e9es, disons tach\u00e9es pour ne pas se m\u00e9langer avec le latin <em>mascula<\/em> qui signifie m\u00e2le, cependant certaines Orchis de ce type ne disposent pas de t\u00e2ches.<\/p>\n<p>Les deux t\u00e9pales lat\u00e9raux sup\u00e9rieurs ont tendance \u00e0 revenir au dessus du labelle, ce qui fait une forme de casque, c&rsquo;est d\u00e9j\u00e0 plus clair.<\/p>\n<figure id=\"attachment_1256\" aria-describedby=\"caption-attachment-1256\" style=\"width: 225px\" class=\"wp-caption aligncenter\"><a href=\"https:\/\/www.espacegraphique.com\/blog\/wp-content\/uploads\/2012\/04\/Orchis-male.jpg\"><img loading=\"lazy\" decoding=\"async\" class=\"size-medium wp-image-1256\" title=\"Orchis m\u00e2le\" alt=\"Orchis m\u00e2le\" src=\"https:\/\/www.espacegraphique.com\/blog\/wp-content\/uploads\/2012\/04\/Orchis-male-225x300.jpg\" width=\"225\" height=\"300\" srcset=\"https:\/\/www.espacegraphique.com\/blog\/wp-content\/uploads\/2012\/04\/Orchis-male-225x300.jpg 225w, https:\/\/www.espacegraphique.com\/blog\/wp-content\/uploads\/2012\/04\/Orchis-male.jpg 300w\" sizes=\"auto, (max-width: 225px) 100vw, 225px\" \/><\/a><figcaption id=\"caption-attachment-1256\" class=\"wp-caption-text\">Orchis m\u00e2le<\/figcaption><\/figure>\n<p>Le labelle est trilob\u00e9 ce qui est \u00e9galement un bon point pour la reconnaissance.<\/p>\n<p>La couleur violette peut virer au pastel.<\/p>\n<figure id=\"attachment_1257\" aria-describedby=\"caption-attachment-1257\" style=\"width: 225px\" class=\"wp-caption aligncenter\"><a href=\"https:\/\/www.espacegraphique.com\/blog\/wp-content\/uploads\/2012\/04\/orchis-mascula.jpg\"><img loading=\"lazy\" decoding=\"async\" class=\"size-medium wp-image-1257\" title=\"Pied d'Orchis mascula\" alt=\"Pied d'Orchis mascula\" src=\"https:\/\/www.espacegraphique.com\/blog\/wp-content\/uploads\/2012\/04\/orchis-mascula-225x300.jpg\" width=\"225\" height=\"300\" srcset=\"https:\/\/www.espacegraphique.com\/blog\/wp-content\/uploads\/2012\/04\/orchis-mascula-225x300.jpg 225w, https:\/\/www.espacegraphique.com\/blog\/wp-content\/uploads\/2012\/04\/orchis-mascula.jpg 300w\" sizes=\"auto, (max-width: 225px) 100vw, 225px\" \/><\/a><figcaption id=\"caption-attachment-1257\" class=\"wp-caption-text\">Pied d&rsquo;Orchis mascula<\/figcaption><\/figure>\n","protected":false},"excerpt":{"rendered":"<p>Au royaume des orchid\u00e9es l&rsquo;Orchis mascula est en France une des plus pr\u00e9coces \u00e0 fleurir.<\/p>\n","protected":false},"author":1,"featured_media":1254,"comment_status":"open","ping_status":"open","sticky":false,"template":"","format":"standard","meta":{"footnotes":""},"categories":[13],"tags":[153,12,45,115,85],"class_list":["post-1252","post","type-post","status-publish","format-standard","has-post-thumbnail","hentry","category-photos","tag-feuille","tag-fleur","tag-orchidee","tag-orchis","tag-violette"],"aioseo_notices":[],"aioseo_head":"\n\t\t<!-- All in One SEO 5.0.0.1 - aioseo.com -->\n\t<meta name=\"description\" content=\"Au royaume des orchid\u00e9es l&#039;Orchis mascula est en France une des plus pr\u00e9coces \u00e0 fleurir.\" \/>\n\t<meta name=\"robots\" content=\"max-image-preview:large\" \/>\n\t<meta name=\"author\" content=\"Yann\"\/>\n\t<link rel=\"canonical\" href=\"https:\/\/www.espacegraphique.com\/blog\/photos\/orchis-mascula-aux-feuilles-a-taches-1252\" \/>\n\t<meta name=\"generator\" content=\"All in One SEO (AIOSEO) 5.0.0.1\" \/>\n\t\t<meta property=\"og:locale\" content=\"fr_FR\" \/>\n\t\t<meta property=\"og:site_name\" content=\"Espace Graphique | Mon petit journal graphique\" \/>\n\t\t<meta property=\"og:type\" content=\"article\" \/>\n\t\t<meta property=\"og:title\" content=\"Orchis mascula aux feuilles \u00e0 taches | Espace Graphique\" \/>\n\t\t<meta property=\"og:description\" content=\"Au royaume des orchid\u00e9es l&#039;Orchis mascula est en France une des plus pr\u00e9coces \u00e0 fleurir.\" \/>\n\t\t<meta property=\"og:url\" content=\"https:\/\/www.espacegraphique.com\/blog\/photos\/orchis-mascula-aux-feuilles-a-taches-1252\" \/>\n\t\t<meta property=\"article:published_time\" content=\"2012-04-22T18:15:21+00:00\" \/>\n\t\t<meta property=\"article:modified_time\" content=\"2013-12-19T17:20:45+00:00\" \/>\n\t\t<meta name=\"twitter:card\" content=\"summary\" \/>\n\t\t<meta name=\"twitter:title\" content=\"Orchis mascula aux feuilles \u00e0 taches | Espace Graphique\" \/>\n\t\t<meta name=\"twitter:description\" content=\"Au royaume des orchid\u00e9es l&#039;Orchis mascula est en France une des plus pr\u00e9coces \u00e0 fleurir.\" \/>\n\t\t<script type=\"application\/ld+json\" class=\"aioseo-schema\">\n\t\t\t{\"@context\":\"https:\\\/\\\/schema.org\",\"@graph\":[{\"@type\":\"Article\",\"@id\":\"https:\\\/\\\/www.espacegraphique.com\\\/blog\\\/photos\\\/orchis-mascula-aux-feuilles-a-taches-1252#article\",\"name\":\"Orchis mascula aux feuilles \\u00e0 taches | Espace Graphique\",\"headline\":\"Orchis mascula aux feuilles \\u00e0 taches\",\"author\":{\"@id\":\"https:\\\/\\\/www.espacegraphique.com\\\/blog\\\/author\\\/admin#author\"},\"publisher\":{\"@id\":\"https:\\\/\\\/www.espacegraphique.com\\\/blog\\\/#organization\"},\"image\":{\"@type\":\"ImageObject\",\"url\":\"https:\\\/\\\/www.espacegraphique.com\\\/blog\\\/wp-content\\\/uploads\\\/2012\\\/04\\\/Feuille-maculee.jpg\",\"width\":630,\"height\":240},\"datePublished\":\"2012-04-22T19:15:21+02:00\",\"dateModified\":\"2013-12-19T19:20:45+02:00\",\"inLanguage\":\"fr-FR\",\"commentCount\":8,\"mainEntityOfPage\":{\"@id\":\"https:\\\/\\\/www.espacegraphique.com\\\/blog\\\/photos\\\/orchis-mascula-aux-feuilles-a-taches-1252#webpage\"},\"isPartOf\":{\"@id\":\"https:\\\/\\\/www.espacegraphique.com\\\/blog\\\/photos\\\/orchis-mascula-aux-feuilles-a-taches-1252#webpage\"},\"articleSection\":\"Photos, feuille, fleur, orchid\\u00e9e, orchis, violette\"},{\"@type\":\"BreadcrumbList\",\"@id\":\"https:\\\/\\\/www.espacegraphique.com\\\/blog\\\/photos\\\/orchis-mascula-aux-feuilles-a-taches-1252#breadcrumblist\",\"itemListElement\":[{\"@type\":\"ListItem\",\"@id\":\"https:\\\/\\\/www.espacegraphique.com\\\/blog#listItem\",\"position\":1,\"name\":\"Accueil\",\"item\":\"https:\\\/\\\/www.espacegraphique.com\\\/blog\",\"nextItem\":{\"@type\":\"ListItem\",\"@id\":\"https:\\\/\\\/www.espacegraphique.com\\\/blog\\\/planche\\\/photos#listItem\",\"name\":\"Photos\"}},{\"@type\":\"ListItem\",\"@id\":\"https:\\\/\\\/www.espacegraphique.com\\\/blog\\\/planche\\\/photos#listItem\",\"position\":2,\"name\":\"Photos\",\"item\":\"https:\\\/\\\/www.espacegraphique.com\\\/blog\\\/planche\\\/photos\",\"nextItem\":{\"@type\":\"ListItem\",\"@id\":\"https:\\\/\\\/www.espacegraphique.com\\\/blog\\\/photos\\\/orchis-mascula-aux-feuilles-a-taches-1252#listItem\",\"name\":\"Orchis mascula aux feuilles \\u00e0 taches\"},\"previousItem\":{\"@type\":\"ListItem\",\"@id\":\"https:\\\/\\\/www.espacegraphique.com\\\/blog#listItem\",\"name\":\"Accueil\"}},{\"@type\":\"ListItem\",\"@id\":\"https:\\\/\\\/www.espacegraphique.com\\\/blog\\\/photos\\\/orchis-mascula-aux-feuilles-a-taches-1252#listItem\",\"position\":3,\"name\":\"Orchis mascula aux feuilles \\u00e0 taches\",\"previousItem\":{\"@type\":\"ListItem\",\"@id\":\"https:\\\/\\\/www.espacegraphique.com\\\/blog\\\/planche\\\/photos#listItem\",\"name\":\"Photos\"}}]},{\"@type\":\"Organization\",\"@id\":\"https:\\\/\\\/www.espacegraphique.com\\\/blog\\\/#organization\",\"name\":\"Espace Graphique\",\"description\":\"Mon petit journal graphique\",\"url\":\"https:\\\/\\\/www.espacegraphique.com\\\/blog\\\/\"},{\"@type\":\"Person\",\"@id\":\"https:\\\/\\\/www.espacegraphique.com\\\/blog\\\/author\\\/admin#author\",\"url\":\"https:\\\/\\\/www.espacegraphique.com\\\/blog\\\/author\\\/admin\",\"name\":\"Yann\",\"image\":{\"@type\":\"ImageObject\",\"@id\":\"https:\\\/\\\/www.espacegraphique.com\\\/blog\\\/photos\\\/orchis-mascula-aux-feuilles-a-taches-1252#authorImage\",\"url\":\"https:\\\/\\\/secure.gravatar.com\\\/avatar\\\/05f8f89222152d60c127ff66d91f94e5ad916730aa5d5be07144ab977018dd0d?s=96&r=g\",\"width\":96,\"height\":96,\"caption\":\"Yann\"}},{\"@type\":\"WebPage\",\"@id\":\"https:\\\/\\\/www.espacegraphique.com\\\/blog\\\/photos\\\/orchis-mascula-aux-feuilles-a-taches-1252#webpage\",\"url\":\"https:\\\/\\\/www.espacegraphique.com\\\/blog\\\/photos\\\/orchis-mascula-aux-feuilles-a-taches-1252\",\"name\":\"Orchis mascula aux feuilles \\u00e0 taches | Espace Graphique\",\"description\":\"Au royaume des orchid\\u00e9es l'Orchis mascula est en France une des plus pr\\u00e9coces \\u00e0 fleurir.\",\"inLanguage\":\"fr-FR\",\"isPartOf\":{\"@id\":\"https:\\\/\\\/www.espacegraphique.com\\\/blog\\\/#website\"},\"breadcrumb\":{\"@id\":\"https:\\\/\\\/www.espacegraphique.com\\\/blog\\\/photos\\\/orchis-mascula-aux-feuilles-a-taches-1252#breadcrumblist\"},\"author\":{\"@id\":\"https:\\\/\\\/www.espacegraphique.com\\\/blog\\\/author\\\/admin#author\"},\"creator\":{\"@id\":\"https:\\\/\\\/www.espacegraphique.com\\\/blog\\\/author\\\/admin#author\"},\"image\":{\"@type\":\"ImageObject\",\"url\":\"https:\\\/\\\/www.espacegraphique.com\\\/blog\\\/wp-content\\\/uploads\\\/2012\\\/04\\\/Feuille-maculee.jpg\",\"@id\":\"https:\\\/\\\/www.espacegraphique.com\\\/blog\\\/photos\\\/orchis-mascula-aux-feuilles-a-taches-1252\\\/#mainImage\",\"width\":630,\"height\":240},\"primaryImageOfPage\":{\"@id\":\"https:\\\/\\\/www.espacegraphique.com\\\/blog\\\/photos\\\/orchis-mascula-aux-feuilles-a-taches-1252#mainImage\"},\"datePublished\":\"2012-04-22T19:15:21+02:00\",\"dateModified\":\"2013-12-19T19:20:45+02:00\"},{\"@type\":\"WebSite\",\"@id\":\"https:\\\/\\\/www.espacegraphique.com\\\/blog\\\/#website\",\"url\":\"https:\\\/\\\/www.espacegraphique.com\\\/blog\\\/\",\"name\":\"Espace Graphique\",\"description\":\"Mon petit journal graphique\",\"inLanguage\":\"fr-FR\",\"publisher\":{\"@id\":\"https:\\\/\\\/www.espacegraphique.com\\\/blog\\\/#organization\"}}]}\n\t\t<\/script>\n\t\t<!-- All in One SEO -->\n\n","aioseo_head_json":{"title":"Orchis mascula aux feuilles \u00e0 taches | Espace Graphique","description":"Au royaume des orchid\u00e9es l'Orchis mascula est en France une des plus pr\u00e9coces \u00e0 fleurir.","canonical_url":"https:\/\/www.espacegraphique.com\/blog\/photos\/orchis-mascula-aux-feuilles-a-taches-1252","robots":"max-image-preview:large","keywords":"","webmasterTools":{"miscellaneous":""},"schema":{"@context":"https:\/\/schema.org","@graph":[{"@type":"Article","@id":"https:\/\/www.espacegraphique.com\/blog\/photos\/orchis-mascula-aux-feuilles-a-taches-1252#article","name":"Orchis mascula aux feuilles \u00e0 taches | Espace Graphique","headline":"Orchis mascula aux feuilles \u00e0 taches","author":{"@id":"https:\/\/www.espacegraphique.com\/blog\/author\/admin#author"},"publisher":{"@id":"https:\/\/www.espacegraphique.com\/blog\/#organization"},"image":{"@type":"ImageObject","url":"https:\/\/www.espacegraphique.com\/blog\/wp-content\/uploads\/2012\/04\/Feuille-maculee.jpg","width":630,"height":240},"datePublished":"2012-04-22T19:15:21+02:00","dateModified":"2013-12-19T19:20:45+02:00","inLanguage":"fr-FR","commentCount":8,"mainEntityOfPage":{"@id":"https:\/\/www.espacegraphique.com\/blog\/photos\/orchis-mascula-aux-feuilles-a-taches-1252#webpage"},"isPartOf":{"@id":"https:\/\/www.espacegraphique.com\/blog\/photos\/orchis-mascula-aux-feuilles-a-taches-1252#webpage"},"articleSection":"Photos, feuille, fleur, orchid\u00e9e, orchis, violette"},{"@type":"BreadcrumbList","@id":"https:\/\/www.espacegraphique.com\/blog\/photos\/orchis-mascula-aux-feuilles-a-taches-1252#breadcrumblist","itemListElement":[{"@type":"ListItem","@id":"https:\/\/www.espacegraphique.com\/blog#listItem","position":1,"name":"Accueil","item":"https:\/\/www.espacegraphique.com\/blog","nextItem":{"@type":"ListItem","@id":"https:\/\/www.espacegraphique.com\/blog\/planche\/photos#listItem","name":"Photos"}},{"@type":"ListItem","@id":"https:\/\/www.espacegraphique.com\/blog\/planche\/photos#listItem","position":2,"name":"Photos","item":"https:\/\/www.espacegraphique.com\/blog\/planche\/photos","nextItem":{"@type":"ListItem","@id":"https:\/\/www.espacegraphique.com\/blog\/photos\/orchis-mascula-aux-feuilles-a-taches-1252#listItem","name":"Orchis mascula aux feuilles \u00e0 taches"},"previousItem":{"@type":"ListItem","@id":"https:\/\/www.espacegraphique.com\/blog#listItem","name":"Accueil"}},{"@type":"ListItem","@id":"https:\/\/www.espacegraphique.com\/blog\/photos\/orchis-mascula-aux-feuilles-a-taches-1252#listItem","position":3,"name":"Orchis mascula aux feuilles \u00e0 taches","previousItem":{"@type":"ListItem","@id":"https:\/\/www.espacegraphique.com\/blog\/planche\/photos#listItem","name":"Photos"}}]},{"@type":"Organization","@id":"https:\/\/www.espacegraphique.com\/blog\/#organization","name":"Espace Graphique","description":"Mon petit journal graphique","url":"https:\/\/www.espacegraphique.com\/blog\/"},{"@type":"Person","@id":"https:\/\/www.espacegraphique.com\/blog\/author\/admin#author","url":"https:\/\/www.espacegraphique.com\/blog\/author\/admin","name":"Yann","image":{"@type":"ImageObject","@id":"https:\/\/www.espacegraphique.com\/blog\/photos\/orchis-mascula-aux-feuilles-a-taches-1252#authorImage","url":"https:\/\/secure.gravatar.com\/avatar\/05f8f89222152d60c127ff66d91f94e5ad916730aa5d5be07144ab977018dd0d?s=96&r=g","width":96,"height":96,"caption":"Yann"}},{"@type":"WebPage","@id":"https:\/\/www.espacegraphique.com\/blog\/photos\/orchis-mascula-aux-feuilles-a-taches-1252#webpage","url":"https:\/\/www.espacegraphique.com\/blog\/photos\/orchis-mascula-aux-feuilles-a-taches-1252","name":"Orchis mascula aux feuilles \u00e0 taches | Espace Graphique","description":"Au royaume des orchid\u00e9es l'Orchis mascula est en France une des plus pr\u00e9coces \u00e0 fleurir.","inLanguage":"fr-FR","isPartOf":{"@id":"https:\/\/www.espacegraphique.com\/blog\/#website"},"breadcrumb":{"@id":"https:\/\/www.espacegraphique.com\/blog\/photos\/orchis-mascula-aux-feuilles-a-taches-1252#breadcrumblist"},"author":{"@id":"https:\/\/www.espacegraphique.com\/blog\/author\/admin#author"},"creator":{"@id":"https:\/\/www.espacegraphique.com\/blog\/author\/admin#author"},"image":{"@type":"ImageObject","url":"https:\/\/www.espacegraphique.com\/blog\/wp-content\/uploads\/2012\/04\/Feuille-maculee.jpg","@id":"https:\/\/www.espacegraphique.com\/blog\/photos\/orchis-mascula-aux-feuilles-a-taches-1252\/#mainImage","width":630,"height":240},"primaryImageOfPage":{"@id":"https:\/\/www.espacegraphique.com\/blog\/photos\/orchis-mascula-aux-feuilles-a-taches-1252#mainImage"},"datePublished":"2012-04-22T19:15:21+02:00","dateModified":"2013-12-19T19:20:45+02:00"},{"@type":"WebSite","@id":"https:\/\/www.espacegraphique.com\/blog\/#website","url":"https:\/\/www.espacegraphique.com\/blog\/","name":"Espace Graphique","description":"Mon petit journal graphique","inLanguage":"fr-FR","publisher":{"@id":"https:\/\/www.espacegraphique.com\/blog\/#organization"}}]},"og:locale":"fr_FR","og:site_name":"Espace Graphique | Mon petit journal graphique","og:type":"article","og:title":"Orchis mascula aux feuilles \u00e0 taches | Espace Graphique","og:description":"Au royaume des orchid\u00e9es l'Orchis mascula est en France une des plus pr\u00e9coces \u00e0 fleurir.","og:url":"https:\/\/www.espacegraphique.com\/blog\/photos\/orchis-mascula-aux-feuilles-a-taches-1252","article:published_time":"2012-04-22T18:15:21+00:00","article:modified_time":"2013-12-19T17:20:45+00:00","twitter:card":"summary","twitter:title":"Orchis mascula aux feuilles \u00e0 taches | Espace Graphique","twitter:description":"Au royaume des orchid\u00e9es l'Orchis mascula est en France une des plus pr\u00e9coces \u00e0 fleurir."},"aioseo_meta_data":{"post_id":"1252","title":"Orchis mascula aux feuilles \u00e0 taches | #site_title","description":"Au royaume des orchid\u00e9es l'Orchis mascula est en France une des plus pr\u00e9coces \u00e0 fleurir.","keywords":[{"label":"Orchis","value":"Orchis"},{"label":"mascula","value":"mascula"},{"label":"feuilles","value":"feuilles"},{"label":"taches","value":"taches"}],"keyphrases":null,"primary_term":null,"canonical_url":null,"og_title":null,"og_description":null,"og_object_type":"default","og_image_type":"default","og_image_url":null,"og_image_width":null,"og_image_height":null,"og_image_custom_url":null,"og_image_custom_fields":null,"og_video":null,"og_custom_url":null,"og_article_section":null,"og_article_tags":null,"twitter_use_og":false,"twitter_card":"default","twitter_image_type":"default","twitter_image_url":null,"twitter_image_custom_url":null,"twitter_image_custom_fields":null,"twitter_title":null,"twitter_description":null,"schema":{"blockGraphs":[],"customGraphs":[],"default":{"data":{"Article":[],"Course":[],"Dataset":[],"FAQPage":[],"Movie":[],"Person":[],"Product":[],"ProductReview":[],"Car":[],"Recipe":[],"Service":[],"SoftwareApplication":[],"WebPage":[]},"graphName":"","isEnabled":true},"graphs":[]},"schema_type":"default","schema_type_options":null,"pillar_content":false,"robots_default":true,"robots_noindex":false,"robots_noarchive":false,"robots_nosnippet":false,"robots_nofollow":false,"robots_noimageindex":false,"robots_noodp":false,"robots_notranslate":false,"robots_max_snippet":null,"robots_max_videopreview":null,"robots_max_imagepreview":"large","priority":null,"frequency":null,"local_seo":null,"limit_modified_date":false,"created":"2022-03-30 17:15:22","updated":"2026-08-22 01:07:26","focus_keyword":null,"additional_keywords":null,"truseo_locale":null,"ai":null,"breadcrumb_settings":null,"seo_analyzer_scan_date":null},"aioseo_breadcrumb":"<div class=\"aioseo-breadcrumbs\"><span class=\"aioseo-breadcrumb\">\n\t\t\t<a href=\"https:\/\/www.espacegraphique.com\/blog\" title=\"Accueil\">Accueil<\/a>\n\t\t<\/span><span class=\"aioseo-breadcrumb-separator\">&raquo;<\/span><span class=\"aioseo-breadcrumb\">\n\t\t\t<a href=\"https:\/\/www.espacegraphique.com\/blog\/planche\/photos\" title=\"Photos\">Photos<\/a>\n\t\t<\/span><span class=\"aioseo-breadcrumb-separator\">&raquo;<\/span><span class=\"aioseo-breadcrumb\">\n\t\t\tOrchis mascula aux feuilles \u00e0 taches\n\t\t<\/span><\/div>","aioseo_breadcrumb_json":[{"label":"Accueil","link":"https:\/\/www.espacegraphique.com\/blog"},{"label":"Photos","link":"https:\/\/www.espacegraphique.com\/blog\/planche\/photos"},{"label":"Orchis mascula aux feuilles \u00e0 taches","link":"https:\/\/www.espacegraphique.com\/blog\/photos\/orchis-mascula-aux-feuilles-a-taches-1252"}],"_links":{"self":[{"href":"https:\/\/www.espacegraphique.com\/blog\/wp-json\/wp\/v2\/posts\/1252","targetHints":{"allow":["GET"]}}],"collection":[{"href":"https:\/\/www.espacegraphique.com\/blog\/wp-json\/wp\/v2\/posts"}],"about":[{"href":"https:\/\/www.espacegraphique.com\/blog\/wp-json\/wp\/v2\/types\/post"}],"author":[{"embeddable":true,"href":"https:\/\/www.espacegraphique.com\/blog\/wp-json\/wp\/v2\/users\/1"}],"replies":[{"embeddable":true,"href":"https:\/\/www.espacegraphique.com\/blog\/wp-json\/wp\/v2\/comments?post=1252"}],"version-history":[{"count":3,"href":"https:\/\/www.espacegraphique.com\/blog\/wp-json\/wp\/v2\/posts\/1252\/revisions"}],"predecessor-version":[{"id":3649,"href":"https:\/\/www.espacegraphique.com\/blog\/wp-json\/wp\/v2\/posts\/1252\/revisions\/3649"}],"wp:featuredmedia":[{"embeddable":true,"href":"https:\/\/www.espacegraphique.com\/blog\/wp-json\/wp\/v2\/media\/1254"}],"wp:attachment":[{"href":"https:\/\/www.espacegraphique.com\/blog\/wp-json\/wp\/v2\/media?parent=1252"}],"wp:term":[{"taxonomy":"category","embeddable":true,"href":"https:\/\/www.espacegraphique.com\/blog\/wp-json\/wp\/v2\/categories?post=1252"},{"taxonomy":"post_tag","embeddable":true,"href":"https:\/\/www.espacegraphique.com\/blog\/wp-json\/wp\/v2\/tags?post=1252"}],"curies":[{"name":"wp","href":"https:\/\/api.w.org\/{rel}","templated":true}]}}