{"id":1267,"date":"2012-05-04T19:20:04","date_gmt":"2012-05-04T18:20:04","guid":{"rendered":"http:\/\/www.espacegraphique.com\/blog\/?p=1267"},"modified":"2013-12-19T16:02:41","modified_gmt":"2013-12-19T14:02:41","slug":"billet-entre-quentin-de-la-tour-et-delacroix","status":"publish","type":"post","link":"https:\/\/www.espacegraphique.com\/blog\/peintures\/acryliques\/billet-entre-quentin-de-la-tour-et-delacroix-1267","title":{"rendered":"Billet entre Quentin de La Tour et Delacroix"},"content":{"rendered":"<p><strong>Lors des journ\u00e9es BD de Saint-Quentin en 1992, une plaquette avait \u00e9t\u00e9 r\u00e9alis\u00e9e avec 50 auteurs de BD qui avaient revisit\u00e9 le billet de 50 francs de mani\u00e8re humoristique.<\/strong><\/p>\n<p>Pour ceux qui ont oubli\u00e9, ce billet repr\u00e9sentait un autoportrait du pastelliste Maurice Quentin de La Tour (Artiste Saint-Quentinois).<\/p>\n<p>En 1993, je me suis amus\u00e9 a faire la m\u00eame chose avec le billet de 100 francs : Le Delacroix.<\/p>\n<p>Il faut dire que je ne suis pas \u00e0 l&rsquo;aise avec les pastels, m\u00eame si c&rsquo;est magnifique ce que l&rsquo;on peut en faire.<\/p>\n<p><em>\u00ab\u00a0Le cri\u00a0\u00bb de Munch qui vient de battre des records de vente a \u00e9t\u00e9 dessin\u00e9 avec les pastels invent\u00e9s par Monsieur Quentin de La Tour.<\/em><\/p>\n<p>Bref je me suis document\u00e9 sur les diff\u00e9rents tableaux composant le billet de 100 (un autoportrait de Delacroix et \u00ab\u00a0La libert\u00e9 guidant le peuple\u00a0\u00bb) c&rsquo;\u00e9tait tr\u00e8s instructif.<\/p>\n<p>Apr\u00e8s ce travail, j&rsquo;ai compos\u00e9 la seconde partie avec un univers plus personnel h\u00e9rit\u00e9 de la BD et des dragons.<\/p>\n<p>Je sais que la peinture et la BD ne se m\u00e9langent pas plus que l&rsquo;eau et l&rsquo;huile, mais comme j&rsquo;ai peint ce tableau \u00e0 l&rsquo;acrylique tout s&rsquo;est bien d\u00e9roul\u00e9.<\/p>\n<p><strong>J&rsquo;expose avec mes amis de la Lanterne \u00e0 l&rsquo;Ecole Municipale Quentin de la Tour les 12 et 13 mai (\u00e0 Saint-Quentin).<\/strong> Vu que le th\u00e8me du concours de cette ann\u00e9e est le Dragon ce serait dommage de ne pas exposer ce tableau.<\/p>\n<figure id=\"attachment_1270\" aria-describedby=\"caption-attachment-1270\" style=\"width: 215px\" class=\"wp-caption aligncenter\"><a href=\"http:\/\/lanterne-bd.blogspot.fr\/2012\/05\/bientot-les-journees-bd-et-du-livre.html\"><img loading=\"lazy\" decoding=\"async\" class=\"size-full wp-image-1270\" title=\"Expo \u00e0 l'Ecole Municipale Maurice Quentin de La Tour\" alt=\"Expo \u00e0 l'Ecole Municipale Maurice Quentin de La Tour\" src=\"https:\/\/www.espacegraphique.com\/blog\/wp-content\/uploads\/2012\/05\/expo-ecole-D.gif\" width=\"215\" height=\"200\" \/><\/a><figcaption id=\"caption-attachment-1270\" class=\"wp-caption-text\">Expo \u00e0 l&rsquo;Ecole Municipale Maurice Quentin de La Tour<\/figcaption><\/figure>\n<p><strong>Pour en savoir plus et venir nous voir sur l&rsquo;expo :<\/strong><\/p>\n<p><a href=\"http:\/\/lanterne-bd.blogspot.fr\/2012\/05\/bientot-les-journees-bd-et-du-livre.html\">lanterne-bd.blogspot.fr\/2012\/05\/bientot-les-journees-bd-et-du-livre.html<\/a><\/p>\n","protected":false},"excerpt":{"rendered":"<p>J&rsquo;expose avec mes amis de la Lanterne \u00e0 l&rsquo;Ecole Municipale Quentin de la Tour les 12 et 13 mai (\u00e0 Saint-Quentin).<\/p>\n","protected":false},"author":1,"featured_media":1269,"comment_status":"open","ping_status":"open","sticky":false,"template":"","format":"standard","meta":{"footnotes":""},"categories":[89,192],"tags":[22,193,200,188,71,92],"class_list":["post-1267","post","type-post","status-publish","format-standard","has-post-thumbnail","hentry","category-acryliques","category-peintures","tag-acrylique","tag-bd","tag-exposition","tag-pastel","tag-peinture","tag-saint-quentin"],"aioseo_notices":[],"aioseo_head":"\n\t\t<!-- All in One SEO 5.0.0.1 - aioseo.com -->\n\t<meta name=\"description\" content=\"J&#039;expose avec mes amis de la Lanterne \u00e0 l&#039;Ecole Municipale Quentin de la Tour les 12 et 13 mai (\u00e0 Saint-Quentin).\" \/>\n\t<meta name=\"robots\" content=\"max-image-preview:large\" \/>\n\t<meta name=\"author\" content=\"Yann\"\/>\n\t<link rel=\"canonical\" href=\"https:\/\/www.espacegraphique.com\/blog\/peintures\/acryliques\/billet-entre-quentin-de-la-tour-et-delacroix-1267\" \/>\n\t<meta name=\"generator\" content=\"All in One SEO (AIOSEO) 5.0.0.1\" \/>\n\t\t<meta property=\"og:locale\" content=\"fr_FR\" \/>\n\t\t<meta property=\"og:site_name\" content=\"Espace Graphique | Mon petit journal graphique\" \/>\n\t\t<meta property=\"og:type\" content=\"article\" \/>\n\t\t<meta property=\"og:title\" content=\"Billet entre Quentin de La Tour et Delacroix | Espace Graphique\" \/>\n\t\t<meta property=\"og:description\" content=\"J&#039;expose avec mes amis de la Lanterne \u00e0 l&#039;Ecole Municipale Quentin de la Tour les 12 et 13 mai (\u00e0 Saint-Quentin).\" \/>\n\t\t<meta property=\"og:url\" content=\"https:\/\/www.espacegraphique.com\/blog\/peintures\/acryliques\/billet-entre-quentin-de-la-tour-et-delacroix-1267\" \/>\n\t\t<meta property=\"article:published_time\" content=\"2012-05-04T18:20:04+00:00\" \/>\n\t\t<meta property=\"article:modified_time\" content=\"2013-12-19T14:02:41+00:00\" \/>\n\t\t<meta name=\"twitter:card\" content=\"summary\" \/>\n\t\t<meta name=\"twitter:title\" content=\"Billet entre Quentin de La Tour et Delacroix | Espace Graphique\" \/>\n\t\t<meta name=\"twitter:description\" content=\"J&#039;expose avec mes amis de la Lanterne \u00e0 l&#039;Ecole Municipale Quentin de la Tour les 12 et 13 mai (\u00e0 Saint-Quentin).\" \/>\n\t\t<script type=\"application\/ld+json\" class=\"aioseo-schema\">\n\t\t\t{\"@context\":\"https:\\\/\\\/schema.org\",\"@graph\":[{\"@type\":\"Article\",\"@id\":\"https:\\\/\\\/www.espacegraphique.com\\\/blog\\\/peintures\\\/acryliques\\\/billet-entre-quentin-de-la-tour-et-delacroix-1267#article\",\"name\":\"Billet entre Quentin de La Tour et Delacroix | Espace Graphique\",\"headline\":\"Billet entre Quentin de La Tour et Delacroix\",\"author\":{\"@id\":\"https:\\\/\\\/www.espacegraphique.com\\\/blog\\\/author\\\/admin#author\"},\"publisher\":{\"@id\":\"https:\\\/\\\/www.espacegraphique.com\\\/blog\\\/#organization\"},\"image\":{\"@type\":\"ImageObject\",\"url\":\"https:\\\/\\\/www.espacegraphique.com\\\/blog\\\/wp-content\\\/uploads\\\/2012\\\/05\\\/delacroix.jpg\",\"width\":630,\"height\":240,\"caption\":\"Cent francs\"},\"datePublished\":\"2012-05-04T19:20:04+02:00\",\"dateModified\":\"2013-12-19T16:02:41+02:00\",\"inLanguage\":\"fr-FR\",\"commentCount\":2,\"mainEntityOfPage\":{\"@id\":\"https:\\\/\\\/www.espacegraphique.com\\\/blog\\\/peintures\\\/acryliques\\\/billet-entre-quentin-de-la-tour-et-delacroix-1267#webpage\"},\"isPartOf\":{\"@id\":\"https:\\\/\\\/www.espacegraphique.com\\\/blog\\\/peintures\\\/acryliques\\\/billet-entre-quentin-de-la-tour-et-delacroix-1267#webpage\"},\"articleSection\":\"Acryliques, Peintures, acrylique, bd, exposition, pastel, peinture, saint-quentin\"},{\"@type\":\"BreadcrumbList\",\"@id\":\"https:\\\/\\\/www.espacegraphique.com\\\/blog\\\/peintures\\\/acryliques\\\/billet-entre-quentin-de-la-tour-et-delacroix-1267#breadcrumblist\",\"itemListElement\":[{\"@type\":\"ListItem\",\"@id\":\"https:\\\/\\\/www.espacegraphique.com\\\/blog#listItem\",\"position\":1,\"name\":\"Accueil\",\"item\":\"https:\\\/\\\/www.espacegraphique.com\\\/blog\",\"nextItem\":{\"@type\":\"ListItem\",\"@id\":\"https:\\\/\\\/www.espacegraphique.com\\\/blog\\\/planche\\\/peintures#listItem\",\"name\":\"Peintures\"}},{\"@type\":\"ListItem\",\"@id\":\"https:\\\/\\\/www.espacegraphique.com\\\/blog\\\/planche\\\/peintures#listItem\",\"position\":2,\"name\":\"Peintures\",\"item\":\"https:\\\/\\\/www.espacegraphique.com\\\/blog\\\/planche\\\/peintures\",\"nextItem\":{\"@type\":\"ListItem\",\"@id\":\"https:\\\/\\\/www.espacegraphique.com\\\/blog\\\/planche\\\/peintures\\\/acryliques#listItem\",\"name\":\"Acryliques\"},\"previousItem\":{\"@type\":\"ListItem\",\"@id\":\"https:\\\/\\\/www.espacegraphique.com\\\/blog#listItem\",\"name\":\"Accueil\"}},{\"@type\":\"ListItem\",\"@id\":\"https:\\\/\\\/www.espacegraphique.com\\\/blog\\\/planche\\\/peintures\\\/acryliques#listItem\",\"position\":3,\"name\":\"Acryliques\",\"item\":\"https:\\\/\\\/www.espacegraphique.com\\\/blog\\\/planche\\\/peintures\\\/acryliques\",\"nextItem\":{\"@type\":\"ListItem\",\"@id\":\"https:\\\/\\\/www.espacegraphique.com\\\/blog\\\/peintures\\\/acryliques\\\/billet-entre-quentin-de-la-tour-et-delacroix-1267#listItem\",\"name\":\"Billet entre Quentin de La Tour et Delacroix\"},\"previousItem\":{\"@type\":\"ListItem\",\"@id\":\"https:\\\/\\\/www.espacegraphique.com\\\/blog\\\/planche\\\/peintures#listItem\",\"name\":\"Peintures\"}},{\"@type\":\"ListItem\",\"@id\":\"https:\\\/\\\/www.espacegraphique.com\\\/blog\\\/peintures\\\/acryliques\\\/billet-entre-quentin-de-la-tour-et-delacroix-1267#listItem\",\"position\":4,\"name\":\"Billet entre Quentin de La Tour et Delacroix\",\"previousItem\":{\"@type\":\"ListItem\",\"@id\":\"https:\\\/\\\/www.espacegraphique.com\\\/blog\\\/planche\\\/peintures\\\/acryliques#listItem\",\"name\":\"Acryliques\"}}]},{\"@type\":\"Organization\",\"@id\":\"https:\\\/\\\/www.espacegraphique.com\\\/blog\\\/#organization\",\"name\":\"Espace Graphique\",\"description\":\"Mon petit journal graphique\",\"url\":\"https:\\\/\\\/www.espacegraphique.com\\\/blog\\\/\"},{\"@type\":\"Person\",\"@id\":\"https:\\\/\\\/www.espacegraphique.com\\\/blog\\\/author\\\/admin#author\",\"url\":\"https:\\\/\\\/www.espacegraphique.com\\\/blog\\\/author\\\/admin\",\"name\":\"Yann\",\"image\":{\"@type\":\"ImageObject\",\"@id\":\"https:\\\/\\\/www.espacegraphique.com\\\/blog\\\/peintures\\\/acryliques\\\/billet-entre-quentin-de-la-tour-et-delacroix-1267#authorImage\",\"url\":\"https:\\\/\\\/secure.gravatar.com\\\/avatar\\\/05f8f89222152d60c127ff66d91f94e5ad916730aa5d5be07144ab977018dd0d?s=96&r=g\",\"width\":96,\"height\":96,\"caption\":\"Yann\"}},{\"@type\":\"WebPage\",\"@id\":\"https:\\\/\\\/www.espacegraphique.com\\\/blog\\\/peintures\\\/acryliques\\\/billet-entre-quentin-de-la-tour-et-delacroix-1267#webpage\",\"url\":\"https:\\\/\\\/www.espacegraphique.com\\\/blog\\\/peintures\\\/acryliques\\\/billet-entre-quentin-de-la-tour-et-delacroix-1267\",\"name\":\"Billet entre Quentin de La Tour et Delacroix | Espace Graphique\",\"description\":\"J'expose avec mes amis de la Lanterne \\u00e0 l'Ecole Municipale Quentin de la Tour les 12 et 13 mai (\\u00e0 Saint-Quentin).\",\"inLanguage\":\"fr-FR\",\"isPartOf\":{\"@id\":\"https:\\\/\\\/www.espacegraphique.com\\\/blog\\\/#website\"},\"breadcrumb\":{\"@id\":\"https:\\\/\\\/www.espacegraphique.com\\\/blog\\\/peintures\\\/acryliques\\\/billet-entre-quentin-de-la-tour-et-delacroix-1267#breadcrumblist\"},\"author\":{\"@id\":\"https:\\\/\\\/www.espacegraphique.com\\\/blog\\\/author\\\/admin#author\"},\"creator\":{\"@id\":\"https:\\\/\\\/www.espacegraphique.com\\\/blog\\\/author\\\/admin#author\"},\"image\":{\"@type\":\"ImageObject\",\"url\":\"https:\\\/\\\/www.espacegraphique.com\\\/blog\\\/wp-content\\\/uploads\\\/2012\\\/05\\\/delacroix.jpg\",\"@id\":\"https:\\\/\\\/www.espacegraphique.com\\\/blog\\\/peintures\\\/acryliques\\\/billet-entre-quentin-de-la-tour-et-delacroix-1267\\\/#mainImage\",\"width\":630,\"height\":240,\"caption\":\"Cent francs\"},\"primaryImageOfPage\":{\"@id\":\"https:\\\/\\\/www.espacegraphique.com\\\/blog\\\/peintures\\\/acryliques\\\/billet-entre-quentin-de-la-tour-et-delacroix-1267#mainImage\"},\"datePublished\":\"2012-05-04T19:20:04+02:00\",\"dateModified\":\"2013-12-19T16:02:41+02:00\"},{\"@type\":\"WebSite\",\"@id\":\"https:\\\/\\\/www.espacegraphique.com\\\/blog\\\/#website\",\"url\":\"https:\\\/\\\/www.espacegraphique.com\\\/blog\\\/\",\"name\":\"Espace Graphique\",\"description\":\"Mon petit journal graphique\",\"inLanguage\":\"fr-FR\",\"publisher\":{\"@id\":\"https:\\\/\\\/www.espacegraphique.com\\\/blog\\\/#organization\"}}]}\n\t\t<\/script>\n\t\t<!-- All in One SEO -->\n\n","aioseo_head_json":{"title":"Billet entre Quentin de La Tour et Delacroix | Espace Graphique","description":"J'expose avec mes amis de la Lanterne \u00e0 l'Ecole Municipale Quentin de la Tour les 12 et 13 mai (\u00e0 Saint-Quentin).","canonical_url":"https:\/\/www.espacegraphique.com\/blog\/peintures\/acryliques\/billet-entre-quentin-de-la-tour-et-delacroix-1267","robots":"max-image-preview:large","keywords":"","webmasterTools":{"miscellaneous":""},"schema":{"@context":"https:\/\/schema.org","@graph":[{"@type":"Article","@id":"https:\/\/www.espacegraphique.com\/blog\/peintures\/acryliques\/billet-entre-quentin-de-la-tour-et-delacroix-1267#article","name":"Billet entre Quentin de La Tour et Delacroix | Espace Graphique","headline":"Billet entre Quentin de La Tour et Delacroix","author":{"@id":"https:\/\/www.espacegraphique.com\/blog\/author\/admin#author"},"publisher":{"@id":"https:\/\/www.espacegraphique.com\/blog\/#organization"},"image":{"@type":"ImageObject","url":"https:\/\/www.espacegraphique.com\/blog\/wp-content\/uploads\/2012\/05\/delacroix.jpg","width":630,"height":240,"caption":"Cent francs"},"datePublished":"2012-05-04T19:20:04+02:00","dateModified":"2013-12-19T16:02:41+02:00","inLanguage":"fr-FR","commentCount":2,"mainEntityOfPage":{"@id":"https:\/\/www.espacegraphique.com\/blog\/peintures\/acryliques\/billet-entre-quentin-de-la-tour-et-delacroix-1267#webpage"},"isPartOf":{"@id":"https:\/\/www.espacegraphique.com\/blog\/peintures\/acryliques\/billet-entre-quentin-de-la-tour-et-delacroix-1267#webpage"},"articleSection":"Acryliques, Peintures, acrylique, bd, exposition, pastel, peinture, saint-quentin"},{"@type":"BreadcrumbList","@id":"https:\/\/www.espacegraphique.com\/blog\/peintures\/acryliques\/billet-entre-quentin-de-la-tour-et-delacroix-1267#breadcrumblist","itemListElement":[{"@type":"ListItem","@id":"https:\/\/www.espacegraphique.com\/blog#listItem","position":1,"name":"Accueil","item":"https:\/\/www.espacegraphique.com\/blog","nextItem":{"@type":"ListItem","@id":"https:\/\/www.espacegraphique.com\/blog\/planche\/peintures#listItem","name":"Peintures"}},{"@type":"ListItem","@id":"https:\/\/www.espacegraphique.com\/blog\/planche\/peintures#listItem","position":2,"name":"Peintures","item":"https:\/\/www.espacegraphique.com\/blog\/planche\/peintures","nextItem":{"@type":"ListItem","@id":"https:\/\/www.espacegraphique.com\/blog\/planche\/peintures\/acryliques#listItem","name":"Acryliques"},"previousItem":{"@type":"ListItem","@id":"https:\/\/www.espacegraphique.com\/blog#listItem","name":"Accueil"}},{"@type":"ListItem","@id":"https:\/\/www.espacegraphique.com\/blog\/planche\/peintures\/acryliques#listItem","position":3,"name":"Acryliques","item":"https:\/\/www.espacegraphique.com\/blog\/planche\/peintures\/acryliques","nextItem":{"@type":"ListItem","@id":"https:\/\/www.espacegraphique.com\/blog\/peintures\/acryliques\/billet-entre-quentin-de-la-tour-et-delacroix-1267#listItem","name":"Billet entre Quentin de La Tour et Delacroix"},"previousItem":{"@type":"ListItem","@id":"https:\/\/www.espacegraphique.com\/blog\/planche\/peintures#listItem","name":"Peintures"}},{"@type":"ListItem","@id":"https:\/\/www.espacegraphique.com\/blog\/peintures\/acryliques\/billet-entre-quentin-de-la-tour-et-delacroix-1267#listItem","position":4,"name":"Billet entre Quentin de La Tour et Delacroix","previousItem":{"@type":"ListItem","@id":"https:\/\/www.espacegraphique.com\/blog\/planche\/peintures\/acryliques#listItem","name":"Acryliques"}}]},{"@type":"Organization","@id":"https:\/\/www.espacegraphique.com\/blog\/#organization","name":"Espace Graphique","description":"Mon petit journal graphique","url":"https:\/\/www.espacegraphique.com\/blog\/"},{"@type":"Person","@id":"https:\/\/www.espacegraphique.com\/blog\/author\/admin#author","url":"https:\/\/www.espacegraphique.com\/blog\/author\/admin","name":"Yann","image":{"@type":"ImageObject","@id":"https:\/\/www.espacegraphique.com\/blog\/peintures\/acryliques\/billet-entre-quentin-de-la-tour-et-delacroix-1267#authorImage","url":"https:\/\/secure.gravatar.com\/avatar\/05f8f89222152d60c127ff66d91f94e5ad916730aa5d5be07144ab977018dd0d?s=96&r=g","width":96,"height":96,"caption":"Yann"}},{"@type":"WebPage","@id":"https:\/\/www.espacegraphique.com\/blog\/peintures\/acryliques\/billet-entre-quentin-de-la-tour-et-delacroix-1267#webpage","url":"https:\/\/www.espacegraphique.com\/blog\/peintures\/acryliques\/billet-entre-quentin-de-la-tour-et-delacroix-1267","name":"Billet entre Quentin de La Tour et Delacroix | Espace Graphique","description":"J'expose avec mes amis de la Lanterne \u00e0 l'Ecole Municipale Quentin de la Tour les 12 et 13 mai (\u00e0 Saint-Quentin).","inLanguage":"fr-FR","isPartOf":{"@id":"https:\/\/www.espacegraphique.com\/blog\/#website"},"breadcrumb":{"@id":"https:\/\/www.espacegraphique.com\/blog\/peintures\/acryliques\/billet-entre-quentin-de-la-tour-et-delacroix-1267#breadcrumblist"},"author":{"@id":"https:\/\/www.espacegraphique.com\/blog\/author\/admin#author"},"creator":{"@id":"https:\/\/www.espacegraphique.com\/blog\/author\/admin#author"},"image":{"@type":"ImageObject","url":"https:\/\/www.espacegraphique.com\/blog\/wp-content\/uploads\/2012\/05\/delacroix.jpg","@id":"https:\/\/www.espacegraphique.com\/blog\/peintures\/acryliques\/billet-entre-quentin-de-la-tour-et-delacroix-1267\/#mainImage","width":630,"height":240,"caption":"Cent francs"},"primaryImageOfPage":{"@id":"https:\/\/www.espacegraphique.com\/blog\/peintures\/acryliques\/billet-entre-quentin-de-la-tour-et-delacroix-1267#mainImage"},"datePublished":"2012-05-04T19:20:04+02:00","dateModified":"2013-12-19T16:02:41+02:00"},{"@type":"WebSite","@id":"https:\/\/www.espacegraphique.com\/blog\/#website","url":"https:\/\/www.espacegraphique.com\/blog\/","name":"Espace Graphique","description":"Mon petit journal graphique","inLanguage":"fr-FR","publisher":{"@id":"https:\/\/www.espacegraphique.com\/blog\/#organization"}}]},"og:locale":"fr_FR","og:site_name":"Espace Graphique | Mon petit journal graphique","og:type":"article","og:title":"Billet entre Quentin de La Tour et Delacroix | Espace Graphique","og:description":"J'expose avec mes amis de la Lanterne \u00e0 l'Ecole Municipale Quentin de la Tour les 12 et 13 mai (\u00e0 Saint-Quentin).","og:url":"https:\/\/www.espacegraphique.com\/blog\/peintures\/acryliques\/billet-entre-quentin-de-la-tour-et-delacroix-1267","article:published_time":"2012-05-04T18:20:04+00:00","article:modified_time":"2013-12-19T14:02:41+00:00","twitter:card":"summary","twitter:title":"Billet entre Quentin de La Tour et Delacroix | Espace Graphique","twitter:description":"J'expose avec mes amis de la Lanterne \u00e0 l'Ecole Municipale Quentin de la Tour les 12 et 13 mai (\u00e0 Saint-Quentin)."},"aioseo_meta_data":{"post_id":"1267","title":"Billet entre Quentin de La Tour et Delacroix | #site_title","description":"J'expose avec mes amis de la Lanterne \u00e0 l'Ecole Municipale Quentin de la Tour les 12 et 13 mai (\u00e0 Saint-Quentin).","keywords":[{"label":"Billet","value":"Billet"},{"label":"Quentin","value":"Quentin"},{"label":"La Tour","value":"La Tour"},{"label":"Delacroix","value":"Delacroix"}],"keyphrases":null,"primary_term":null,"canonical_url":null,"og_title":null,"og_description":null,"og_object_type":"default","og_image_type":"default","og_image_url":null,"og_image_width":null,"og_image_height":null,"og_image_custom_url":null,"og_image_custom_fields":null,"og_video":null,"og_custom_url":null,"og_article_section":null,"og_article_tags":null,"twitter_use_og":false,"twitter_card":"default","twitter_image_type":"default","twitter_image_url":null,"twitter_image_custom_url":null,"twitter_image_custom_fields":null,"twitter_title":null,"twitter_description":null,"schema":{"blockGraphs":[],"customGraphs":[],"default":{"data":{"Article":[],"Course":[],"Dataset":[],"FAQPage":[],"Movie":[],"Person":[],"Product":[],"ProductReview":[],"Car":[],"Recipe":[],"Service":[],"SoftwareApplication":[],"WebPage":[]},"graphName":"","isEnabled":true},"graphs":[]},"schema_type":"default","schema_type_options":null,"pillar_content":false,"robots_default":true,"robots_noindex":false,"robots_noarchive":false,"robots_nosnippet":false,"robots_nofollow":false,"robots_noimageindex":false,"robots_noodp":false,"robots_notranslate":false,"robots_max_snippet":null,"robots_max_videopreview":null,"robots_max_imagepreview":"large","priority":null,"frequency":null,"local_seo":null,"limit_modified_date":false,"created":"2022-03-30 17:15:22","updated":"2026-08-22 01:07:26","focus_keyword":null,"additional_keywords":null,"truseo_locale":null,"ai":null,"breadcrumb_settings":null,"seo_analyzer_scan_date":null},"aioseo_breadcrumb":"<div class=\"aioseo-breadcrumbs\"><span class=\"aioseo-breadcrumb\">\n\t\t\t<a href=\"https:\/\/www.espacegraphique.com\/blog\" title=\"Accueil\">Accueil<\/a>\n\t\t<\/span><span class=\"aioseo-breadcrumb-separator\">&raquo;<\/span><span class=\"aioseo-breadcrumb\">\n\t\t\t<a href=\"https:\/\/www.espacegraphique.com\/blog\/planche\/peintures\" title=\"Peintures\">Peintures<\/a>\n\t\t<\/span><span class=\"aioseo-breadcrumb-separator\">&raquo;<\/span><span class=\"aioseo-breadcrumb\">\n\t\t\t<a href=\"https:\/\/www.espacegraphique.com\/blog\/planche\/peintures\/acryliques\" title=\"Acryliques\">Acryliques<\/a>\n\t\t<\/span><span class=\"aioseo-breadcrumb-separator\">&raquo;<\/span><span class=\"aioseo-breadcrumb\">\n\t\t\tBillet entre Quentin de La Tour et Delacroix\n\t\t<\/span><\/div>","aioseo_breadcrumb_json":[{"label":"Accueil","link":"https:\/\/www.espacegraphique.com\/blog"},{"label":"Peintures","link":"https:\/\/www.espacegraphique.com\/blog\/planche\/peintures"},{"label":"Acryliques","link":"https:\/\/www.espacegraphique.com\/blog\/planche\/peintures\/acryliques"},{"label":"Billet entre Quentin de La Tour et Delacroix","link":"https:\/\/www.espacegraphique.com\/blog\/peintures\/acryliques\/billet-entre-quentin-de-la-tour-et-delacroix-1267"}],"_links":{"self":[{"href":"https:\/\/www.espacegraphique.com\/blog\/wp-json\/wp\/v2\/posts\/1267","targetHints":{"allow":["GET"]}}],"collection":[{"href":"https:\/\/www.espacegraphique.com\/blog\/wp-json\/wp\/v2\/posts"}],"about":[{"href":"https:\/\/www.espacegraphique.com\/blog\/wp-json\/wp\/v2\/types\/post"}],"author":[{"embeddable":true,"href":"https:\/\/www.espacegraphique.com\/blog\/wp-json\/wp\/v2\/users\/1"}],"replies":[{"embeddable":true,"href":"https:\/\/www.espacegraphique.com\/blog\/wp-json\/wp\/v2\/comments?post=1267"}],"version-history":[{"count":8,"href":"https:\/\/www.espacegraphique.com\/blog\/wp-json\/wp\/v2\/posts\/1267\/revisions"}],"predecessor-version":[{"id":2380,"href":"https:\/\/www.espacegraphique.com\/blog\/wp-json\/wp\/v2\/posts\/1267\/revisions\/2380"}],"wp:featuredmedia":[{"embeddable":true,"href":"https:\/\/www.espacegraphique.com\/blog\/wp-json\/wp\/v2\/media\/1269"}],"wp:attachment":[{"href":"https:\/\/www.espacegraphique.com\/blog\/wp-json\/wp\/v2\/media?parent=1267"}],"wp:term":[{"taxonomy":"category","embeddable":true,"href":"https:\/\/www.espacegraphique.com\/blog\/wp-json\/wp\/v2\/categories?post=1267"},{"taxonomy":"post_tag","embeddable":true,"href":"https:\/\/www.espacegraphique.com\/blog\/wp-json\/wp\/v2\/tags?post=1267"}],"curies":[{"name":"wp","href":"https:\/\/api.w.org\/{rel}","templated":true}]}}