{"id":1543,"date":"2012-09-28T21:12:44","date_gmt":"2012-09-28T19:12:44","guid":{"rendered":"http:\/\/www.espacegraphique.com\/blog\/?p=1543"},"modified":"2013-12-19T09:45:52","modified_gmt":"2013-12-19T07:45:52","slug":"berce-du-caucase-ou-heracleum-mantegazzianum","status":"publish","type":"post","link":"https:\/\/www.espacegraphique.com\/blog\/photos\/berce-du-caucase-ou-heracleum-mantegazzianum-1543","title":{"rendered":"Berce du Caucase ou Heracleum mantegazzianum"},"content":{"rendered":"<p><strong>La Berce du Caucase est connue pour \u00eatre une grande plante invasive et dangereuse.<\/strong><\/p>\n<p>Au niveau technologique la Berce a quasiment tout optimis\u00e9 pour sa reproduction :<\/p>\n<ul>\n<li>Ses tiges velues ressemblent a des colonnettes de style dorique, ce qui nous attire immanquablement pour l&rsquo;admirer, la rompre et la d\u00e9placer.<\/li>\n<li>Elle recouvre le sol de feuilles \u00e9paisses qui ne laissent aucune chance aux autres v\u00e9g\u00e9taux dans la comp\u00e9tition de l&rsquo;espace et de la lumi\u00e8re.<\/li>\n<li>La section d&rsquo;une tige a tous niveaux donnera dans l&rsquo;ann\u00e9e de nouveaux rejets et de nouvelles cymes<\/li>\n<li>Les nombreuses graines de l&rsquo;ombelle tombent de 3 \u00e0 4m haut et se diss\u00e9minent loin<\/li>\n<li>Dans le sol une graine peut encore repartir apr\u00e8s une dizaine d&rsquo;ann\u00e9es<\/li>\n<\/ul>\n<p>Elle dispose surtout d&rsquo;un poison tr\u00e8s irritant qui rend photosensible la peau apr\u00e8s un contact. Les brulures sont s\u00e9v\u00e8res et durables.<\/p>\n<p>Donc si vous en avez dans votre jardin n&rsquo;essayez pas de la couper \u00e0 bras nus ou de la d\u00e9placer, renseignez-vous sur les mesures \u00e0 prendre.<\/p>\n<p><a href=\"http:\/\/cap.chru-lille.fr\/GP\/magazines\/96637.html\">http:\/\/cap.chru-lille.fr\/GP\/magazines\/96637.html<\/a><\/p>\n<figure id=\"attachment_1546\" aria-describedby=\"caption-attachment-1546\" style=\"width: 300px\" class=\"wp-caption aligncenter\"><a href=\"https:\/\/www.espacegraphique.com\/blog\/wp-content\/uploads\/2012\/09\/Heracleum-mantegazzianum.jpg\"><img loading=\"lazy\" decoding=\"async\" class=\"size-medium wp-image-1546\" title=\"Heracleum mantegazzianum\" alt=\"Heracleum mantegazzianum\" src=\"https:\/\/www.espacegraphique.com\/blog\/wp-content\/uploads\/2012\/09\/Heracleum-mantegazzianum-300x229.jpg\" width=\"300\" height=\"229\" srcset=\"https:\/\/www.espacegraphique.com\/blog\/wp-content\/uploads\/2012\/09\/Heracleum-mantegazzianum-300x229.jpg 300w, https:\/\/www.espacegraphique.com\/blog\/wp-content\/uploads\/2012\/09\/Heracleum-mantegazzianum.jpg 546w\" sizes=\"auto, (max-width: 300px) 100vw, 300px\" \/><\/a><figcaption id=\"caption-attachment-1546\" class=\"wp-caption-text\">Heracleum mantegazzianum<\/figcaption><\/figure>\n","protected":false},"excerpt":{"rendered":"<p>Si vous en avez dans votre jardin n&rsquo;essayez pas de la couper<\/p>\n","protected":false},"author":1,"featured_media":1544,"comment_status":"open","ping_status":"open","sticky":false,"template":"","format":"standard","meta":{"footnotes":""},"categories":[13],"tags":[153,158],"class_list":["post-1543","post","type-post","status-publish","format-standard","has-post-thumbnail","hentry","category-photos","tag-feuille","tag-ombelle"],"aioseo_notices":[],"aioseo_head":"\n\t\t<!-- All in One SEO 5.0.0.1 - aioseo.com -->\n\t<meta name=\"description\" content=\"Si vous en avez dans votre jardin n&#039;essayez pas de la couper\" \/>\n\t<meta name=\"robots\" content=\"max-image-preview:large\" \/>\n\t<meta name=\"author\" content=\"Yann\"\/>\n\t<link rel=\"canonical\" href=\"https:\/\/www.espacegraphique.com\/blog\/photos\/berce-du-caucase-ou-heracleum-mantegazzianum-1543\" \/>\n\t<meta name=\"generator\" content=\"All in One SEO (AIOSEO) 5.0.0.1\" \/>\n\t\t<meta property=\"og:locale\" content=\"fr_FR\" \/>\n\t\t<meta property=\"og:site_name\" content=\"Espace Graphique | Mon petit journal graphique\" \/>\n\t\t<meta property=\"og:type\" content=\"article\" \/>\n\t\t<meta property=\"og:title\" content=\"Berce du Caucase ou Heracleum mantegazzianum | Espace Graphique\" \/>\n\t\t<meta property=\"og:description\" content=\"Si vous en avez dans votre jardin n&#039;essayez pas de la couper\" \/>\n\t\t<meta property=\"og:url\" content=\"https:\/\/www.espacegraphique.com\/blog\/photos\/berce-du-caucase-ou-heracleum-mantegazzianum-1543\" \/>\n\t\t<meta property=\"article:published_time\" content=\"2012-09-28T19:12:44+00:00\" \/>\n\t\t<meta property=\"article:modified_time\" content=\"2013-12-19T07:45:52+00:00\" \/>\n\t\t<meta name=\"twitter:card\" content=\"summary\" \/>\n\t\t<meta name=\"twitter:title\" content=\"Berce du Caucase ou Heracleum mantegazzianum | Espace Graphique\" \/>\n\t\t<meta name=\"twitter:description\" content=\"Si vous en avez dans votre jardin n&#039;essayez pas de la couper\" \/>\n\t\t<script type=\"application\/ld+json\" class=\"aioseo-schema\">\n\t\t\t{\"@context\":\"https:\\\/\\\/schema.org\",\"@graph\":[{\"@type\":\"Article\",\"@id\":\"https:\\\/\\\/www.espacegraphique.com\\\/blog\\\/photos\\\/berce-du-caucase-ou-heracleum-mantegazzianum-1543#article\",\"name\":\"Berce du Caucase ou Heracleum mantegazzianum | Espace Graphique\",\"headline\":\"Berce du Caucase ou Heracleum mantegazzianum\",\"author\":{\"@id\":\"https:\\\/\\\/www.espacegraphique.com\\\/blog\\\/author\\\/admin#author\"},\"publisher\":{\"@id\":\"https:\\\/\\\/www.espacegraphique.com\\\/blog\\\/#organization\"},\"image\":{\"@type\":\"ImageObject\",\"url\":\"https:\\\/\\\/www.espacegraphique.com\\\/blog\\\/wp-content\\\/uploads\\\/2012\\\/09\\\/Berce-du-caucase.jpg\",\"width\":630,\"height\":240,\"caption\":\"Berce du Caucase\"},\"datePublished\":\"2012-09-28T21:12:44+02:00\",\"dateModified\":\"2013-12-19T09:45:52+02:00\",\"inLanguage\":\"fr-FR\",\"commentCount\":4,\"mainEntityOfPage\":{\"@id\":\"https:\\\/\\\/www.espacegraphique.com\\\/blog\\\/photos\\\/berce-du-caucase-ou-heracleum-mantegazzianum-1543#webpage\"},\"isPartOf\":{\"@id\":\"https:\\\/\\\/www.espacegraphique.com\\\/blog\\\/photos\\\/berce-du-caucase-ou-heracleum-mantegazzianum-1543#webpage\"},\"articleSection\":\"Photos, feuille, ombelle\"},{\"@type\":\"BreadcrumbList\",\"@id\":\"https:\\\/\\\/www.espacegraphique.com\\\/blog\\\/photos\\\/berce-du-caucase-ou-heracleum-mantegazzianum-1543#breadcrumblist\",\"itemListElement\":[{\"@type\":\"ListItem\",\"@id\":\"https:\\\/\\\/www.espacegraphique.com\\\/blog#listItem\",\"position\":1,\"name\":\"Accueil\",\"item\":\"https:\\\/\\\/www.espacegraphique.com\\\/blog\",\"nextItem\":{\"@type\":\"ListItem\",\"@id\":\"https:\\\/\\\/www.espacegraphique.com\\\/blog\\\/planche\\\/photos#listItem\",\"name\":\"Photos\"}},{\"@type\":\"ListItem\",\"@id\":\"https:\\\/\\\/www.espacegraphique.com\\\/blog\\\/planche\\\/photos#listItem\",\"position\":2,\"name\":\"Photos\",\"item\":\"https:\\\/\\\/www.espacegraphique.com\\\/blog\\\/planche\\\/photos\",\"nextItem\":{\"@type\":\"ListItem\",\"@id\":\"https:\\\/\\\/www.espacegraphique.com\\\/blog\\\/photos\\\/berce-du-caucase-ou-heracleum-mantegazzianum-1543#listItem\",\"name\":\"Berce du Caucase ou Heracleum mantegazzianum\"},\"previousItem\":{\"@type\":\"ListItem\",\"@id\":\"https:\\\/\\\/www.espacegraphique.com\\\/blog#listItem\",\"name\":\"Accueil\"}},{\"@type\":\"ListItem\",\"@id\":\"https:\\\/\\\/www.espacegraphique.com\\\/blog\\\/photos\\\/berce-du-caucase-ou-heracleum-mantegazzianum-1543#listItem\",\"position\":3,\"name\":\"Berce du Caucase ou Heracleum mantegazzianum\",\"previousItem\":{\"@type\":\"ListItem\",\"@id\":\"https:\\\/\\\/www.espacegraphique.com\\\/blog\\\/planche\\\/photos#listItem\",\"name\":\"Photos\"}}]},{\"@type\":\"Organization\",\"@id\":\"https:\\\/\\\/www.espacegraphique.com\\\/blog\\\/#organization\",\"name\":\"Espace Graphique\",\"description\":\"Mon petit journal graphique\",\"url\":\"https:\\\/\\\/www.espacegraphique.com\\\/blog\\\/\"},{\"@type\":\"Person\",\"@id\":\"https:\\\/\\\/www.espacegraphique.com\\\/blog\\\/author\\\/admin#author\",\"url\":\"https:\\\/\\\/www.espacegraphique.com\\\/blog\\\/author\\\/admin\",\"name\":\"Yann\",\"image\":{\"@type\":\"ImageObject\",\"@id\":\"https:\\\/\\\/www.espacegraphique.com\\\/blog\\\/photos\\\/berce-du-caucase-ou-heracleum-mantegazzianum-1543#authorImage\",\"url\":\"https:\\\/\\\/secure.gravatar.com\\\/avatar\\\/05f8f89222152d60c127ff66d91f94e5ad916730aa5d5be07144ab977018dd0d?s=96&r=g\",\"width\":96,\"height\":96,\"caption\":\"Yann\"}},{\"@type\":\"WebPage\",\"@id\":\"https:\\\/\\\/www.espacegraphique.com\\\/blog\\\/photos\\\/berce-du-caucase-ou-heracleum-mantegazzianum-1543#webpage\",\"url\":\"https:\\\/\\\/www.espacegraphique.com\\\/blog\\\/photos\\\/berce-du-caucase-ou-heracleum-mantegazzianum-1543\",\"name\":\"Berce du Caucase ou Heracleum mantegazzianum | Espace Graphique\",\"description\":\"Si vous en avez dans votre jardin n'essayez pas de la couper\",\"inLanguage\":\"fr-FR\",\"isPartOf\":{\"@id\":\"https:\\\/\\\/www.espacegraphique.com\\\/blog\\\/#website\"},\"breadcrumb\":{\"@id\":\"https:\\\/\\\/www.espacegraphique.com\\\/blog\\\/photos\\\/berce-du-caucase-ou-heracleum-mantegazzianum-1543#breadcrumblist\"},\"author\":{\"@id\":\"https:\\\/\\\/www.espacegraphique.com\\\/blog\\\/author\\\/admin#author\"},\"creator\":{\"@id\":\"https:\\\/\\\/www.espacegraphique.com\\\/blog\\\/author\\\/admin#author\"},\"image\":{\"@type\":\"ImageObject\",\"url\":\"https:\\\/\\\/www.espacegraphique.com\\\/blog\\\/wp-content\\\/uploads\\\/2012\\\/09\\\/Berce-du-caucase.jpg\",\"@id\":\"https:\\\/\\\/www.espacegraphique.com\\\/blog\\\/photos\\\/berce-du-caucase-ou-heracleum-mantegazzianum-1543\\\/#mainImage\",\"width\":630,\"height\":240,\"caption\":\"Berce du Caucase\"},\"primaryImageOfPage\":{\"@id\":\"https:\\\/\\\/www.espacegraphique.com\\\/blog\\\/photos\\\/berce-du-caucase-ou-heracleum-mantegazzianum-1543#mainImage\"},\"datePublished\":\"2012-09-28T21:12:44+02:00\",\"dateModified\":\"2013-12-19T09:45:52+02:00\"},{\"@type\":\"WebSite\",\"@id\":\"https:\\\/\\\/www.espacegraphique.com\\\/blog\\\/#website\",\"url\":\"https:\\\/\\\/www.espacegraphique.com\\\/blog\\\/\",\"name\":\"Espace Graphique\",\"description\":\"Mon petit journal graphique\",\"inLanguage\":\"fr-FR\",\"publisher\":{\"@id\":\"https:\\\/\\\/www.espacegraphique.com\\\/blog\\\/#organization\"}}]}\n\t\t<\/script>\n\t\t<!-- All in One SEO -->\n\n","aioseo_head_json":{"title":"Berce du Caucase ou Heracleum mantegazzianum | Espace Graphique","description":"Si vous en avez dans votre jardin n'essayez pas de la couper","canonical_url":"https:\/\/www.espacegraphique.com\/blog\/photos\/berce-du-caucase-ou-heracleum-mantegazzianum-1543","robots":"max-image-preview:large","keywords":"","webmasterTools":{"miscellaneous":""},"schema":{"@context":"https:\/\/schema.org","@graph":[{"@type":"Article","@id":"https:\/\/www.espacegraphique.com\/blog\/photos\/berce-du-caucase-ou-heracleum-mantegazzianum-1543#article","name":"Berce du Caucase ou Heracleum mantegazzianum | Espace Graphique","headline":"Berce du Caucase ou Heracleum mantegazzianum","author":{"@id":"https:\/\/www.espacegraphique.com\/blog\/author\/admin#author"},"publisher":{"@id":"https:\/\/www.espacegraphique.com\/blog\/#organization"},"image":{"@type":"ImageObject","url":"https:\/\/www.espacegraphique.com\/blog\/wp-content\/uploads\/2012\/09\/Berce-du-caucase.jpg","width":630,"height":240,"caption":"Berce du Caucase"},"datePublished":"2012-09-28T21:12:44+02:00","dateModified":"2013-12-19T09:45:52+02:00","inLanguage":"fr-FR","commentCount":4,"mainEntityOfPage":{"@id":"https:\/\/www.espacegraphique.com\/blog\/photos\/berce-du-caucase-ou-heracleum-mantegazzianum-1543#webpage"},"isPartOf":{"@id":"https:\/\/www.espacegraphique.com\/blog\/photos\/berce-du-caucase-ou-heracleum-mantegazzianum-1543#webpage"},"articleSection":"Photos, feuille, ombelle"},{"@type":"BreadcrumbList","@id":"https:\/\/www.espacegraphique.com\/blog\/photos\/berce-du-caucase-ou-heracleum-mantegazzianum-1543#breadcrumblist","itemListElement":[{"@type":"ListItem","@id":"https:\/\/www.espacegraphique.com\/blog#listItem","position":1,"name":"Accueil","item":"https:\/\/www.espacegraphique.com\/blog","nextItem":{"@type":"ListItem","@id":"https:\/\/www.espacegraphique.com\/blog\/planche\/photos#listItem","name":"Photos"}},{"@type":"ListItem","@id":"https:\/\/www.espacegraphique.com\/blog\/planche\/photos#listItem","position":2,"name":"Photos","item":"https:\/\/www.espacegraphique.com\/blog\/planche\/photos","nextItem":{"@type":"ListItem","@id":"https:\/\/www.espacegraphique.com\/blog\/photos\/berce-du-caucase-ou-heracleum-mantegazzianum-1543#listItem","name":"Berce du Caucase ou Heracleum mantegazzianum"},"previousItem":{"@type":"ListItem","@id":"https:\/\/www.espacegraphique.com\/blog#listItem","name":"Accueil"}},{"@type":"ListItem","@id":"https:\/\/www.espacegraphique.com\/blog\/photos\/berce-du-caucase-ou-heracleum-mantegazzianum-1543#listItem","position":3,"name":"Berce du Caucase ou Heracleum mantegazzianum","previousItem":{"@type":"ListItem","@id":"https:\/\/www.espacegraphique.com\/blog\/planche\/photos#listItem","name":"Photos"}}]},{"@type":"Organization","@id":"https:\/\/www.espacegraphique.com\/blog\/#organization","name":"Espace Graphique","description":"Mon petit journal graphique","url":"https:\/\/www.espacegraphique.com\/blog\/"},{"@type":"Person","@id":"https:\/\/www.espacegraphique.com\/blog\/author\/admin#author","url":"https:\/\/www.espacegraphique.com\/blog\/author\/admin","name":"Yann","image":{"@type":"ImageObject","@id":"https:\/\/www.espacegraphique.com\/blog\/photos\/berce-du-caucase-ou-heracleum-mantegazzianum-1543#authorImage","url":"https:\/\/secure.gravatar.com\/avatar\/05f8f89222152d60c127ff66d91f94e5ad916730aa5d5be07144ab977018dd0d?s=96&r=g","width":96,"height":96,"caption":"Yann"}},{"@type":"WebPage","@id":"https:\/\/www.espacegraphique.com\/blog\/photos\/berce-du-caucase-ou-heracleum-mantegazzianum-1543#webpage","url":"https:\/\/www.espacegraphique.com\/blog\/photos\/berce-du-caucase-ou-heracleum-mantegazzianum-1543","name":"Berce du Caucase ou Heracleum mantegazzianum | Espace Graphique","description":"Si vous en avez dans votre jardin n'essayez pas de la couper","inLanguage":"fr-FR","isPartOf":{"@id":"https:\/\/www.espacegraphique.com\/blog\/#website"},"breadcrumb":{"@id":"https:\/\/www.espacegraphique.com\/blog\/photos\/berce-du-caucase-ou-heracleum-mantegazzianum-1543#breadcrumblist"},"author":{"@id":"https:\/\/www.espacegraphique.com\/blog\/author\/admin#author"},"creator":{"@id":"https:\/\/www.espacegraphique.com\/blog\/author\/admin#author"},"image":{"@type":"ImageObject","url":"https:\/\/www.espacegraphique.com\/blog\/wp-content\/uploads\/2012\/09\/Berce-du-caucase.jpg","@id":"https:\/\/www.espacegraphique.com\/blog\/photos\/berce-du-caucase-ou-heracleum-mantegazzianum-1543\/#mainImage","width":630,"height":240,"caption":"Berce du Caucase"},"primaryImageOfPage":{"@id":"https:\/\/www.espacegraphique.com\/blog\/photos\/berce-du-caucase-ou-heracleum-mantegazzianum-1543#mainImage"},"datePublished":"2012-09-28T21:12:44+02:00","dateModified":"2013-12-19T09:45:52+02:00"},{"@type":"WebSite","@id":"https:\/\/www.espacegraphique.com\/blog\/#website","url":"https:\/\/www.espacegraphique.com\/blog\/","name":"Espace Graphique","description":"Mon petit journal graphique","inLanguage":"fr-FR","publisher":{"@id":"https:\/\/www.espacegraphique.com\/blog\/#organization"}}]},"og:locale":"fr_FR","og:site_name":"Espace Graphique | Mon petit journal graphique","og:type":"article","og:title":"Berce du Caucase ou Heracleum mantegazzianum | Espace Graphique","og:description":"Si vous en avez dans votre jardin n'essayez pas de la couper","og:url":"https:\/\/www.espacegraphique.com\/blog\/photos\/berce-du-caucase-ou-heracleum-mantegazzianum-1543","article:published_time":"2012-09-28T19:12:44+00:00","article:modified_time":"2013-12-19T07:45:52+00:00","twitter:card":"summary","twitter:title":"Berce du Caucase ou Heracleum mantegazzianum | Espace Graphique","twitter:description":"Si vous en avez dans votre jardin n'essayez pas de la couper"},"aioseo_meta_data":{"post_id":"1543","title":"Berce du Caucase ou Heracleum mantegazzianum | #site_title","description":"Si vous en avez dans votre jardin n'essayez pas de la couper","keywords":[{"label":"Berce","value":"Berce"},{"label":"Caucase","value":"Caucase"},{"label":"Heracleum","value":"Heracleum"},{"label":"mantegazzianum","value":"mantegazzianum"}],"keyphrases":null,"primary_term":null,"canonical_url":null,"og_title":null,"og_description":null,"og_object_type":"default","og_image_type":"default","og_image_url":null,"og_image_width":null,"og_image_height":null,"og_image_custom_url":null,"og_image_custom_fields":null,"og_video":null,"og_custom_url":null,"og_article_section":null,"og_article_tags":null,"twitter_use_og":false,"twitter_card":"default","twitter_image_type":"default","twitter_image_url":null,"twitter_image_custom_url":null,"twitter_image_custom_fields":null,"twitter_title":null,"twitter_description":null,"schema":{"blockGraphs":[],"customGraphs":[],"default":{"data":{"Article":[],"Course":[],"Dataset":[],"FAQPage":[],"Movie":[],"Person":[],"Product":[],"ProductReview":[],"Car":[],"Recipe":[],"Service":[],"SoftwareApplication":[],"WebPage":[]},"graphName":"","isEnabled":true},"graphs":[]},"schema_type":"default","schema_type_options":null,"pillar_content":false,"robots_default":true,"robots_noindex":false,"robots_noarchive":false,"robots_nosnippet":false,"robots_nofollow":false,"robots_noimageindex":false,"robots_noodp":false,"robots_notranslate":false,"robots_max_snippet":null,"robots_max_videopreview":null,"robots_max_imagepreview":"large","priority":null,"frequency":null,"local_seo":null,"limit_modified_date":false,"created":"2022-03-30 17:13:05","updated":"2026-08-22 01:11:33","focus_keyword":null,"additional_keywords":null,"truseo_locale":null,"ai":null,"breadcrumb_settings":null,"seo_analyzer_scan_date":null},"aioseo_breadcrumb":"<div class=\"aioseo-breadcrumbs\"><span class=\"aioseo-breadcrumb\">\n\t\t\t<a href=\"https:\/\/www.espacegraphique.com\/blog\" title=\"Accueil\">Accueil<\/a>\n\t\t<\/span><span class=\"aioseo-breadcrumb-separator\">&raquo;<\/span><span class=\"aioseo-breadcrumb\">\n\t\t\t<a href=\"https:\/\/www.espacegraphique.com\/blog\/planche\/photos\" title=\"Photos\">Photos<\/a>\n\t\t<\/span><span class=\"aioseo-breadcrumb-separator\">&raquo;<\/span><span class=\"aioseo-breadcrumb\">\n\t\t\tBerce du Caucase ou Heracleum mantegazzianum\n\t\t<\/span><\/div>","aioseo_breadcrumb_json":[{"label":"Accueil","link":"https:\/\/www.espacegraphique.com\/blog"},{"label":"Photos","link":"https:\/\/www.espacegraphique.com\/blog\/planche\/photos"},{"label":"Berce du Caucase ou Heracleum mantegazzianum","link":"https:\/\/www.espacegraphique.com\/blog\/photos\/berce-du-caucase-ou-heracleum-mantegazzianum-1543"}],"_links":{"self":[{"href":"https:\/\/www.espacegraphique.com\/blog\/wp-json\/wp\/v2\/posts\/1543","targetHints":{"allow":["GET"]}}],"collection":[{"href":"https:\/\/www.espacegraphique.com\/blog\/wp-json\/wp\/v2\/posts"}],"about":[{"href":"https:\/\/www.espacegraphique.com\/blog\/wp-json\/wp\/v2\/types\/post"}],"author":[{"embeddable":true,"href":"https:\/\/www.espacegraphique.com\/blog\/wp-json\/wp\/v2\/users\/1"}],"replies":[{"embeddable":true,"href":"https:\/\/www.espacegraphique.com\/blog\/wp-json\/wp\/v2\/comments?post=1543"}],"version-history":[{"count":8,"href":"https:\/\/www.espacegraphique.com\/blog\/wp-json\/wp\/v2\/posts\/1543\/revisions"}],"predecessor-version":[{"id":2349,"href":"https:\/\/www.espacegraphique.com\/blog\/wp-json\/wp\/v2\/posts\/1543\/revisions\/2349"}],"wp:featuredmedia":[{"embeddable":true,"href":"https:\/\/www.espacegraphique.com\/blog\/wp-json\/wp\/v2\/media\/1544"}],"wp:attachment":[{"href":"https:\/\/www.espacegraphique.com\/blog\/wp-json\/wp\/v2\/media?parent=1543"}],"wp:term":[{"taxonomy":"category","embeddable":true,"href":"https:\/\/www.espacegraphique.com\/blog\/wp-json\/wp\/v2\/categories?post=1543"},{"taxonomy":"post_tag","embeddable":true,"href":"https:\/\/www.espacegraphique.com\/blog\/wp-json\/wp\/v2\/tags?post=1543"}],"curies":[{"name":"wp","href":"https:\/\/api.w.org\/{rel}","templated":true}]}}