{"id":1596,"date":"2012-10-22T10:12:35","date_gmt":"2012-10-22T08:12:35","guid":{"rendered":"http:\/\/www.espacegraphique.com\/blog\/?p=1596"},"modified":"2013-12-19T09:38:37","modified_gmt":"2013-12-19T07:38:37","slug":"croquis-de-cosmos","status":"publish","type":"post","link":"https:\/\/www.espacegraphique.com\/blog\/carton\/dessins\/croquis-de-cosmos-1596","title":{"rendered":"Croquis de Cosmos"},"content":{"rendered":"<p><strong>Le pied de <a href=\"https:\/\/www.espacegraphique.com\/asteracees\/cosmos.php\"><em>Cosmos<\/em><\/a>\u00a0a fleuri et j&rsquo;en ai coup\u00e9 quelques tiges pour mettre dans un vase.<\/strong><\/p>\n<p>A mon grand \u00e9tonnement cette floraison qui semble fragile a une tr\u00e8s bonne tenue, les boutons poursuivant leur ouverture pendant plus d&rsquo;une semaine.<\/p>\n<p>Il faut dire que les <a href=\"https:\/\/www.espacegraphique.com\/asteracees\/gerbera.php\">Ast\u00e9rac\u00e9es<\/a> sont des fleurs simples group\u00e9es en capitules, une structure plus robuste que des fleurs doubles comme les pivoines.<\/p>\n<p>A l&rsquo;arri\u00e8re du capitule, les bract\u00e9es de l&rsquo;involucre dont la texture ressemble \u00e0 du plastique pour sa brillance et son cot\u00e9 cireux. Ces bract\u00e9es forment l&rsquo;enveloppe de l&rsquo;inflorescence contrairement aux 8 bract\u00e9es inf\u00e9rieures qui semblent prot\u00e9ger l&rsquo;axe des chocs avant l&rsquo;ouverture.<\/p>\n<p>Ce bouquet champ\u00eatre m&rsquo;a sembl\u00e9 \u00eatre un bon client pour un petit croquis au crayon.<\/p>\n<figure id=\"attachment_1600\" aria-describedby=\"caption-attachment-1600\" style=\"width: 225px\" class=\"wp-caption aligncenter\"><a href=\"https:\/\/www.espacegraphique.com\/blog\/wp-content\/uploads\/2012\/10\/cosmos.jpg\"><img loading=\"lazy\" decoding=\"async\" class=\"size-medium wp-image-1600\" title=\"Cosmos\" alt=\"Cosmos\" src=\"https:\/\/www.espacegraphique.com\/blog\/wp-content\/uploads\/2012\/10\/cosmos-225x300.jpg\" width=\"225\" height=\"300\" srcset=\"https:\/\/www.espacegraphique.com\/blog\/wp-content\/uploads\/2012\/10\/cosmos-225x300.jpg 225w, https:\/\/www.espacegraphique.com\/blog\/wp-content\/uploads\/2012\/10\/cosmos-768x1024.jpg 768w, https:\/\/www.espacegraphique.com\/blog\/wp-content\/uploads\/2012\/10\/cosmos.jpg 960w\" sizes=\"auto, (max-width: 225px) 100vw, 225px\" \/><\/a><figcaption id=\"caption-attachment-1600\" class=\"wp-caption-text\">Cosmos<\/figcaption><\/figure>\n","protected":false},"excerpt":{"rendered":"<p>Ce bouquet champ\u00eatre m&rsquo;a sembl\u00e9 \u00eatre un bon client pour un petit croquis au crayon.<\/p>\n","protected":false},"author":1,"featured_media":1597,"comment_status":"open","ping_status":"open","sticky":false,"template":"","format":"standard","meta":{"footnotes":""},"categories":[191,129],"tags":[172,12],"class_list":["post-1596","post","type-post","status-publish","format-standard","has-post-thumbnail","hentry","category-carton","category-dessins","tag-croquis","tag-fleur"],"aioseo_notices":[],"_links":{"self":[{"href":"https:\/\/www.espacegraphique.com\/blog\/wp-json\/wp\/v2\/posts\/1596","targetHints":{"allow":["GET"]}}],"collection":[{"href":"https:\/\/www.espacegraphique.com\/blog\/wp-json\/wp\/v2\/posts"}],"about":[{"href":"https:\/\/www.espacegraphique.com\/blog\/wp-json\/wp\/v2\/types\/post"}],"author":[{"embeddable":true,"href":"https:\/\/www.espacegraphique.com\/blog\/wp-json\/wp\/v2\/users\/1"}],"replies":[{"embeddable":true,"href":"https:\/\/www.espacegraphique.com\/blog\/wp-json\/wp\/v2\/comments?post=1596"}],"version-history":[{"count":9,"href":"https:\/\/www.espacegraphique.com\/blog\/wp-json\/wp\/v2\/posts\/1596\/revisions"}],"predecessor-version":[{"id":2344,"href":"https:\/\/www.espacegraphique.com\/blog\/wp-json\/wp\/v2\/posts\/1596\/revisions\/2344"}],"wp:featuredmedia":[{"embeddable":true,"href":"https:\/\/www.espacegraphique.com\/blog\/wp-json\/wp\/v2\/media\/1597"}],"wp:attachment":[{"href":"https:\/\/www.espacegraphique.com\/blog\/wp-json\/wp\/v2\/media?parent=1596"}],"wp:term":[{"taxonomy":"category","embeddable":true,"href":"https:\/\/www.espacegraphique.com\/blog\/wp-json\/wp\/v2\/categories?post=1596"},{"taxonomy":"post_tag","embeddable":true,"href":"https:\/\/www.espacegraphique.com\/blog\/wp-json\/wp\/v2\/tags?post=1596"}],"curies":[{"name":"wp","href":"https:\/\/api.w.org\/{rel}","templated":true}]}}