{"id":177,"date":"2010-04-04T17:41:25","date_gmt":"2010-04-04T16:41:25","guid":{"rendered":"http:\/\/www.espacegraphique.com\/blog\/?p=177"},"modified":"2012-12-31T19:21:06","modified_gmt":"2012-12-31T17:21:06","slug":"fleurs-de-gui-male","status":"publish","type":"post","link":"https:\/\/www.espacegraphique.com\/blog\/photos\/fleurs-de-gui-male-177","title":{"rendered":"Fleurs de gui m\u00e2le"},"content":{"rendered":"<figure id=\"attachment_176\" aria-describedby=\"caption-attachment-176\" style=\"width: 300px\" class=\"wp-caption alignleft\"><a href=\"https:\/\/www.espacegraphique.com\/blog\/wp-content\/uploads\/2010\/04\/gui-fleur.jpg\"><img loading=\"lazy\" decoding=\"async\" class=\"size-medium wp-image-176\" title=\"Fleurs de gui\" alt=\"Fleurs de gui\" src=\"https:\/\/www.espacegraphique.com\/blog\/wp-content\/uploads\/2010\/04\/gui-fleur-300x225.jpg\" width=\"300\" height=\"225\" srcset=\"https:\/\/www.espacegraphique.com\/blog\/wp-content\/uploads\/2010\/04\/gui-fleur-300x225.jpg 300w, https:\/\/www.espacegraphique.com\/blog\/wp-content\/uploads\/2010\/04\/gui-fleur.jpg 910w\" sizes=\"auto, (max-width: 300px) 100vw, 300px\" \/><\/a><figcaption id=\"caption-attachment-176\" class=\"wp-caption-text\">Fleurs de gui<\/figcaption><\/figure>\n<p>Apr\u00e8s plusieurs essais infructueux, j&rsquo;ai r\u00e9ussi \u00e0 prendre en photo ce groupe de fleurs de <a href=\"https:\/\/www.espacegraphique.com\/loranthacees\/gui.php\">gui<\/a>.<\/p>\n<p>Une petite \u00e9toile \u00e0 quatre pointes en ogives, en ce point il y a des similitudes avec le <a title=\"Lilas\" href=\"https:\/\/www.espacegraphique.com\/oleacees\/syringa-vulgaris.php\">Lilas<\/a>, la couleur jaune citron et la disposition sont cependant bien diff\u00e9rentes.<\/p>\n<p>Ce sont des fleurs de gui m\u00e2les avec quatre t\u00e9pales et anth\u00e8res, contrairement \u00e0 un article pr\u00e9c\u00e9dent ou \u00e9tait pr\u00e9sent\u00e9 la <a title=\"Fleur de gui femelle\" href=\"https:\/\/www.espacegraphique.com\/blog\/photos\/fleur-de-gui-168\">fleur de gui femelle<\/a> que je n&rsquo;avais pas encore bien identifi\u00e9e.<\/p>\n<p>Ici encore sans un objectif macro impossible de saisir les d\u00e9tails de la fleur m\u00e2le comme la femelle.<\/p>\n<p>Cette plante parasite demande un peu de courage et d&rsquo;\u00e9quipement pour \u00eatre pr\u00e9sent au bon moment avec le bon mat\u00e9riel.<\/p>\n","protected":false},"excerpt":{"rendered":"<p>Ce sont des fleurs de gui m\u00e2les avec quatre t\u00e9pales et anth\u00e8res.<\/p>\n","protected":false},"author":1,"featured_media":0,"comment_status":"open","ping_status":"open","sticky":false,"template":"","format":"standard","meta":{"footnotes":""},"categories":[13],"tags":[79,77,12,64,76,67,75,51,78],"class_list":["post-177","post","type-post","status-publish","format-standard","hentry","category-photos","tag-antheres","tag-etoile","tag-fleur","tag-gui","tag-jaune-citron","tag-macro","tag-male","tag-photo","tag-tepales"],"aioseo_notices":[],"_links":{"self":[{"href":"https:\/\/www.espacegraphique.com\/blog\/wp-json\/wp\/v2\/posts\/177","targetHints":{"allow":["GET"]}}],"collection":[{"href":"https:\/\/www.espacegraphique.com\/blog\/wp-json\/wp\/v2\/posts"}],"about":[{"href":"https:\/\/www.espacegraphique.com\/blog\/wp-json\/wp\/v2\/types\/post"}],"author":[{"embeddable":true,"href":"https:\/\/www.espacegraphique.com\/blog\/wp-json\/wp\/v2\/users\/1"}],"replies":[{"embeddable":true,"href":"https:\/\/www.espacegraphique.com\/blog\/wp-json\/wp\/v2\/comments?post=177"}],"version-history":[{"count":5,"href":"https:\/\/www.espacegraphique.com\/blog\/wp-json\/wp\/v2\/posts\/177\/revisions"}],"predecessor-version":[{"id":1724,"href":"https:\/\/www.espacegraphique.com\/blog\/wp-json\/wp\/v2\/posts\/177\/revisions\/1724"}],"wp:attachment":[{"href":"https:\/\/www.espacegraphique.com\/blog\/wp-json\/wp\/v2\/media?parent=177"}],"wp:term":[{"taxonomy":"category","embeddable":true,"href":"https:\/\/www.espacegraphique.com\/blog\/wp-json\/wp\/v2\/categories?post=177"},{"taxonomy":"post_tag","embeddable":true,"href":"https:\/\/www.espacegraphique.com\/blog\/wp-json\/wp\/v2\/tags?post=177"}],"curies":[{"name":"wp","href":"https:\/\/api.w.org\/{rel}","templated":true}]}}