{"id":1796,"date":"2013-02-27T00:17:04","date_gmt":"2013-02-26T22:17:04","guid":{"rendered":"http:\/\/www.espacegraphique.com\/blog\/?p=1796"},"modified":"2013-12-19T00:00:40","modified_gmt":"2013-12-18T22:00:40","slug":"la-rotation-des-fleurs-de-la-basilique-cathedrale-saint-denis","status":"publish","type":"post","link":"https:\/\/www.espacegraphique.com\/blog\/photos\/la-rotation-des-fleurs-de-la-basilique-cathedrale-saint-denis-1796","title":{"rendered":"La rotation des fleurs de la Basilique Cath\u00e9drale Saint-Denis"},"content":{"rendered":"<p><strong>Pour illustrer cet article, j&rsquo;ai choisi une poign\u00e9e de portail en forme de fleur, car celle-ci a la particularit\u00e9 de tourner pour nous ouvrir le passage du profane* au sacr\u00e9.<\/strong><\/p>\n<p>Dans la Basilique Cath\u00e9drale de Saint-Denis reposent d&rsquo;autres marguerites c\u00e9l\u00e8bres, cependant cette fleur n&rsquo;est pas embl\u00e9matique de cette n\u00e9cropole royale.<\/p>\n<p>En effet on y trouve \u00e9galement de nombreuses fleurs de lys sculpt\u00e9es \u00e0 la verticale ou \u00e0 l&rsquo;horizontale (sur les gisants). De mani\u00e8re g\u00e9om\u00e9trique, la rotation de la fleur est donc de 90\u00b0, la symbolique de cette rotation pour un humain nous indique souvent la mort.<\/p>\n<figure id=\"attachment_1798\" aria-describedby=\"caption-attachment-1798\" style=\"width: 500px\" class=\"wp-caption aligncenter\"><a href=\"https:\/\/www.espacegraphique.com\/blog\/wp-content\/uploads\/2013\/02\/henri-2.jpg\"><img loading=\"lazy\" decoding=\"async\" class=\"size-full wp-image-1798 \" alt=\"Henri II\" src=\"https:\/\/www.espacegraphique.com\/blog\/wp-content\/uploads\/2013\/02\/henri-2.jpg\" width=\"500\" height=\"375\" srcset=\"https:\/\/www.espacegraphique.com\/blog\/wp-content\/uploads\/2013\/02\/henri-2.jpg 500w, https:\/\/www.espacegraphique.com\/blog\/wp-content\/uploads\/2013\/02\/henri-2-300x225.jpg 300w\" sizes=\"auto, (max-width: 500px) 100vw, 500px\" \/><\/a><figcaption id=\"caption-attachment-1798\" class=\"wp-caption-text\">Henri II avec fleurs de Lys.<\/figcaption><\/figure>\n<p>Couronnes, boucliers, une bonne centaine de fleurs de lys horizontales se trouvent repr\u00e9sent\u00e9es ici.<\/p>\n<p>Pourtant, le symbole le plus repris \u00e0 Saint-Denis est celui d&rsquo;une fleur \u00e0 6 p\u00e9tales, visible notamment au niveau des rosaces.<\/p>\n<figure id=\"attachment_1802\" aria-describedby=\"caption-attachment-1802\" style=\"width: 375px\" class=\"wp-caption aligncenter\"><a href=\"https:\/\/www.espacegraphique.com\/blog\/wp-content\/uploads\/2013\/02\/ducs-d-orleans.jpg\"><img loading=\"lazy\" decoding=\"async\" class=\"size-full wp-image-1802 \" alt=\"Ducs d'Orl\u00e9ans\" src=\"https:\/\/www.espacegraphique.com\/blog\/wp-content\/uploads\/2013\/02\/ducs-d-orleans.jpg\" width=\"375\" height=\"500\" srcset=\"https:\/\/www.espacegraphique.com\/blog\/wp-content\/uploads\/2013\/02\/ducs-d-orleans.jpg 375w, https:\/\/www.espacegraphique.com\/blog\/wp-content\/uploads\/2013\/02\/ducs-d-orleans-225x300.jpg 225w\" sizes=\"auto, (max-width: 375px) 100vw, 375px\" \/><\/a><figcaption id=\"caption-attachment-1802\" class=\"wp-caption-text\">Ducs d&rsquo;Orl\u00e9ans<\/figcaption><\/figure>\n<figure id=\"attachment_1800\" aria-describedby=\"caption-attachment-1800\" style=\"width: 225px\" class=\"wp-caption aligncenter\"><a href=\"https:\/\/www.espacegraphique.com\/blog\/wp-content\/uploads\/2013\/02\/rose-transept-nord.jpg\"><img loading=\"lazy\" decoding=\"async\" class=\"size-medium wp-image-1800 \" alt=\"Rose du transept Nord\" src=\"https:\/\/www.espacegraphique.com\/blog\/wp-content\/uploads\/2013\/02\/rose-transept-nord-225x300.jpg\" width=\"225\" height=\"300\" srcset=\"https:\/\/www.espacegraphique.com\/blog\/wp-content\/uploads\/2013\/02\/rose-transept-nord-225x300.jpg 225w, https:\/\/www.espacegraphique.com\/blog\/wp-content\/uploads\/2013\/02\/rose-transept-nord-768x1024.jpg 768w\" sizes=\"auto, (max-width: 225px) 100vw, 225px\" \/><\/a><figcaption id=\"caption-attachment-1800\" class=\"wp-caption-text\">Rose du transept Nord de Saint-Denis<\/figcaption><\/figure>\n<p>Ce motif se retrouve sous plusieurs formes avec une version ou la fleur repose sur sa pointe, une autre plus stable ou la rosace repose sur ses deux p\u00e9tales.<\/p>\n<p>Dans la rose du transept, de nombreuses phases en marge d\u00e9composent cette rotation.<\/p>\n<p>On retrouvera cette version stable sur deux pointes dans la Cath\u00e9drale de Reims.<\/p>\n<p>Pour la plus commune, le motif \u00e0 6 lobes qui repose sur la pointe, il suffit de regarder le dallage de la chapelle de la Vierge pour \u00eatre convaincu que celui-ci est le <a href=\"https:\/\/www.espacegraphique.com\/liliacees\/lilium.php\">Lis<\/a> de la Madone.<\/p>\n<figure id=\"attachment_1803\" aria-describedby=\"caption-attachment-1803\" style=\"width: 384px\" class=\"wp-caption aligncenter\"><a href=\"https:\/\/www.espacegraphique.com\/blog\/wp-content\/uploads\/2013\/02\/chapelle-de-la-vierge.jpg\"><img loading=\"lazy\" decoding=\"async\" class=\"size-full wp-image-1803 \" alt=\"Dallage de la Chapelle de la Vierge\" src=\"https:\/\/www.espacegraphique.com\/blog\/wp-content\/uploads\/2013\/02\/chapelle-de-la-vierge.jpg\" width=\"384\" height=\"500\" srcset=\"https:\/\/www.espacegraphique.com\/blog\/wp-content\/uploads\/2013\/02\/chapelle-de-la-vierge.jpg 384w, https:\/\/www.espacegraphique.com\/blog\/wp-content\/uploads\/2013\/02\/chapelle-de-la-vierge-230x300.jpg 230w\" sizes=\"auto, (max-width: 384px) 100vw, 384px\" \/><\/a><figcaption id=\"caption-attachment-1803\" class=\"wp-caption-text\">Dallage de la Chapelle de la Vierge<\/figcaption><\/figure>\n<p>C&rsquo;est ici sous nos yeux : Le Lis (<a href=\"https:\/\/www.espacegraphique.com\/liliacees\/liliaceae.php\">Liliac\u00e9es<\/a>), vu du dessus a 6 t\u00e9pales identiques et symbolise couramment la Vierge Marie.<\/p>\n<p>La fleur de Lys est un Iris (<a href=\"https:\/\/www.espacegraphique.com\/iridacees\/iridaceae.php\">Iridac\u00e9es<\/a>). Vu de profil, il est le symbole de la royaut\u00e9 en France. Botaniquement, il dispose \u00e9galement de six pi\u00e8ces florales, 3 p\u00e9tales et 3 s\u00e9pales.<\/p>\n<p>&nbsp;<\/p>\n<p>* <em>Profane<\/em> : Devant le temple<\/p>\n","protected":false},"excerpt":{"rendered":"<p>Cette fleur \u00e0 la particularit\u00e9 de tourner pour nous permettre le passage du profane au sacr\u00e9.<\/p>\n","protected":false},"author":1,"featured_media":1797,"comment_status":"open","ping_status":"open","sticky":false,"template":"","format":"standard","meta":{"footnotes":""},"categories":[13,144],"tags":[96,254,143],"class_list":["post-1796","post","type-post","status-publish","format-standard","has-post-thumbnail","hentry","category-photos","category-sculptures","tag-petales","tag-rotation","tag-symetrie"],"aioseo_notices":[],"_links":{"self":[{"href":"https:\/\/www.espacegraphique.com\/blog\/wp-json\/wp\/v2\/posts\/1796","targetHints":{"allow":["GET"]}}],"collection":[{"href":"https:\/\/www.espacegraphique.com\/blog\/wp-json\/wp\/v2\/posts"}],"about":[{"href":"https:\/\/www.espacegraphique.com\/blog\/wp-json\/wp\/v2\/types\/post"}],"author":[{"embeddable":true,"href":"https:\/\/www.espacegraphique.com\/blog\/wp-json\/wp\/v2\/users\/1"}],"replies":[{"embeddable":true,"href":"https:\/\/www.espacegraphique.com\/blog\/wp-json\/wp\/v2\/comments?post=1796"}],"version-history":[{"count":12,"href":"https:\/\/www.espacegraphique.com\/blog\/wp-json\/wp\/v2\/posts\/1796\/revisions"}],"predecessor-version":[{"id":1815,"href":"https:\/\/www.espacegraphique.com\/blog\/wp-json\/wp\/v2\/posts\/1796\/revisions\/1815"}],"wp:featuredmedia":[{"embeddable":true,"href":"https:\/\/www.espacegraphique.com\/blog\/wp-json\/wp\/v2\/media\/1797"}],"wp:attachment":[{"href":"https:\/\/www.espacegraphique.com\/blog\/wp-json\/wp\/v2\/media?parent=1796"}],"wp:term":[{"taxonomy":"category","embeddable":true,"href":"https:\/\/www.espacegraphique.com\/blog\/wp-json\/wp\/v2\/categories?post=1796"},{"taxonomy":"post_tag","embeddable":true,"href":"https:\/\/www.espacegraphique.com\/blog\/wp-json\/wp\/v2\/tags?post=1796"}],"curies":[{"name":"wp","href":"https:\/\/api.w.org\/{rel}","templated":true}]}}