{"id":1843,"date":"2013-03-16T23:18:06","date_gmt":"2013-03-16T21:18:06","guid":{"rendered":"http:\/\/www.espacegraphique.com\/blog\/?p=1843"},"modified":"2013-12-18T23:56:36","modified_gmt":"2013-12-18T21:56:36","slug":"16-mars-2013-la-neige","status":"publish","type":"post","link":"https:\/\/www.espacegraphique.com\/blog\/photos\/graines\/16-mars-2013-la-neige-1843","title":{"rendered":"16 mars 2013 : La neige"},"content":{"rendered":"<p>En d\u00e9cembre il est possible de faire des photos de neige, mais il y a beaucoup moins de lumi\u00e8re dans la journ\u00e9e qu&rsquo;en mars. Quand c&rsquo;est exceptionnel, il faut en profiter pour faire quelques photos.<\/p>\n<p><strong>Quelques plantes ont trouv\u00e9 des petites strat\u00e9gies pour coloniser le terrain d\u00e9gag\u00e9.<\/strong><\/p>\n<p>Les graines de tulipe sont encore dans leur tour d&rsquo;ivoire, la capsule ne retient plus grand chose, mais suffisamment pour attendre la fin de cet \u00e9pisode exceptionnel.<\/p>\n<p>La bruy\u00e8re carn\u00e9e (<em>Erica carnea<\/em>) laisse tomber ses clochettes sur le sol blanc, la mission s&rsquo;ach\u00e8ve ici.<\/p>\n<figure id=\"attachment_1845\" aria-describedby=\"caption-attachment-1845\" style=\"width: 300px\" class=\"wp-caption aligncenter\"><a href=\"https:\/\/www.espacegraphique.com\/blog\/wp-content\/uploads\/2013\/03\/bruyere.jpg\"><img loading=\"lazy\" decoding=\"async\" class=\"size-medium wp-image-1845\" alt=\"Bruy\u00e8re d'hiver\" src=\"https:\/\/www.espacegraphique.com\/blog\/wp-content\/uploads\/2013\/03\/bruyere-300x225.jpg\" width=\"300\" height=\"225\" srcset=\"https:\/\/www.espacegraphique.com\/blog\/wp-content\/uploads\/2013\/03\/bruyere-300x225.jpg 300w, https:\/\/www.espacegraphique.com\/blog\/wp-content\/uploads\/2013\/03\/bruyere-1024x768.jpg 1024w, https:\/\/www.espacegraphique.com\/blog\/wp-content\/uploads\/2013\/03\/bruyere.jpg 1280w\" sizes=\"auto, (max-width: 300px) 100vw, 300px\" \/><\/a><figcaption id=\"caption-attachment-1845\" class=\"wp-caption-text\">Bruy\u00e8re d&rsquo;hiver<\/figcaption><\/figure>\n<p>&nbsp;<\/p>\n<p>Avec les 30 \u00e0 40cm de neige le Perce-neige a \u00e9t\u00e9 compl\u00e9tement recouvert, les tiges et les feuilles se sont couch\u00e9es mais vont forcer le passage et se redresser d\u00e8s que la couche de neige sera plus mince.<\/p>\n<figure id=\"attachment_1846\" aria-describedby=\"caption-attachment-1846\" style=\"width: 300px\" class=\"wp-caption aligncenter\"><a href=\"https:\/\/www.espacegraphique.com\/blog\/wp-content\/uploads\/2013\/03\/perce-neige.jpg\"><img loading=\"lazy\" decoding=\"async\" class=\"size-medium wp-image-1846\" alt=\"Sortie du Perce-neige\" src=\"https:\/\/www.espacegraphique.com\/blog\/wp-content\/uploads\/2013\/03\/perce-neige-300x225.jpg\" width=\"300\" height=\"225\" srcset=\"https:\/\/www.espacegraphique.com\/blog\/wp-content\/uploads\/2013\/03\/perce-neige-300x225.jpg 300w, https:\/\/www.espacegraphique.com\/blog\/wp-content\/uploads\/2013\/03\/perce-neige-1024x768.jpg 1024w, https:\/\/www.espacegraphique.com\/blog\/wp-content\/uploads\/2013\/03\/perce-neige.jpg 1280w\" sizes=\"auto, (max-width: 300px) 100vw, 300px\" \/><\/a><figcaption id=\"caption-attachment-1846\" class=\"wp-caption-text\">Sortie du Perce-neige<\/figcaption><\/figure>\n<p>La Primev\u00e8re acaule se d\u00e9gage rapidement des d\u00e9bris de l&rsquo;hiver et va profiter des premiers pollinisateurs.<\/p>\n<figure id=\"attachment_1847\" aria-describedby=\"caption-attachment-1847\" style=\"width: 300px\" class=\"wp-caption aligncenter\"><a href=\"https:\/\/www.espacegraphique.com\/blog\/wp-content\/uploads\/2013\/03\/primevere.jpg\"><img loading=\"lazy\" decoding=\"async\" class=\"size-medium wp-image-1847\" alt=\"Primev\u00e8re acaule\" src=\"https:\/\/www.espacegraphique.com\/blog\/wp-content\/uploads\/2013\/03\/primevere-300x225.jpg\" width=\"300\" height=\"225\" srcset=\"https:\/\/www.espacegraphique.com\/blog\/wp-content\/uploads\/2013\/03\/primevere-300x225.jpg 300w, https:\/\/www.espacegraphique.com\/blog\/wp-content\/uploads\/2013\/03\/primevere-1024x768.jpg 1024w, https:\/\/www.espacegraphique.com\/blog\/wp-content\/uploads\/2013\/03\/primevere.jpg 1280w\" sizes=\"auto, (max-width: 300px) 100vw, 300px\" \/><\/a><figcaption id=\"caption-attachment-1847\" class=\"wp-caption-text\">Primev\u00e8re acaule<\/figcaption><\/figure>\n","protected":false},"excerpt":{"rendered":"<p>Quelques plantes ont trouv\u00e9 des petites strat\u00e9gies pour coloniser le terrain d\u00e9gag\u00e9.<\/p>\n","protected":false},"author":1,"featured_media":1844,"comment_status":"open","ping_status":"open","sticky":false,"template":"","format":"standard","meta":{"footnotes":""},"categories":[226],"tags":[208,50,56],"class_list":["post-1843","post","type-post","status-publish","format-standard","has-post-thumbnail","hentry","category-graines","tag-graine","tag-perce-neige","tag-tulipe"],"aioseo_notices":[],"_links":{"self":[{"href":"https:\/\/www.espacegraphique.com\/blog\/wp-json\/wp\/v2\/posts\/1843","targetHints":{"allow":["GET"]}}],"collection":[{"href":"https:\/\/www.espacegraphique.com\/blog\/wp-json\/wp\/v2\/posts"}],"about":[{"href":"https:\/\/www.espacegraphique.com\/blog\/wp-json\/wp\/v2\/types\/post"}],"author":[{"embeddable":true,"href":"https:\/\/www.espacegraphique.com\/blog\/wp-json\/wp\/v2\/users\/1"}],"replies":[{"embeddable":true,"href":"https:\/\/www.espacegraphique.com\/blog\/wp-json\/wp\/v2\/comments?post=1843"}],"version-history":[{"count":5,"href":"https:\/\/www.espacegraphique.com\/blog\/wp-json\/wp\/v2\/posts\/1843\/revisions"}],"predecessor-version":[{"id":1852,"href":"https:\/\/www.espacegraphique.com\/blog\/wp-json\/wp\/v2\/posts\/1843\/revisions\/1852"}],"wp:featuredmedia":[{"embeddable":true,"href":"https:\/\/www.espacegraphique.com\/blog\/wp-json\/wp\/v2\/media\/1844"}],"wp:attachment":[{"href":"https:\/\/www.espacegraphique.com\/blog\/wp-json\/wp\/v2\/media?parent=1843"}],"wp:term":[{"taxonomy":"category","embeddable":true,"href":"https:\/\/www.espacegraphique.com\/blog\/wp-json\/wp\/v2\/categories?post=1843"},{"taxonomy":"post_tag","embeddable":true,"href":"https:\/\/www.espacegraphique.com\/blog\/wp-json\/wp\/v2\/tags?post=1843"}],"curies":[{"name":"wp","href":"https:\/\/api.w.org\/{rel}","templated":true}]}}