{"id":198,"date":"2010-05-14T11:29:51","date_gmt":"2010-05-14T10:29:51","guid":{"rendered":"http:\/\/www.espacegraphique.com\/blog\/?p=198"},"modified":"2010-05-14T11:35:30","modified_gmt":"2010-05-14T10:35:30","slug":"dentelle-oeillets-blancs","status":"publish","type":"post","link":"https:\/\/www.espacegraphique.com\/blog\/photos\/dentelle-oeillets-blancs-198","title":{"rendered":"Dentelle d&rsquo;\u0153illets blancs"},"content":{"rendered":"<figure id=\"attachment_197\" aria-describedby=\"caption-attachment-197\" style=\"width: 224px\" class=\"wp-caption alignleft\"><a href=\"https:\/\/www.espacegraphique.com\/blog\/wp-content\/uploads\/2010\/05\/oeuillets.jpg\"><img loading=\"lazy\" decoding=\"async\" class=\"size-medium wp-image-197\" title=\"Oeillets\" src=\"https:\/\/www.espacegraphique.com\/blog\/wp-content\/uploads\/2010\/05\/oeuillets-224x300.jpg\" alt=\"Oeillets blancs\" width=\"224\" height=\"300\" srcset=\"https:\/\/www.espacegraphique.com\/blog\/wp-content\/uploads\/2010\/05\/oeuillets-224x300.jpg 224w, https:\/\/www.espacegraphique.com\/blog\/wp-content\/uploads\/2010\/05\/oeuillets-768x1024.jpg 768w, https:\/\/www.espacegraphique.com\/blog\/wp-content\/uploads\/2010\/05\/oeuillets.jpg 1704w\" sizes=\"auto, (max-width: 224px) 100vw, 224px\" \/><\/a><figcaption id=\"caption-attachment-197\" class=\"wp-caption-text\">Oeillets blancs<\/figcaption><\/figure>\n<p><strong>Les \u0153illets sont des <a title=\"Caryophyllac\u00e9es\" href=\"https:\/\/www.espacegraphique.com\/caryophyllacees\/caryophyllacees.php\">caryophyllac\u00e9es<\/a> et comme de nombreux membres de cette famille leur p\u00e9tales sont d\u00e9coup\u00e9s au ciseau \u00e0 cranter.<\/strong><\/p>\n<p>Les \u0153illets blancs du fleuriste arrivent \u00ab\u00a0en botte\u00a0\u00bb,\u00a0 la surface ressemble \u00e0 de la dentelle pliss\u00e9e qui forme une surface irr\u00e9guli\u00e8re et d\u00e9licate.<\/p>\n<p>Il est bien difficile de reconna\u00eetre\u00a0 dans les circonvolutions de cette surface, les pi\u00e8ces florales d&rsquo;une <a href=\"https:\/\/www.espacegraphique.com\/caryophyllacees\/stellaria.php\">stellaire<\/a> ou d&rsquo;un <a title=\"Lychnis\" href=\"https:\/\/www.espacegraphique.com\/caryophyllacees\/lychnis.php\">lychnis<\/a> qui pr\u00e9sentent pourtant des p\u00e9tales \u00e9chancr\u00e9s avec encore plus d&rsquo;audace.<\/p>\n<p>La dentelle blanche de l&rsquo;\u0153illet viendra orner une robe de mari\u00e9e ou une veste apr\u00e8s avoir fait le bonheur du jardinier.<\/p>\n","protected":false},"excerpt":{"rendered":"<p>Les \u0153illets sont des caryophyllac\u00e9es et comme de nombreux membres de cette famille leur p\u00e9tales sont d\u00e9coup\u00e9s au ciseau \u00e0 cranter. Les \u0153illets blancs du fleuriste arrivent \u00ab\u00a0en botte\u00a0\u00bb,\u00a0 la surface ressemble \u00e0 de la dentelle pliss\u00e9e qui forme une surface irr\u00e9guli\u00e8re et d\u00e9licate. Il est bien difficile de reconna\u00eetre\u00a0 dans les circonvolutions de cette &hellip; <a href=\"https:\/\/www.espacegraphique.com\/blog\/photos\/dentelle-oeillets-blancs-198\" class=\"more-link\">Continuer la lecture de <span class=\"screen-reader-text\">Dentelle d&rsquo;\u0153illets blancs<\/span>  <span class=\"meta-nav\">&rarr;<\/span><\/a><\/p>\n","protected":false},"author":1,"featured_media":0,"comment_status":"open","ping_status":"open","sticky":false,"template":"","format":"standard","meta":{"footnotes":""},"categories":[13],"tags":[83,95,99,97,98,101,96,100,94],"class_list":["post-198","post","type-post","status-publish","format-standard","hentry","category-photos","tag-blanc","tag-caryophyllacees","tag-dentelle","tag-fleuriste","tag-florales","tag-lychnis","tag-petales","tag-stellaire","tag-oeillets"],"aioseo_notices":[],"aioseo_head":"\n\t\t<!-- All in One SEO 5.0.0.1 - aioseo.com -->\n\t<meta name=\"description\" content=\"Les \u0153illets sont des caryophyllac\u00e9es et comme de nombreux membres de cette famille leur p\u00e9tales sont d\u00e9coup\u00e9s au ciseau \u00e0 cranter. Les \u0153illets blancs du fleuriste arrivent &quot;en botte&quot;, la surface ressemble \u00e0 de la dentelle pliss\u00e9e qui forme une surface irr\u00e9guli\u00e8re et d\u00e9licate. Il est bien difficile de reconna\u00eetre dans les circonvolutions de cette\" \/>\n\t<meta name=\"robots\" content=\"max-image-preview:large\" \/>\n\t<meta name=\"author\" content=\"Yann\"\/>\n\t<link rel=\"canonical\" href=\"https:\/\/www.espacegraphique.com\/blog\/photos\/dentelle-oeillets-blancs-198\" \/>\n\t<meta name=\"generator\" content=\"All in One SEO (AIOSEO) 5.0.0.1\" \/>\n\t\t<meta property=\"og:locale\" content=\"fr_FR\" \/>\n\t\t<meta property=\"og:site_name\" content=\"Espace Graphique | Mon petit journal graphique\" \/>\n\t\t<meta property=\"og:type\" content=\"article\" \/>\n\t\t<meta property=\"og:title\" content=\"Dentelle d\u2019\u0153illets blancs | Espace Graphique\" \/>\n\t\t<meta property=\"og:description\" content=\"Les \u0153illets sont des caryophyllac\u00e9es et comme de nombreux membres de cette famille leur p\u00e9tales sont d\u00e9coup\u00e9s au ciseau \u00e0 cranter. Les \u0153illets blancs du fleuriste arrivent &quot;en botte&quot;, la surface ressemble \u00e0 de la dentelle pliss\u00e9e qui forme une surface irr\u00e9guli\u00e8re et d\u00e9licate. Il est bien difficile de reconna\u00eetre dans les circonvolutions de cette\" \/>\n\t\t<meta property=\"og:url\" content=\"https:\/\/www.espacegraphique.com\/blog\/photos\/dentelle-oeillets-blancs-198\" \/>\n\t\t<meta property=\"article:published_time\" content=\"2010-05-14T10:29:51+00:00\" \/>\n\t\t<meta property=\"article:modified_time\" content=\"2010-05-14T10:35:30+00:00\" \/>\n\t\t<meta name=\"twitter:card\" content=\"summary\" \/>\n\t\t<meta name=\"twitter:title\" content=\"Dentelle d\u2019\u0153illets blancs | Espace Graphique\" \/>\n\t\t<meta name=\"twitter:description\" content=\"Les \u0153illets sont des caryophyllac\u00e9es et comme de nombreux membres de cette famille leur p\u00e9tales sont d\u00e9coup\u00e9s au ciseau \u00e0 cranter. Les \u0153illets blancs du fleuriste arrivent &quot;en botte&quot;, la surface ressemble \u00e0 de la dentelle pliss\u00e9e qui forme une surface irr\u00e9guli\u00e8re et d\u00e9licate. Il est bien difficile de reconna\u00eetre dans les circonvolutions de cette\" \/>\n\t\t<script type=\"application\/ld+json\" class=\"aioseo-schema\">\n\t\t\t{\"@context\":\"https:\\\/\\\/schema.org\",\"@graph\":[{\"@type\":\"Article\",\"@id\":\"https:\\\/\\\/www.espacegraphique.com\\\/blog\\\/photos\\\/dentelle-oeillets-blancs-198#article\",\"name\":\"Dentelle d\\u2019\\u0153illets blancs | Espace Graphique\",\"headline\":\"Dentelle d&rsquo;\\u0153illets blancs\",\"author\":{\"@id\":\"https:\\\/\\\/www.espacegraphique.com\\\/blog\\\/author\\\/admin#author\"},\"publisher\":{\"@id\":\"https:\\\/\\\/www.espacegraphique.com\\\/blog\\\/#organization\"},\"image\":{\"@type\":\"ImageObject\",\"url\":\"https:\\\/\\\/www.espacegraphique.com\\\/blog\\\/wp-content\\\/uploads\\\/2010\\\/05\\\/oeuillets.jpg\",\"@id\":\"https:\\\/\\\/www.espacegraphique.com\\\/blog\\\/photos\\\/dentelle-oeillets-blancs-198\\\/#articleImage\",\"width\":1704,\"height\":2272,\"caption\":\"Oeillets blancs\"},\"datePublished\":\"2010-05-14T11:29:51+02:00\",\"dateModified\":\"2010-05-14T11:35:30+02:00\",\"inLanguage\":\"fr-FR\",\"mainEntityOfPage\":{\"@id\":\"https:\\\/\\\/www.espacegraphique.com\\\/blog\\\/photos\\\/dentelle-oeillets-blancs-198#webpage\"},\"isPartOf\":{\"@id\":\"https:\\\/\\\/www.espacegraphique.com\\\/blog\\\/photos\\\/dentelle-oeillets-blancs-198#webpage\"},\"articleSection\":\"Photos, blanc, caryophyllac\\u00e9es, dentelle, fleuriste, florales, Lychnis, p\\u00e9tales, stellaire, \\u0153illets\"},{\"@type\":\"BreadcrumbList\",\"@id\":\"https:\\\/\\\/www.espacegraphique.com\\\/blog\\\/photos\\\/dentelle-oeillets-blancs-198#breadcrumblist\",\"itemListElement\":[{\"@type\":\"ListItem\",\"@id\":\"https:\\\/\\\/www.espacegraphique.com\\\/blog#listItem\",\"position\":1,\"name\":\"Accueil\",\"item\":\"https:\\\/\\\/www.espacegraphique.com\\\/blog\",\"nextItem\":{\"@type\":\"ListItem\",\"@id\":\"https:\\\/\\\/www.espacegraphique.com\\\/blog\\\/planche\\\/photos#listItem\",\"name\":\"Photos\"}},{\"@type\":\"ListItem\",\"@id\":\"https:\\\/\\\/www.espacegraphique.com\\\/blog\\\/planche\\\/photos#listItem\",\"position\":2,\"name\":\"Photos\",\"item\":\"https:\\\/\\\/www.espacegraphique.com\\\/blog\\\/planche\\\/photos\",\"nextItem\":{\"@type\":\"ListItem\",\"@id\":\"https:\\\/\\\/www.espacegraphique.com\\\/blog\\\/photos\\\/dentelle-oeillets-blancs-198#listItem\",\"name\":\"Dentelle d&rsquo;\\u0153illets blancs\"},\"previousItem\":{\"@type\":\"ListItem\",\"@id\":\"https:\\\/\\\/www.espacegraphique.com\\\/blog#listItem\",\"name\":\"Accueil\"}},{\"@type\":\"ListItem\",\"@id\":\"https:\\\/\\\/www.espacegraphique.com\\\/blog\\\/photos\\\/dentelle-oeillets-blancs-198#listItem\",\"position\":3,\"name\":\"Dentelle d&rsquo;\\u0153illets blancs\",\"previousItem\":{\"@type\":\"ListItem\",\"@id\":\"https:\\\/\\\/www.espacegraphique.com\\\/blog\\\/planche\\\/photos#listItem\",\"name\":\"Photos\"}}]},{\"@type\":\"Organization\",\"@id\":\"https:\\\/\\\/www.espacegraphique.com\\\/blog\\\/#organization\",\"name\":\"Espace Graphique\",\"description\":\"Mon petit journal graphique\",\"url\":\"https:\\\/\\\/www.espacegraphique.com\\\/blog\\\/\"},{\"@type\":\"Person\",\"@id\":\"https:\\\/\\\/www.espacegraphique.com\\\/blog\\\/author\\\/admin#author\",\"url\":\"https:\\\/\\\/www.espacegraphique.com\\\/blog\\\/author\\\/admin\",\"name\":\"Yann\",\"image\":{\"@type\":\"ImageObject\",\"@id\":\"https:\\\/\\\/www.espacegraphique.com\\\/blog\\\/photos\\\/dentelle-oeillets-blancs-198#authorImage\",\"url\":\"https:\\\/\\\/secure.gravatar.com\\\/avatar\\\/05f8f89222152d60c127ff66d91f94e5ad916730aa5d5be07144ab977018dd0d?s=96&r=g\",\"width\":96,\"height\":96,\"caption\":\"Yann\"}},{\"@type\":\"WebPage\",\"@id\":\"https:\\\/\\\/www.espacegraphique.com\\\/blog\\\/photos\\\/dentelle-oeillets-blancs-198#webpage\",\"url\":\"https:\\\/\\\/www.espacegraphique.com\\\/blog\\\/photos\\\/dentelle-oeillets-blancs-198\",\"name\":\"Dentelle d\\u2019\\u0153illets blancs | Espace Graphique\",\"description\":\"Les \\u0153illets sont des caryophyllac\\u00e9es et comme de nombreux membres de cette famille leur p\\u00e9tales sont d\\u00e9coup\\u00e9s au ciseau \\u00e0 cranter. Les \\u0153illets blancs du fleuriste arrivent \\\"en botte\\\", la surface ressemble \\u00e0 de la dentelle pliss\\u00e9e qui forme une surface irr\\u00e9guli\\u00e8re et d\\u00e9licate. Il est bien difficile de reconna\\u00eetre dans les circonvolutions de cette\",\"inLanguage\":\"fr-FR\",\"isPartOf\":{\"@id\":\"https:\\\/\\\/www.espacegraphique.com\\\/blog\\\/#website\"},\"breadcrumb\":{\"@id\":\"https:\\\/\\\/www.espacegraphique.com\\\/blog\\\/photos\\\/dentelle-oeillets-blancs-198#breadcrumblist\"},\"author\":{\"@id\":\"https:\\\/\\\/www.espacegraphique.com\\\/blog\\\/author\\\/admin#author\"},\"creator\":{\"@id\":\"https:\\\/\\\/www.espacegraphique.com\\\/blog\\\/author\\\/admin#author\"},\"datePublished\":\"2010-05-14T11:29:51+02:00\",\"dateModified\":\"2010-05-14T11:35:30+02:00\"},{\"@type\":\"WebSite\",\"@id\":\"https:\\\/\\\/www.espacegraphique.com\\\/blog\\\/#website\",\"url\":\"https:\\\/\\\/www.espacegraphique.com\\\/blog\\\/\",\"name\":\"Espace Graphique\",\"description\":\"Mon petit journal graphique\",\"inLanguage\":\"fr-FR\",\"publisher\":{\"@id\":\"https:\\\/\\\/www.espacegraphique.com\\\/blog\\\/#organization\"}}]}\n\t\t<\/script>\n\t\t<!-- All in One SEO -->\n\n","aioseo_head_json":{"title":"Dentelle d\u2019\u0153illets blancs | Espace Graphique","description":"Les \u0153illets sont des caryophyllac\u00e9es et comme de nombreux membres de cette famille leur p\u00e9tales sont d\u00e9coup\u00e9s au ciseau \u00e0 cranter. Les \u0153illets blancs du fleuriste arrivent \"en botte\", la surface ressemble \u00e0 de la dentelle pliss\u00e9e qui forme une surface irr\u00e9guli\u00e8re et d\u00e9licate. Il est bien difficile de reconna\u00eetre dans les circonvolutions de cette","canonical_url":"https:\/\/www.espacegraphique.com\/blog\/photos\/dentelle-oeillets-blancs-198","robots":"max-image-preview:large","keywords":"","webmasterTools":{"miscellaneous":""},"schema":{"@context":"https:\/\/schema.org","@graph":[{"@type":"Article","@id":"https:\/\/www.espacegraphique.com\/blog\/photos\/dentelle-oeillets-blancs-198#article","name":"Dentelle d\u2019\u0153illets blancs | Espace Graphique","headline":"Dentelle d&rsquo;\u0153illets blancs","author":{"@id":"https:\/\/www.espacegraphique.com\/blog\/author\/admin#author"},"publisher":{"@id":"https:\/\/www.espacegraphique.com\/blog\/#organization"},"image":{"@type":"ImageObject","url":"https:\/\/www.espacegraphique.com\/blog\/wp-content\/uploads\/2010\/05\/oeuillets.jpg","@id":"https:\/\/www.espacegraphique.com\/blog\/photos\/dentelle-oeillets-blancs-198\/#articleImage","width":1704,"height":2272,"caption":"Oeillets blancs"},"datePublished":"2010-05-14T11:29:51+02:00","dateModified":"2010-05-14T11:35:30+02:00","inLanguage":"fr-FR","mainEntityOfPage":{"@id":"https:\/\/www.espacegraphique.com\/blog\/photos\/dentelle-oeillets-blancs-198#webpage"},"isPartOf":{"@id":"https:\/\/www.espacegraphique.com\/blog\/photos\/dentelle-oeillets-blancs-198#webpage"},"articleSection":"Photos, blanc, caryophyllac\u00e9es, dentelle, fleuriste, florales, Lychnis, p\u00e9tales, stellaire, \u0153illets"},{"@type":"BreadcrumbList","@id":"https:\/\/www.espacegraphique.com\/blog\/photos\/dentelle-oeillets-blancs-198#breadcrumblist","itemListElement":[{"@type":"ListItem","@id":"https:\/\/www.espacegraphique.com\/blog#listItem","position":1,"name":"Accueil","item":"https:\/\/www.espacegraphique.com\/blog","nextItem":{"@type":"ListItem","@id":"https:\/\/www.espacegraphique.com\/blog\/planche\/photos#listItem","name":"Photos"}},{"@type":"ListItem","@id":"https:\/\/www.espacegraphique.com\/blog\/planche\/photos#listItem","position":2,"name":"Photos","item":"https:\/\/www.espacegraphique.com\/blog\/planche\/photos","nextItem":{"@type":"ListItem","@id":"https:\/\/www.espacegraphique.com\/blog\/photos\/dentelle-oeillets-blancs-198#listItem","name":"Dentelle d&rsquo;\u0153illets blancs"},"previousItem":{"@type":"ListItem","@id":"https:\/\/www.espacegraphique.com\/blog#listItem","name":"Accueil"}},{"@type":"ListItem","@id":"https:\/\/www.espacegraphique.com\/blog\/photos\/dentelle-oeillets-blancs-198#listItem","position":3,"name":"Dentelle d&rsquo;\u0153illets blancs","previousItem":{"@type":"ListItem","@id":"https:\/\/www.espacegraphique.com\/blog\/planche\/photos#listItem","name":"Photos"}}]},{"@type":"Organization","@id":"https:\/\/www.espacegraphique.com\/blog\/#organization","name":"Espace Graphique","description":"Mon petit journal graphique","url":"https:\/\/www.espacegraphique.com\/blog\/"},{"@type":"Person","@id":"https:\/\/www.espacegraphique.com\/blog\/author\/admin#author","url":"https:\/\/www.espacegraphique.com\/blog\/author\/admin","name":"Yann","image":{"@type":"ImageObject","@id":"https:\/\/www.espacegraphique.com\/blog\/photos\/dentelle-oeillets-blancs-198#authorImage","url":"https:\/\/secure.gravatar.com\/avatar\/05f8f89222152d60c127ff66d91f94e5ad916730aa5d5be07144ab977018dd0d?s=96&r=g","width":96,"height":96,"caption":"Yann"}},{"@type":"WebPage","@id":"https:\/\/www.espacegraphique.com\/blog\/photos\/dentelle-oeillets-blancs-198#webpage","url":"https:\/\/www.espacegraphique.com\/blog\/photos\/dentelle-oeillets-blancs-198","name":"Dentelle d\u2019\u0153illets blancs | Espace Graphique","description":"Les \u0153illets sont des caryophyllac\u00e9es et comme de nombreux membres de cette famille leur p\u00e9tales sont d\u00e9coup\u00e9s au ciseau \u00e0 cranter. Les \u0153illets blancs du fleuriste arrivent \"en botte\", la surface ressemble \u00e0 de la dentelle pliss\u00e9e qui forme une surface irr\u00e9guli\u00e8re et d\u00e9licate. Il est bien difficile de reconna\u00eetre dans les circonvolutions de cette","inLanguage":"fr-FR","isPartOf":{"@id":"https:\/\/www.espacegraphique.com\/blog\/#website"},"breadcrumb":{"@id":"https:\/\/www.espacegraphique.com\/blog\/photos\/dentelle-oeillets-blancs-198#breadcrumblist"},"author":{"@id":"https:\/\/www.espacegraphique.com\/blog\/author\/admin#author"},"creator":{"@id":"https:\/\/www.espacegraphique.com\/blog\/author\/admin#author"},"datePublished":"2010-05-14T11:29:51+02:00","dateModified":"2010-05-14T11:35:30+02:00"},{"@type":"WebSite","@id":"https:\/\/www.espacegraphique.com\/blog\/#website","url":"https:\/\/www.espacegraphique.com\/blog\/","name":"Espace Graphique","description":"Mon petit journal graphique","inLanguage":"fr-FR","publisher":{"@id":"https:\/\/www.espacegraphique.com\/blog\/#organization"}}]},"og:locale":"fr_FR","og:site_name":"Espace Graphique | Mon petit journal graphique","og:type":"article","og:title":"Dentelle d\u2019\u0153illets blancs | Espace Graphique","og:description":"Les \u0153illets sont des caryophyllac\u00e9es et comme de nombreux membres de cette famille leur p\u00e9tales sont d\u00e9coup\u00e9s au ciseau \u00e0 cranter. Les \u0153illets blancs du fleuriste arrivent &quot;en botte&quot;, la surface ressemble \u00e0 de la dentelle pliss\u00e9e qui forme une surface irr\u00e9guli\u00e8re et d\u00e9licate. Il est bien difficile de reconna\u00eetre dans les circonvolutions de cette","og:url":"https:\/\/www.espacegraphique.com\/blog\/photos\/dentelle-oeillets-blancs-198","article:published_time":"2010-05-14T10:29:51+00:00","article:modified_time":"2010-05-14T10:35:30+00:00","twitter:card":"summary","twitter:title":"Dentelle d\u2019\u0153illets blancs | Espace Graphique","twitter:description":"Les \u0153illets sont des caryophyllac\u00e9es et comme de nombreux membres de cette famille leur p\u00e9tales sont d\u00e9coup\u00e9s au ciseau \u00e0 cranter. Les \u0153illets blancs du fleuriste arrivent &quot;en botte&quot;, la surface ressemble \u00e0 de la dentelle pliss\u00e9e qui forme une surface irr\u00e9guli\u00e8re et d\u00e9licate. Il est bien difficile de reconna\u00eetre dans les circonvolutions de cette"},"aioseo_meta_data":{"post_id":"198","title":null,"description":null,"keywords":null,"keyphrases":null,"primary_term":null,"canonical_url":null,"og_title":null,"og_description":null,"og_object_type":"default","og_image_type":"default","og_image_url":null,"og_image_width":null,"og_image_height":null,"og_image_custom_url":null,"og_image_custom_fields":null,"og_video":null,"og_custom_url":null,"og_article_section":null,"og_article_tags":null,"twitter_use_og":false,"twitter_card":"default","twitter_image_type":"default","twitter_image_url":null,"twitter_image_custom_url":null,"twitter_image_custom_fields":null,"twitter_title":null,"twitter_description":null,"schema":{"blockGraphs":[],"customGraphs":[],"default":{"data":{"Article":[],"Course":[],"Dataset":[],"FAQPage":[],"Movie":[],"Person":[],"Product":[],"ProductReview":[],"Car":[],"Recipe":[],"Service":[],"SoftwareApplication":[],"WebPage":[]},"graphName":"","isEnabled":true},"graphs":[]},"schema_type":"default","schema_type_options":null,"pillar_content":false,"robots_default":true,"robots_noindex":false,"robots_noarchive":false,"robots_nosnippet":false,"robots_nofollow":false,"robots_noimageindex":false,"robots_noodp":false,"robots_notranslate":false,"robots_max_snippet":null,"robots_max_videopreview":null,"robots_max_imagepreview":"large","priority":null,"frequency":null,"local_seo":null,"limit_modified_date":false,"created":"2022-03-30 17:24:27","updated":"2026-08-22 00:44:40","focus_keyword":null,"additional_keywords":null,"truseo_locale":null,"ai":null,"breadcrumb_settings":null,"seo_analyzer_scan_date":null},"aioseo_breadcrumb":"<div class=\"aioseo-breadcrumbs\"><span class=\"aioseo-breadcrumb\">\n\t\t\t<a href=\"https:\/\/www.espacegraphique.com\/blog\" title=\"Accueil\">Accueil<\/a>\n\t\t<\/span><span class=\"aioseo-breadcrumb-separator\">&raquo;<\/span><span class=\"aioseo-breadcrumb\">\n\t\t\t<a href=\"https:\/\/www.espacegraphique.com\/blog\/planche\/photos\" title=\"Photos\">Photos<\/a>\n\t\t<\/span><span class=\"aioseo-breadcrumb-separator\">&raquo;<\/span><span class=\"aioseo-breadcrumb\">\n\t\t\tDentelle d\u2019\u0153illets blancs\n\t\t<\/span><\/div>","aioseo_breadcrumb_json":[{"label":"Accueil","link":"https:\/\/www.espacegraphique.com\/blog"},{"label":"Photos","link":"https:\/\/www.espacegraphique.com\/blog\/planche\/photos"},{"label":"Dentelle d&rsquo;\u0153illets blancs","link":"https:\/\/www.espacegraphique.com\/blog\/photos\/dentelle-oeillets-blancs-198"}],"_links":{"self":[{"href":"https:\/\/www.espacegraphique.com\/blog\/wp-json\/wp\/v2\/posts\/198","targetHints":{"allow":["GET"]}}],"collection":[{"href":"https:\/\/www.espacegraphique.com\/blog\/wp-json\/wp\/v2\/posts"}],"about":[{"href":"https:\/\/www.espacegraphique.com\/blog\/wp-json\/wp\/v2\/types\/post"}],"author":[{"embeddable":true,"href":"https:\/\/www.espacegraphique.com\/blog\/wp-json\/wp\/v2\/users\/1"}],"replies":[{"embeddable":true,"href":"https:\/\/www.espacegraphique.com\/blog\/wp-json\/wp\/v2\/comments?post=198"}],"version-history":[{"count":5,"href":"https:\/\/www.espacegraphique.com\/blog\/wp-json\/wp\/v2\/posts\/198\/revisions"}],"predecessor-version":[{"id":203,"href":"https:\/\/www.espacegraphique.com\/blog\/wp-json\/wp\/v2\/posts\/198\/revisions\/203"}],"wp:attachment":[{"href":"https:\/\/www.espacegraphique.com\/blog\/wp-json\/wp\/v2\/media?parent=198"}],"wp:term":[{"taxonomy":"category","embeddable":true,"href":"https:\/\/www.espacegraphique.com\/blog\/wp-json\/wp\/v2\/categories?post=198"},{"taxonomy":"post_tag","embeddable":true,"href":"https:\/\/www.espacegraphique.com\/blog\/wp-json\/wp\/v2\/tags?post=198"}],"curies":[{"name":"wp","href":"https:\/\/api.w.org\/{rel}","templated":true}]}}