{"id":2186,"date":"2013-10-12T14:29:46","date_gmt":"2013-10-12T12:29:46","guid":{"rendered":"http:\/\/www.espacegraphique.com\/blog\/?p=2186"},"modified":"2014-08-03T15:44:10","modified_gmt":"2014-08-03T13:44:10","slug":"bruges-saison-iii","status":"publish","type":"post","link":"https:\/\/www.espacegraphique.com\/blog\/carton\/aquarelles\/bruges-saison-iii-2186","title":{"rendered":"Bruges saison III"},"content":{"rendered":"<p>Voici la troisi\u00e8me \u00e9tape de ma petite carte postale de Bruges. Suite \u00e0 certains de vos commentaires, il m&rsquo;a sembl\u00e9 utile d&rsquo;enrichir l&rsquo;<a href=\"https:\/\/www.espacegraphique.com\/blog\/carton\/aquarelles\/comme-un-enfant-devant-un-cahier-de-coloriages-2177\">aquarelle<\/a> par un peu de crayon de couleur.<\/p>\n<p>Comme je l&rsquo;ai indiqu\u00e9 plus on s&rsquo;approche de la fin plus le risque est grand de tout d\u00e9truire.<\/p>\n<p>Pour m&rsquo;aider un peu j&rsquo;ai \u00e9t\u00e9 voir les peintures de <a href=\"http:\/\/schanja.livejournal.com\/53090.html\">Carl Larsson<\/a> qui ont comme propri\u00e9t\u00e9s d&rsquo;avoir un dessin tr\u00e8s pr\u00e9cis et une mise en couleur bien satur\u00e9e.<\/p>\n<p>Bon je suis loin du talent de cet artiste, mais il faut bien se trouver des rep\u00e8res&#8230;<\/p>\n<p>Par rapport \u00e0 la derni\u00e8re \u00e9tape, j&rsquo;ai un peu plomb\u00e9 le premier plan, pour mettre en valeur le Beffroi. C&rsquo;est \u00e9galement plus proche de ma photo d&rsquo;origine prise depuis un bateau.<\/p>\n<p>Bon c&rsquo;est promis c&rsquo;est mon dernier post concernant ce dessin \ud83d\ude42<\/p>\n<p><a href=\"https:\/\/www.espacegraphique.com\/blog\/wp-content\/uploads\/2013\/10\/detail-beffroi1.jpg\"><img loading=\"lazy\" decoding=\"async\" class=\"aligncenter size-medium wp-image-2191\" src=\"https:\/\/www.espacegraphique.com\/blog\/wp-content\/uploads\/2013\/10\/detail-beffroi1-300x300.jpg\" alt=\"D\u00e9tail beffroi\" width=\"300\" height=\"300\" srcset=\"https:\/\/www.espacegraphique.com\/blog\/wp-content\/uploads\/2013\/10\/detail-beffroi1-300x300.jpg 300w, https:\/\/www.espacegraphique.com\/blog\/wp-content\/uploads\/2013\/10\/detail-beffroi1-150x150.jpg 150w, https:\/\/www.espacegraphique.com\/blog\/wp-content\/uploads\/2013\/10\/detail-beffroi1-120x120.jpg 120w, https:\/\/www.espacegraphique.com\/blog\/wp-content\/uploads\/2013\/10\/detail-beffroi1.jpg 573w\" sizes=\"auto, (max-width: 300px) 100vw, 300px\" \/><\/a><\/p>\n","protected":false},"excerpt":{"rendered":"<p>Voici la troisi\u00e8me \u00e9tape de ma petite carte postale de Bruges.<\/p>\n","protected":false},"author":1,"featured_media":2188,"comment_status":"open","ping_status":"open","sticky":false,"template":"","format":"standard","meta":{"footnotes":""},"categories":[3,191],"tags":[33,259,7],"class_list":["post-2186","post","type-post","status-publish","format-standard","has-post-thumbnail","hentry","category-aquarelles","category-carton","tag-aquarelle","tag-bruges","tag-crayon"],"aioseo_notices":[],"aioseo_head":"\n\t\t<!-- All in One SEO 5.0.0.1 - aioseo.com -->\n\t<meta name=\"description\" content=\"Voici la troisi\u00e8me \u00e9tape de ma petite carte postale de Bruges.\" \/>\n\t<meta name=\"robots\" content=\"max-image-preview:large\" \/>\n\t<meta name=\"author\" content=\"Yann\"\/>\n\t<link rel=\"canonical\" href=\"https:\/\/www.espacegraphique.com\/blog\/carton\/aquarelles\/bruges-saison-iii-2186\" \/>\n\t<meta name=\"generator\" content=\"All in One SEO (AIOSEO) 5.0.0.1\" \/>\n\t\t<meta property=\"og:locale\" content=\"fr_FR\" \/>\n\t\t<meta property=\"og:site_name\" content=\"Espace Graphique | Mon petit journal graphique\" \/>\n\t\t<meta property=\"og:type\" content=\"article\" \/>\n\t\t<meta property=\"og:title\" content=\"Bruges saison III | Espace Graphique\" \/>\n\t\t<meta property=\"og:description\" content=\"Voici la troisi\u00e8me \u00e9tape de ma petite carte postale de Bruges.\" \/>\n\t\t<meta property=\"og:url\" content=\"https:\/\/www.espacegraphique.com\/blog\/carton\/aquarelles\/bruges-saison-iii-2186\" \/>\n\t\t<meta property=\"article:published_time\" content=\"2013-10-12T12:29:46+00:00\" \/>\n\t\t<meta property=\"article:modified_time\" content=\"2014-08-03T13:44:10+00:00\" \/>\n\t\t<meta name=\"twitter:card\" content=\"summary\" \/>\n\t\t<meta name=\"twitter:title\" content=\"Bruges saison III | Espace Graphique\" \/>\n\t\t<meta name=\"twitter:description\" content=\"Voici la troisi\u00e8me \u00e9tape de ma petite carte postale de Bruges.\" \/>\n\t\t<script type=\"application\/ld+json\" class=\"aioseo-schema\">\n\t\t\t{\"@context\":\"https:\\\/\\\/schema.org\",\"@graph\":[{\"@type\":\"Article\",\"@id\":\"https:\\\/\\\/www.espacegraphique.com\\\/blog\\\/carton\\\/aquarelles\\\/bruges-saison-iii-2186#article\",\"name\":\"Bruges saison III | Espace Graphique\",\"headline\":\"Bruges saison III\",\"author\":{\"@id\":\"https:\\\/\\\/www.espacegraphique.com\\\/blog\\\/author\\\/admin#author\"},\"publisher\":{\"@id\":\"https:\\\/\\\/www.espacegraphique.com\\\/blog\\\/#organization\"},\"image\":{\"@type\":\"ImageObject\",\"url\":\"https:\\\/\\\/www.espacegraphique.com\\\/blog\\\/wp-content\\\/uploads\\\/2013\\\/10\\\/bruges-31.jpg\",\"width\":630,\"height\":240,\"caption\":\"Bruges : Aquarelle et crayon\"},\"datePublished\":\"2013-10-12T14:29:46+02:00\",\"dateModified\":\"2014-08-03T15:44:10+02:00\",\"inLanguage\":\"fr-FR\",\"commentCount\":12,\"mainEntityOfPage\":{\"@id\":\"https:\\\/\\\/www.espacegraphique.com\\\/blog\\\/carton\\\/aquarelles\\\/bruges-saison-iii-2186#webpage\"},\"isPartOf\":{\"@id\":\"https:\\\/\\\/www.espacegraphique.com\\\/blog\\\/carton\\\/aquarelles\\\/bruges-saison-iii-2186#webpage\"},\"articleSection\":\"Aquarelles, Carton \\u00e0 dessin, aquarelle, Bruges, crayon\"},{\"@type\":\"BreadcrumbList\",\"@id\":\"https:\\\/\\\/www.espacegraphique.com\\\/blog\\\/carton\\\/aquarelles\\\/bruges-saison-iii-2186#breadcrumblist\",\"itemListElement\":[{\"@type\":\"ListItem\",\"@id\":\"https:\\\/\\\/www.espacegraphique.com\\\/blog#listItem\",\"position\":1,\"name\":\"Accueil\",\"item\":\"https:\\\/\\\/www.espacegraphique.com\\\/blog\",\"nextItem\":{\"@type\":\"ListItem\",\"@id\":\"https:\\\/\\\/www.espacegraphique.com\\\/blog\\\/planche\\\/carton#listItem\",\"name\":\"Carton \\u00e0 dessin\"}},{\"@type\":\"ListItem\",\"@id\":\"https:\\\/\\\/www.espacegraphique.com\\\/blog\\\/planche\\\/carton#listItem\",\"position\":2,\"name\":\"Carton \\u00e0 dessin\",\"item\":\"https:\\\/\\\/www.espacegraphique.com\\\/blog\\\/planche\\\/carton\",\"nextItem\":{\"@type\":\"ListItem\",\"@id\":\"https:\\\/\\\/www.espacegraphique.com\\\/blog\\\/planche\\\/carton\\\/aquarelles#listItem\",\"name\":\"Aquarelles\"},\"previousItem\":{\"@type\":\"ListItem\",\"@id\":\"https:\\\/\\\/www.espacegraphique.com\\\/blog#listItem\",\"name\":\"Accueil\"}},{\"@type\":\"ListItem\",\"@id\":\"https:\\\/\\\/www.espacegraphique.com\\\/blog\\\/planche\\\/carton\\\/aquarelles#listItem\",\"position\":3,\"name\":\"Aquarelles\",\"item\":\"https:\\\/\\\/www.espacegraphique.com\\\/blog\\\/planche\\\/carton\\\/aquarelles\",\"nextItem\":{\"@type\":\"ListItem\",\"@id\":\"https:\\\/\\\/www.espacegraphique.com\\\/blog\\\/carton\\\/aquarelles\\\/bruges-saison-iii-2186#listItem\",\"name\":\"Bruges saison III\"},\"previousItem\":{\"@type\":\"ListItem\",\"@id\":\"https:\\\/\\\/www.espacegraphique.com\\\/blog\\\/planche\\\/carton#listItem\",\"name\":\"Carton \\u00e0 dessin\"}},{\"@type\":\"ListItem\",\"@id\":\"https:\\\/\\\/www.espacegraphique.com\\\/blog\\\/carton\\\/aquarelles\\\/bruges-saison-iii-2186#listItem\",\"position\":4,\"name\":\"Bruges saison III\",\"previousItem\":{\"@type\":\"ListItem\",\"@id\":\"https:\\\/\\\/www.espacegraphique.com\\\/blog\\\/planche\\\/carton\\\/aquarelles#listItem\",\"name\":\"Aquarelles\"}}]},{\"@type\":\"Organization\",\"@id\":\"https:\\\/\\\/www.espacegraphique.com\\\/blog\\\/#organization\",\"name\":\"Espace Graphique\",\"description\":\"Mon petit journal graphique\",\"url\":\"https:\\\/\\\/www.espacegraphique.com\\\/blog\\\/\"},{\"@type\":\"Person\",\"@id\":\"https:\\\/\\\/www.espacegraphique.com\\\/blog\\\/author\\\/admin#author\",\"url\":\"https:\\\/\\\/www.espacegraphique.com\\\/blog\\\/author\\\/admin\",\"name\":\"Yann\",\"image\":{\"@type\":\"ImageObject\",\"@id\":\"https:\\\/\\\/www.espacegraphique.com\\\/blog\\\/carton\\\/aquarelles\\\/bruges-saison-iii-2186#authorImage\",\"url\":\"https:\\\/\\\/secure.gravatar.com\\\/avatar\\\/05f8f89222152d60c127ff66d91f94e5ad916730aa5d5be07144ab977018dd0d?s=96&r=g\",\"width\":96,\"height\":96,\"caption\":\"Yann\"}},{\"@type\":\"WebPage\",\"@id\":\"https:\\\/\\\/www.espacegraphique.com\\\/blog\\\/carton\\\/aquarelles\\\/bruges-saison-iii-2186#webpage\",\"url\":\"https:\\\/\\\/www.espacegraphique.com\\\/blog\\\/carton\\\/aquarelles\\\/bruges-saison-iii-2186\",\"name\":\"Bruges saison III | Espace Graphique\",\"description\":\"Voici la troisi\\u00e8me \\u00e9tape de ma petite carte postale de Bruges.\",\"inLanguage\":\"fr-FR\",\"isPartOf\":{\"@id\":\"https:\\\/\\\/www.espacegraphique.com\\\/blog\\\/#website\"},\"breadcrumb\":{\"@id\":\"https:\\\/\\\/www.espacegraphique.com\\\/blog\\\/carton\\\/aquarelles\\\/bruges-saison-iii-2186#breadcrumblist\"},\"author\":{\"@id\":\"https:\\\/\\\/www.espacegraphique.com\\\/blog\\\/author\\\/admin#author\"},\"creator\":{\"@id\":\"https:\\\/\\\/www.espacegraphique.com\\\/blog\\\/author\\\/admin#author\"},\"image\":{\"@type\":\"ImageObject\",\"url\":\"https:\\\/\\\/www.espacegraphique.com\\\/blog\\\/wp-content\\\/uploads\\\/2013\\\/10\\\/bruges-31.jpg\",\"@id\":\"https:\\\/\\\/www.espacegraphique.com\\\/blog\\\/carton\\\/aquarelles\\\/bruges-saison-iii-2186\\\/#mainImage\",\"width\":630,\"height\":240,\"caption\":\"Bruges : Aquarelle et crayon\"},\"primaryImageOfPage\":{\"@id\":\"https:\\\/\\\/www.espacegraphique.com\\\/blog\\\/carton\\\/aquarelles\\\/bruges-saison-iii-2186#mainImage\"},\"datePublished\":\"2013-10-12T14:29:46+02:00\",\"dateModified\":\"2014-08-03T15:44:10+02:00\"},{\"@type\":\"WebSite\",\"@id\":\"https:\\\/\\\/www.espacegraphique.com\\\/blog\\\/#website\",\"url\":\"https:\\\/\\\/www.espacegraphique.com\\\/blog\\\/\",\"name\":\"Espace Graphique\",\"description\":\"Mon petit journal graphique\",\"inLanguage\":\"fr-FR\",\"publisher\":{\"@id\":\"https:\\\/\\\/www.espacegraphique.com\\\/blog\\\/#organization\"}}]}\n\t\t<\/script>\n\t\t<!-- All in One SEO -->\n\n","aioseo_head_json":{"title":"Bruges saison III | Espace Graphique","description":"Voici la troisi\u00e8me \u00e9tape de ma petite carte postale de Bruges.","canonical_url":"https:\/\/www.espacegraphique.com\/blog\/carton\/aquarelles\/bruges-saison-iii-2186","robots":"max-image-preview:large","keywords":"","webmasterTools":{"miscellaneous":""},"schema":{"@context":"https:\/\/schema.org","@graph":[{"@type":"Article","@id":"https:\/\/www.espacegraphique.com\/blog\/carton\/aquarelles\/bruges-saison-iii-2186#article","name":"Bruges saison III | Espace Graphique","headline":"Bruges saison III","author":{"@id":"https:\/\/www.espacegraphique.com\/blog\/author\/admin#author"},"publisher":{"@id":"https:\/\/www.espacegraphique.com\/blog\/#organization"},"image":{"@type":"ImageObject","url":"https:\/\/www.espacegraphique.com\/blog\/wp-content\/uploads\/2013\/10\/bruges-31.jpg","width":630,"height":240,"caption":"Bruges : Aquarelle et crayon"},"datePublished":"2013-10-12T14:29:46+02:00","dateModified":"2014-08-03T15:44:10+02:00","inLanguage":"fr-FR","commentCount":12,"mainEntityOfPage":{"@id":"https:\/\/www.espacegraphique.com\/blog\/carton\/aquarelles\/bruges-saison-iii-2186#webpage"},"isPartOf":{"@id":"https:\/\/www.espacegraphique.com\/blog\/carton\/aquarelles\/bruges-saison-iii-2186#webpage"},"articleSection":"Aquarelles, Carton \u00e0 dessin, aquarelle, Bruges, crayon"},{"@type":"BreadcrumbList","@id":"https:\/\/www.espacegraphique.com\/blog\/carton\/aquarelles\/bruges-saison-iii-2186#breadcrumblist","itemListElement":[{"@type":"ListItem","@id":"https:\/\/www.espacegraphique.com\/blog#listItem","position":1,"name":"Accueil","item":"https:\/\/www.espacegraphique.com\/blog","nextItem":{"@type":"ListItem","@id":"https:\/\/www.espacegraphique.com\/blog\/planche\/carton#listItem","name":"Carton \u00e0 dessin"}},{"@type":"ListItem","@id":"https:\/\/www.espacegraphique.com\/blog\/planche\/carton#listItem","position":2,"name":"Carton \u00e0 dessin","item":"https:\/\/www.espacegraphique.com\/blog\/planche\/carton","nextItem":{"@type":"ListItem","@id":"https:\/\/www.espacegraphique.com\/blog\/planche\/carton\/aquarelles#listItem","name":"Aquarelles"},"previousItem":{"@type":"ListItem","@id":"https:\/\/www.espacegraphique.com\/blog#listItem","name":"Accueil"}},{"@type":"ListItem","@id":"https:\/\/www.espacegraphique.com\/blog\/planche\/carton\/aquarelles#listItem","position":3,"name":"Aquarelles","item":"https:\/\/www.espacegraphique.com\/blog\/planche\/carton\/aquarelles","nextItem":{"@type":"ListItem","@id":"https:\/\/www.espacegraphique.com\/blog\/carton\/aquarelles\/bruges-saison-iii-2186#listItem","name":"Bruges saison III"},"previousItem":{"@type":"ListItem","@id":"https:\/\/www.espacegraphique.com\/blog\/planche\/carton#listItem","name":"Carton \u00e0 dessin"}},{"@type":"ListItem","@id":"https:\/\/www.espacegraphique.com\/blog\/carton\/aquarelles\/bruges-saison-iii-2186#listItem","position":4,"name":"Bruges saison III","previousItem":{"@type":"ListItem","@id":"https:\/\/www.espacegraphique.com\/blog\/planche\/carton\/aquarelles#listItem","name":"Aquarelles"}}]},{"@type":"Organization","@id":"https:\/\/www.espacegraphique.com\/blog\/#organization","name":"Espace Graphique","description":"Mon petit journal graphique","url":"https:\/\/www.espacegraphique.com\/blog\/"},{"@type":"Person","@id":"https:\/\/www.espacegraphique.com\/blog\/author\/admin#author","url":"https:\/\/www.espacegraphique.com\/blog\/author\/admin","name":"Yann","image":{"@type":"ImageObject","@id":"https:\/\/www.espacegraphique.com\/blog\/carton\/aquarelles\/bruges-saison-iii-2186#authorImage","url":"https:\/\/secure.gravatar.com\/avatar\/05f8f89222152d60c127ff66d91f94e5ad916730aa5d5be07144ab977018dd0d?s=96&r=g","width":96,"height":96,"caption":"Yann"}},{"@type":"WebPage","@id":"https:\/\/www.espacegraphique.com\/blog\/carton\/aquarelles\/bruges-saison-iii-2186#webpage","url":"https:\/\/www.espacegraphique.com\/blog\/carton\/aquarelles\/bruges-saison-iii-2186","name":"Bruges saison III | Espace Graphique","description":"Voici la troisi\u00e8me \u00e9tape de ma petite carte postale de Bruges.","inLanguage":"fr-FR","isPartOf":{"@id":"https:\/\/www.espacegraphique.com\/blog\/#website"},"breadcrumb":{"@id":"https:\/\/www.espacegraphique.com\/blog\/carton\/aquarelles\/bruges-saison-iii-2186#breadcrumblist"},"author":{"@id":"https:\/\/www.espacegraphique.com\/blog\/author\/admin#author"},"creator":{"@id":"https:\/\/www.espacegraphique.com\/blog\/author\/admin#author"},"image":{"@type":"ImageObject","url":"https:\/\/www.espacegraphique.com\/blog\/wp-content\/uploads\/2013\/10\/bruges-31.jpg","@id":"https:\/\/www.espacegraphique.com\/blog\/carton\/aquarelles\/bruges-saison-iii-2186\/#mainImage","width":630,"height":240,"caption":"Bruges : Aquarelle et crayon"},"primaryImageOfPage":{"@id":"https:\/\/www.espacegraphique.com\/blog\/carton\/aquarelles\/bruges-saison-iii-2186#mainImage"},"datePublished":"2013-10-12T14:29:46+02:00","dateModified":"2014-08-03T15:44:10+02:00"},{"@type":"WebSite","@id":"https:\/\/www.espacegraphique.com\/blog\/#website","url":"https:\/\/www.espacegraphique.com\/blog\/","name":"Espace Graphique","description":"Mon petit journal graphique","inLanguage":"fr-FR","publisher":{"@id":"https:\/\/www.espacegraphique.com\/blog\/#organization"}}]},"og:locale":"fr_FR","og:site_name":"Espace Graphique | Mon petit journal graphique","og:type":"article","og:title":"Bruges saison III | Espace Graphique","og:description":"Voici la troisi\u00e8me \u00e9tape de ma petite carte postale de Bruges.","og:url":"https:\/\/www.espacegraphique.com\/blog\/carton\/aquarelles\/bruges-saison-iii-2186","article:published_time":"2013-10-12T12:29:46+00:00","article:modified_time":"2014-08-03T13:44:10+00:00","twitter:card":"summary","twitter:title":"Bruges saison III | Espace Graphique","twitter:description":"Voici la troisi\u00e8me \u00e9tape de ma petite carte postale de Bruges."},"aioseo_meta_data":{"post_id":"2186","title":"Bruges saison III | #site_title","description":"Voici la troisi\u00e8me \u00e9tape de ma petite carte postale de Bruges.","keywords":[{"label":"Bruges","value":"Bruges"},{"label":"saison","value":"saison"}],"keyphrases":null,"primary_term":null,"canonical_url":null,"og_title":null,"og_description":null,"og_object_type":"default","og_image_type":"default","og_image_url":null,"og_image_width":null,"og_image_height":null,"og_image_custom_url":null,"og_image_custom_fields":null,"og_video":null,"og_custom_url":null,"og_article_section":null,"og_article_tags":null,"twitter_use_og":false,"twitter_card":"default","twitter_image_type":"default","twitter_image_url":null,"twitter_image_custom_url":null,"twitter_image_custom_fields":null,"twitter_title":null,"twitter_description":null,"schema":{"blockGraphs":[],"customGraphs":[],"default":{"data":{"Article":[],"Course":[],"Dataset":[],"FAQPage":[],"Movie":[],"Person":[],"Product":[],"ProductReview":[],"Car":[],"Recipe":[],"Service":[],"SoftwareApplication":[],"WebPage":[]},"graphName":"","isEnabled":true},"graphs":[],"defaultGraph":"","defaultPostTypeGraph":""},"schema_type":"default","schema_type_options":null,"pillar_content":false,"robots_default":true,"robots_noindex":false,"robots_noarchive":false,"robots_nosnippet":false,"robots_nofollow":false,"robots_noimageindex":false,"robots_noodp":false,"robots_notranslate":false,"robots_max_snippet":null,"robots_max_videopreview":null,"robots_max_imagepreview":"large","priority":null,"frequency":null,"local_seo":null,"limit_modified_date":false,"created":"2022-03-30 17:09:22","updated":"2026-08-22 01:23:39","focus_keyword":null,"additional_keywords":null,"truseo_locale":null,"ai":null,"breadcrumb_settings":null,"seo_analyzer_scan_date":null},"aioseo_breadcrumb":"<div class=\"aioseo-breadcrumbs\"><span class=\"aioseo-breadcrumb\">\n\t\t\t<a href=\"https:\/\/www.espacegraphique.com\/blog\" title=\"Accueil\">Accueil<\/a>\n\t\t<\/span><span class=\"aioseo-breadcrumb-separator\">&raquo;<\/span><span class=\"aioseo-breadcrumb\">\n\t\t\t<a href=\"https:\/\/www.espacegraphique.com\/blog\/planche\/carton\" title=\"Carton \u00e0 dessin\">Carton \u00e0 dessin<\/a>\n\t\t<\/span><span class=\"aioseo-breadcrumb-separator\">&raquo;<\/span><span class=\"aioseo-breadcrumb\">\n\t\t\t<a href=\"https:\/\/www.espacegraphique.com\/blog\/planche\/carton\/aquarelles\" title=\"Aquarelles\">Aquarelles<\/a>\n\t\t<\/span><span class=\"aioseo-breadcrumb-separator\">&raquo;<\/span><span class=\"aioseo-breadcrumb\">\n\t\t\tBruges saison III\n\t\t<\/span><\/div>","aioseo_breadcrumb_json":[{"label":"Accueil","link":"https:\/\/www.espacegraphique.com\/blog"},{"label":"Carton \u00e0 dessin","link":"https:\/\/www.espacegraphique.com\/blog\/planche\/carton"},{"label":"Aquarelles","link":"https:\/\/www.espacegraphique.com\/blog\/planche\/carton\/aquarelles"},{"label":"Bruges saison III","link":"https:\/\/www.espacegraphique.com\/blog\/carton\/aquarelles\/bruges-saison-iii-2186"}],"_links":{"self":[{"href":"https:\/\/www.espacegraphique.com\/blog\/wp-json\/wp\/v2\/posts\/2186","targetHints":{"allow":["GET"]}}],"collection":[{"href":"https:\/\/www.espacegraphique.com\/blog\/wp-json\/wp\/v2\/posts"}],"about":[{"href":"https:\/\/www.espacegraphique.com\/blog\/wp-json\/wp\/v2\/types\/post"}],"author":[{"embeddable":true,"href":"https:\/\/www.espacegraphique.com\/blog\/wp-json\/wp\/v2\/users\/1"}],"replies":[{"embeddable":true,"href":"https:\/\/www.espacegraphique.com\/blog\/wp-json\/wp\/v2\/comments?post=2186"}],"version-history":[{"count":4,"href":"https:\/\/www.espacegraphique.com\/blog\/wp-json\/wp\/v2\/posts\/2186\/revisions"}],"predecessor-version":[{"id":2808,"href":"https:\/\/www.espacegraphique.com\/blog\/wp-json\/wp\/v2\/posts\/2186\/revisions\/2808"}],"wp:featuredmedia":[{"embeddable":true,"href":"https:\/\/www.espacegraphique.com\/blog\/wp-json\/wp\/v2\/media\/2188"}],"wp:attachment":[{"href":"https:\/\/www.espacegraphique.com\/blog\/wp-json\/wp\/v2\/media?parent=2186"}],"wp:term":[{"taxonomy":"category","embeddable":true,"href":"https:\/\/www.espacegraphique.com\/blog\/wp-json\/wp\/v2\/categories?post=2186"},{"taxonomy":"post_tag","embeddable":true,"href":"https:\/\/www.espacegraphique.com\/blog\/wp-json\/wp\/v2\/tags?post=2186"}],"curies":[{"name":"wp","href":"https:\/\/api.w.org\/{rel}","templated":true}]}}