{"id":2195,"date":"2013-10-25T22:46:31","date_gmt":"2013-10-25T20:46:31","guid":{"rendered":"http:\/\/www.espacegraphique.com\/blog\/?p=2195"},"modified":"2014-08-03T16:05:21","modified_gmt":"2014-08-03T14:05:21","slug":"sur-le-sillon-de-talbert","status":"publish","type":"post","link":"https:\/\/www.espacegraphique.com\/blog\/photos\/sur-le-sillon-de-talbert-2195","title":{"rendered":"Sur le Sillon de Talbert"},"content":{"rendered":"<p><strong>C&rsquo;est un endroit un peu \u00e9trange situ\u00e9 dans les C\u00f4tes-d&rsquo;Armor, une langue de galets avec une cr\u00eate de sable qui s&rsquo;avance dans la mer.<\/strong><\/p>\n<p>La photo qui peut r\u00e9sumer le lieu en un seul clich\u00e9 doit se prendre \u00e0 partir d&rsquo;un avion. L&rsquo;endroit est en effet tr\u00e8s particulier, il nous conditionne tous dans une m\u00eame direction en nous incitant \u00e0 marcher vers le bout pour voir ce qu&rsquo;il y a apr\u00e8s.<\/p>\n<figure id=\"attachment_2198\" aria-describedby=\"caption-attachment-2198\" style=\"width: 300px\" class=\"wp-caption aligncenter\"><a href=\"https:\/\/www.espacegraphique.com\/blog\/wp-content\/uploads\/2013\/10\/vent.jpg\"><img loading=\"lazy\" decoding=\"async\" class=\"size-medium wp-image-2198\" src=\"https:\/\/www.espacegraphique.com\/blog\/wp-content\/uploads\/2013\/10\/vent-300x225.jpg\" alt=\"Lagurus ovatus\" width=\"300\" height=\"225\" srcset=\"https:\/\/www.espacegraphique.com\/blog\/wp-content\/uploads\/2013\/10\/vent-300x225.jpg 300w, https:\/\/www.espacegraphique.com\/blog\/wp-content\/uploads\/2013\/10\/vent.jpg 640w\" sizes=\"auto, (max-width: 300px) 100vw, 300px\" \/><\/a><figcaption id=\"caption-attachment-2198\" class=\"wp-caption-text\">Lagurus ovatus<\/figcaption><\/figure>\n<p>Mais ce d\u00e9placement sur les galets doit surtout s&rsquo;accompagner de regards sur les cot\u00e9s et l\u00e0 on d\u00e9couvre plein de petits v\u00e9g\u00e9taux sympathiques comme ces \u00ab\u00a0Queue-de-li\u00e8vre des sables\u00a0\u00bb <em>Lagurus ovatus<\/em>, qui forment le gros des troupes au d\u00e9part du sillon.<\/p>\n<p>De l&rsquo;autre cot\u00e9 on trouve \u00e9galement une petite lagune avec du Statice commun aux fleurs bleues, c&rsquo;\u00e9tait la premi\u00e8re fois que j&rsquo;en voyais dans un milieu naturel.<\/p>\n<figure id=\"attachment_2199\" aria-describedby=\"caption-attachment-2199\" style=\"width: 300px\" class=\"wp-caption aligncenter\"><a href=\"https:\/\/www.espacegraphique.com\/blog\/wp-content\/uploads\/2013\/10\/statice.jpg\"><img loading=\"lazy\" decoding=\"async\" class=\"size-medium wp-image-2199\" src=\"https:\/\/www.espacegraphique.com\/blog\/wp-content\/uploads\/2013\/10\/statice-300x225.jpg\" alt=\"Limonium vulgare\" width=\"300\" height=\"225\" srcset=\"https:\/\/www.espacegraphique.com\/blog\/wp-content\/uploads\/2013\/10\/statice-300x225.jpg 300w, https:\/\/www.espacegraphique.com\/blog\/wp-content\/uploads\/2013\/10\/statice.jpg 640w\" sizes=\"auto, (max-width: 300px) 100vw, 300px\" \/><\/a><figcaption id=\"caption-attachment-2199\" class=\"wp-caption-text\">Limonium vulgare<\/figcaption><\/figure>\n<p>Des Salicornes se trouvaient l\u00e0 \u00e9galement.<\/p>\n<figure id=\"attachment_2200\" aria-describedby=\"caption-attachment-2200\" style=\"width: 300px\" class=\"wp-caption aligncenter\"><a href=\"https:\/\/www.espacegraphique.com\/blog\/wp-content\/uploads\/2013\/10\/salicorne.jpg\"><img loading=\"lazy\" decoding=\"async\" class=\"size-medium wp-image-2200\" src=\"https:\/\/www.espacegraphique.com\/blog\/wp-content\/uploads\/2013\/10\/salicorne-300x225.jpg\" alt=\"Salicornia\" width=\"300\" height=\"225\" srcset=\"https:\/\/www.espacegraphique.com\/blog\/wp-content\/uploads\/2013\/10\/salicorne-300x225.jpg 300w, https:\/\/www.espacegraphique.com\/blog\/wp-content\/uploads\/2013\/10\/salicorne.jpg 640w\" sizes=\"auto, (max-width: 300px) 100vw, 300px\" \/><\/a><figcaption id=\"caption-attachment-2200\" class=\"wp-caption-text\">Salicornia<\/figcaption><\/figure>\n<p>Enfin cette derni\u00e8re plante qui me semble \u00eatre un chou maritime, avec 4 p\u00e9tales, mais je ne suis pas certain :<\/p>\n<figure id=\"attachment_2201\" aria-describedby=\"caption-attachment-2201\" style=\"width: 300px\" class=\"wp-caption aligncenter\"><a href=\"https:\/\/www.espacegraphique.com\/blog\/wp-content\/uploads\/2013\/10\/choux-maritime.jpg\"><img loading=\"lazy\" decoding=\"async\" class=\"size-medium wp-image-2201\" src=\"https:\/\/www.espacegraphique.com\/blog\/wp-content\/uploads\/2013\/10\/choux-maritime-300x225.jpg\" alt=\"Chou\" width=\"300\" height=\"225\" srcset=\"https:\/\/www.espacegraphique.com\/blog\/wp-content\/uploads\/2013\/10\/choux-maritime-300x225.jpg 300w, https:\/\/www.espacegraphique.com\/blog\/wp-content\/uploads\/2013\/10\/choux-maritime.jpg 640w\" sizes=\"auto, (max-width: 300px) 100vw, 300px\" \/><\/a><figcaption id=\"caption-attachment-2201\" class=\"wp-caption-text\">Chou ?<\/figcaption><\/figure>\n<p>Bon au final je ne suis pas all\u00e9 jusqu&rsquo;au bout du sillon, mais c&rsquo;est sans doute mieux pour cet endroit fragile qui ne m\u00e8ne nulle part ailleurs que dans l&rsquo;introspection personnelle.<\/p>\n","protected":false},"excerpt":{"rendered":"<p>C&rsquo;est un endroit un peu \u00e9trange situ\u00e9 dans les C\u00f4tes-d&rsquo;Armor<\/p>\n","protected":false},"author":1,"featured_media":2197,"comment_status":"open","ping_status":"open","sticky":false,"template":"","format":"standard","meta":{"footnotes":""},"categories":[233,13],"tags":[212,214],"class_list":["post-2195","post","type-post","status-publish","format-standard","has-post-thumbnail","hentry","category-paysages","category-photos","tag-mer","tag-sable"],"aioseo_notices":[],"_links":{"self":[{"href":"https:\/\/www.espacegraphique.com\/blog\/wp-json\/wp\/v2\/posts\/2195","targetHints":{"allow":["GET"]}}],"collection":[{"href":"https:\/\/www.espacegraphique.com\/blog\/wp-json\/wp\/v2\/posts"}],"about":[{"href":"https:\/\/www.espacegraphique.com\/blog\/wp-json\/wp\/v2\/types\/post"}],"author":[{"embeddable":true,"href":"https:\/\/www.espacegraphique.com\/blog\/wp-json\/wp\/v2\/users\/1"}],"replies":[{"embeddable":true,"href":"https:\/\/www.espacegraphique.com\/blog\/wp-json\/wp\/v2\/comments?post=2195"}],"version-history":[{"count":3,"href":"https:\/\/www.espacegraphique.com\/blog\/wp-json\/wp\/v2\/posts\/2195\/revisions"}],"predecessor-version":[{"id":2814,"href":"https:\/\/www.espacegraphique.com\/blog\/wp-json\/wp\/v2\/posts\/2195\/revisions\/2814"}],"wp:featuredmedia":[{"embeddable":true,"href":"https:\/\/www.espacegraphique.com\/blog\/wp-json\/wp\/v2\/media\/2197"}],"wp:attachment":[{"href":"https:\/\/www.espacegraphique.com\/blog\/wp-json\/wp\/v2\/media?parent=2195"}],"wp:term":[{"taxonomy":"category","embeddable":true,"href":"https:\/\/www.espacegraphique.com\/blog\/wp-json\/wp\/v2\/categories?post=2195"},{"taxonomy":"post_tag","embeddable":true,"href":"https:\/\/www.espacegraphique.com\/blog\/wp-json\/wp\/v2\/tags?post=2195"}],"curies":[{"name":"wp","href":"https:\/\/api.w.org\/{rel}","templated":true}]}}