{"id":238,"date":"2010-06-16T18:33:32","date_gmt":"2010-06-16T17:33:32","guid":{"rendered":"http:\/\/www.espacegraphique.com\/blog\/?p=238"},"modified":"2012-01-30T20:15:26","modified_gmt":"2012-01-30T19:15:26","slug":"festival-orchidees-sauvages-urcel","status":"publish","type":"post","link":"https:\/\/www.espacegraphique.com\/blog\/photos\/festival-orchidees-sauvages-urcel-238","title":{"rendered":"Festival d&rsquo;orchid\u00e9es \u00e0 Urcel"},"content":{"rendered":"<figure id=\"attachment_239\" aria-describedby=\"caption-attachment-239\" style=\"width: 225px\" class=\"wp-caption alignleft\"><a href=\"https:\/\/www.espacegraphique.com\/blog\/wp-content\/uploads\/2010\/06\/festival-orchidees.jpg\"><img loading=\"lazy\" decoding=\"async\" class=\"size-medium wp-image-239\" title=\"Orchid\u00e9e noire\" src=\"https:\/\/www.espacegraphique.com\/blog\/wp-content\/uploads\/2010\/06\/festival-orchidees-225x300.jpg\" alt=\"Orchid\u00e9e noire\" width=\"225\" height=\"300\" srcset=\"https:\/\/www.espacegraphique.com\/blog\/wp-content\/uploads\/2010\/06\/festival-orchidees-225x300.jpg 225w, https:\/\/www.espacegraphique.com\/blog\/wp-content\/uploads\/2010\/06\/festival-orchidees-768x1024.jpg 768w, https:\/\/www.espacegraphique.com\/blog\/wp-content\/uploads\/2010\/06\/festival-orchidees.jpg 1920w\" sizes=\"auto, (max-width: 225px) 100vw, 225px\" \/><\/a><figcaption id=\"caption-attachment-239\" class=\"wp-caption-text\">Orchid\u00e9e noire<\/figcaption><\/figure>\n<p><strong>Les 12 et 13 juin 2010 a eu lieu un festival sur les orchid\u00e9es et l&rsquo;Art \u00e0 Urcel.<\/strong><\/p>\n<p>Les amateurs d&rsquo;artisanat orient\u00e9 sur ces <a title=\"Orchidac\u00e9es\" href=\"https:\/\/www.espacegraphique.com\/orchidacees\/orchidacees.php\">orchidac\u00e9es<\/a> pouvaient trouver des objets insolites, voire des peintures sur le th\u00e8me.<\/p>\n<p>Au bout de la visite une \u00e9glise aux arcs gothiques pr\u00e9sentait une vaste collection d&rsquo;orchid\u00e9es cultiv\u00e9es au couleurs les plus \u00e9tranges (ici une orchid\u00e9e noire et verte).<\/p>\n<p>Mais pas que&#8230;<\/p>\n<p><strong>En plus de ce festival de v\u00e9g\u00e9taux \u00e9volu\u00e9s, des guides se proposaient de vous emmener voire des orchid\u00e9es sauvages.<\/strong><\/p>\n<p>La visite n&rsquo;\u00e9tant pas sur le lieu, il faut se d\u00e9placer pour voir ces stars sur leur biotope.<\/p>\n<p>On d\u00e9couvre alors sur le chemin de randonn\u00e9e un nombre de vari\u00e9t\u00e9s sauvages impensable.<\/p>\n<p>Bien entendu les p\u00e9riodes de floraisons ne sont pas toutes accord\u00e9es, mais les nombreux pieds sont \u00e0 chaque fois source d&rsquo;\u00e9tonnement et de commentaires.<\/p>\n<figure id=\"attachment_240\" aria-describedby=\"caption-attachment-240\" style=\"width: 300px\" class=\"wp-caption alignleft\"><a href=\"https:\/\/www.espacegraphique.com\/blog\/wp-content\/uploads\/2010\/06\/champ-orchidees1.jpg\"><img loading=\"lazy\" decoding=\"async\" class=\"size-medium wp-image-240\" title=\"Champ d'orchid\u00e9es\" src=\"https:\/\/www.espacegraphique.com\/blog\/wp-content\/uploads\/2010\/06\/champ-orchidees1-300x225.jpg\" alt=\"Champ d'orchid\u00e9es\" width=\"300\" height=\"225\" srcset=\"https:\/\/www.espacegraphique.com\/blog\/wp-content\/uploads\/2010\/06\/champ-orchidees1-300x225.jpg 300w, https:\/\/www.espacegraphique.com\/blog\/wp-content\/uploads\/2010\/06\/champ-orchidees1-1024x768.jpg 1024w\" sizes=\"auto, (max-width: 300px) 100vw, 300px\" \/><\/a><figcaption id=\"caption-attachment-240\" class=\"wp-caption-text\">Champ d&#39;orchid\u00e9es<\/figcaption><\/figure>\n<p>Pour les sp\u00e9cialistes, vous pourrez juger sur cette photo de la densit\u00e9 des orchis au m\u00e8tre carr\u00e9.<\/p>\n<p>Les photos en macro seront d\u00e9taill\u00e9es dans d&rsquo;autres articles afin de pr\u00e9ciser les noms de chacune.<\/p>\n<p>Ce patrimoine pr\u00e9sent dans le d\u00e9partement de l&rsquo;Aisne est entretenu par un savant m\u00e9lange d&rsquo;interventions humaines (\u00e9claircissement de la for\u00eat) et de la nature qui apporte ses surprises.<\/p>\n<p>Pour ne pas vous laisser sur cette vue d&rsquo;ensemble, voici une derni\u00e8re photo pour la route.<\/p>\n<figure id=\"attachment_241\" aria-describedby=\"caption-attachment-241\" style=\"width: 225px\" class=\"wp-caption alignleft\"><a href=\"https:\/\/www.espacegraphique.com\/blog\/wp-content\/uploads\/2010\/06\/orchidee-1.jpg\"><img loading=\"lazy\" decoding=\"async\" class=\"size-medium wp-image-241 \" title=\"Orchis Verd\u00e2tre\" src=\"https:\/\/www.espacegraphique.com\/blog\/wp-content\/uploads\/2010\/06\/orchidee-1-225x300.jpg\" alt=\"Orchis Verdatre\" width=\"225\" height=\"300\" srcset=\"https:\/\/www.espacegraphique.com\/blog\/wp-content\/uploads\/2010\/06\/orchidee-1-225x300.jpg 225w, https:\/\/www.espacegraphique.com\/blog\/wp-content\/uploads\/2010\/06\/orchidee-1-768x1024.jpg 768w, https:\/\/www.espacegraphique.com\/blog\/wp-content\/uploads\/2010\/06\/orchidee-1.jpg 1920w\" sizes=\"auto, (max-width: 225px) 100vw, 225px\" \/><\/a><figcaption id=\"caption-attachment-241\" class=\"wp-caption-text\">Orchis Verd\u00e2tre<\/figcaption><\/figure>\n<p>Je pense qu&rsquo;il s&rsquo;agit d&rsquo;un Orchis Verd\u00e2tre, mais\u00a0 restons prudent (je n&rsquo;avais pas de carnet pour noter les noms latins \u00e9num\u00e9r\u00e9s par le guide et les habitu\u00e9s de ce style de safari photo).<\/p>\n","protected":false},"excerpt":{"rendered":"<p>Les 12 et 13 juin 2010 a eu lieu un festival sur les orchid\u00e9es et l&rsquo;Art \u00e0 Urcel. Les amateurs d&rsquo;artisanat orient\u00e9 sur ces orchidac\u00e9es pouvaient trouver des objets insolites, voire des peintures sur le th\u00e8me. Au bout de la visite une \u00e9glise aux arcs gothiques pr\u00e9sentait une vaste collection d&rsquo;orchid\u00e9es cultiv\u00e9es au couleurs les &hellip; <a href=\"https:\/\/www.espacegraphique.com\/blog\/photos\/festival-orchidees-sauvages-urcel-238\" class=\"more-link\">Continuer la lecture de <span class=\"screen-reader-text\">Festival d&rsquo;orchid\u00e9es \u00e0 Urcel<\/span>  <span class=\"meta-nav\">&rarr;<\/span><\/a><\/p>\n","protected":false},"author":1,"featured_media":0,"comment_status":"open","ping_status":"open","sticky":false,"template":"","format":"standard","meta":{"footnotes":""},"categories":[13],"tags":[117,116,114,115,51,106,118],"class_list":["post-238","post","type-post","status-publish","format-standard","hentry","category-photos","tag-art","tag-festival","tag-orchidees","tag-orchis","tag-photo","tag-sauvages","tag-visite"],"aioseo_notices":[],"_links":{"self":[{"href":"https:\/\/www.espacegraphique.com\/blog\/wp-json\/wp\/v2\/posts\/238","targetHints":{"allow":["GET"]}}],"collection":[{"href":"https:\/\/www.espacegraphique.com\/blog\/wp-json\/wp\/v2\/posts"}],"about":[{"href":"https:\/\/www.espacegraphique.com\/blog\/wp-json\/wp\/v2\/types\/post"}],"author":[{"embeddable":true,"href":"https:\/\/www.espacegraphique.com\/blog\/wp-json\/wp\/v2\/users\/1"}],"replies":[{"embeddable":true,"href":"https:\/\/www.espacegraphique.com\/blog\/wp-json\/wp\/v2\/comments?post=238"}],"version-history":[{"count":6,"href":"https:\/\/www.espacegraphique.com\/blog\/wp-json\/wp\/v2\/posts\/238\/revisions"}],"predecessor-version":[{"id":243,"href":"https:\/\/www.espacegraphique.com\/blog\/wp-json\/wp\/v2\/posts\/238\/revisions\/243"}],"wp:attachment":[{"href":"https:\/\/www.espacegraphique.com\/blog\/wp-json\/wp\/v2\/media?parent=238"}],"wp:term":[{"taxonomy":"category","embeddable":true,"href":"https:\/\/www.espacegraphique.com\/blog\/wp-json\/wp\/v2\/categories?post=238"},{"taxonomy":"post_tag","embeddable":true,"href":"https:\/\/www.espacegraphique.com\/blog\/wp-json\/wp\/v2\/tags?post=238"}],"curies":[{"name":"wp","href":"https:\/\/api.w.org\/{rel}","templated":true}]}}