{"id":2603,"date":"2014-03-01T17:02:45","date_gmt":"2014-03-01T15:02:45","guid":{"rendered":"http:\/\/www.espacegraphique.com\/blog\/?p=2603"},"modified":"2014-03-01T17:02:45","modified_gmt":"2014-03-01T15:02:45","slug":"crayonne-de-lile-temple","status":"publish","type":"post","link":"https:\/\/www.espacegraphique.com\/blog\/carton\/decors\/crayonne-de-lile-temple-2603","title":{"rendered":"Crayonn\u00e9 de l&rsquo;\u00eele temple"},"content":{"rendered":"<p><strong>Voici la premi\u00e8re case d&rsquo;une nouvelle histoire que je suis en train de dessiner. <\/strong><\/p>\n<p>Elle pr\u00e9sente un d\u00e9cor mar\u00e9cageux au milieu duquel se dresse un temple. La petite famille \u00ab\u00a0Sep te bre\u00a0\u00bb s&rsquo;y r\u00e9fugie, c&rsquo;est la suite de l&rsquo;\u00e9pisode paru dans le dernier album collectif de <a href=\"http:\/\/lanterne-bd.blogspot.fr\/\">La Lanterne \u00e0 BD<\/a>, le fameux N\u00b06.<\/p>\n<p>Je n&rsquo;ai pas super bien \u00ab\u00a0clean\u00e9\u00a0\u00bb mon dessin ce qui va sans doute me poser des probl\u00e8mes lors du passage \u00e0 l&rsquo;aquarelle vu que les couleurs restent transparentes. Afin de r\u00e9soudre ce point, je vais sans doute d\u00e9calquer ma premi\u00e8re planche sur une autre feuille bien blanche.<\/p>\n<p>Oui cette ann\u00e9e pas de couleurs informatiques, que du naturel \ud83d\ude42<\/p>\n<figure id=\"attachment_2606\" aria-describedby=\"caption-attachment-2606\" style=\"width: 208px\" class=\"wp-caption aligncenter\"><a href=\"https:\/\/www.espacegraphique.com\/blog\/wp-content\/uploads\/2014\/03\/planche-temple.jpg\"><img loading=\"lazy\" decoding=\"async\" class=\"size-medium wp-image-2606 \" title=\"Crayonn\u00e9 de la premi\u00e8re planche\" alt=\"Crayonn\u00e9 de la premi\u00e8re planche\" src=\"https:\/\/www.espacegraphique.com\/blog\/wp-content\/uploads\/2014\/03\/planche-temple-208x300.jpg\" width=\"208\" height=\"300\" srcset=\"https:\/\/www.espacegraphique.com\/blog\/wp-content\/uploads\/2014\/03\/planche-temple-208x300.jpg 208w, https:\/\/www.espacegraphique.com\/blog\/wp-content\/uploads\/2014\/03\/planche-temple.jpg 639w\" sizes=\"auto, (max-width: 208px) 100vw, 208px\" \/><\/a><figcaption id=\"caption-attachment-2606\" class=\"wp-caption-text\">Crayonn\u00e9 de la premi\u00e8re planche<\/figcaption><\/figure>\n<p>En attendant, je continue de dessiner mon histoire qui devrait tenir en deux pages, avec une chute humoristique (vu que c&rsquo;est le th\u00e8me de cette ann\u00e9e).<\/p>\n<p>Pour voir la mise en couleur des pr\u00e9c\u00e9dents \u00e9pisodes, c&rsquo;est ici :<\/p>\n<ul>\n<li><a href=\"https:\/\/www.espacegraphique.com\/blog\/carton\/le-nid-dans-le-nenuphar-rose-1884\">Le nid dans le n\u00e9nuphar rose<\/a><\/li>\n<\/ul>\n<p>&nbsp;<\/p>\n","protected":false},"excerpt":{"rendered":"<p>Voici la premi\u00e8re case d&rsquo;une nouvelle histoire que je suis en train de dessiner.<\/p>\n","protected":false},"author":1,"featured_media":2604,"comment_status":"open","ping_status":"open","sticky":false,"template":"","format":"standard","meta":{"footnotes":""},"categories":[252,191,21],"tags":[193,36,24,244],"class_list":["post-2603","post","type-post","status-publish","format-standard","has-post-thumbnail","hentry","category-bd-carton","category-carton","category-decors","tag-bd","tag-crayonne","tag-decor","tag-marais"],"aioseo_notices":[],"_links":{"self":[{"href":"https:\/\/www.espacegraphique.com\/blog\/wp-json\/wp\/v2\/posts\/2603","targetHints":{"allow":["GET"]}}],"collection":[{"href":"https:\/\/www.espacegraphique.com\/blog\/wp-json\/wp\/v2\/posts"}],"about":[{"href":"https:\/\/www.espacegraphique.com\/blog\/wp-json\/wp\/v2\/types\/post"}],"author":[{"embeddable":true,"href":"https:\/\/www.espacegraphique.com\/blog\/wp-json\/wp\/v2\/users\/1"}],"replies":[{"embeddable":true,"href":"https:\/\/www.espacegraphique.com\/blog\/wp-json\/wp\/v2\/comments?post=2603"}],"version-history":[{"count":7,"href":"https:\/\/www.espacegraphique.com\/blog\/wp-json\/wp\/v2\/posts\/2603\/revisions"}],"predecessor-version":[{"id":2612,"href":"https:\/\/www.espacegraphique.com\/blog\/wp-json\/wp\/v2\/posts\/2603\/revisions\/2612"}],"wp:featuredmedia":[{"embeddable":true,"href":"https:\/\/www.espacegraphique.com\/blog\/wp-json\/wp\/v2\/media\/2604"}],"wp:attachment":[{"href":"https:\/\/www.espacegraphique.com\/blog\/wp-json\/wp\/v2\/media?parent=2603"}],"wp:term":[{"taxonomy":"category","embeddable":true,"href":"https:\/\/www.espacegraphique.com\/blog\/wp-json\/wp\/v2\/categories?post=2603"},{"taxonomy":"post_tag","embeddable":true,"href":"https:\/\/www.espacegraphique.com\/blog\/wp-json\/wp\/v2\/tags?post=2603"}],"curies":[{"name":"wp","href":"https:\/\/api.w.org\/{rel}","templated":true}]}}