{"id":2740,"date":"2014-06-22T15:51:21","date_gmt":"2014-06-22T13:51:21","guid":{"rendered":"http:\/\/www.espacegraphique.com\/blog\/?p=2740"},"modified":"2014-06-22T15:54:10","modified_gmt":"2014-06-22T13:54:10","slug":"valeriane-plantain-deau-et-autres-trouvailles","status":"publish","type":"post","link":"https:\/\/www.espacegraphique.com\/blog\/photos\/valeriane-plantain-deau-et-autres-trouvailles-2740","title":{"rendered":"Val\u00e9riane, plantain d&rsquo;eau et autres trouvailles"},"content":{"rendered":"<p><strong>Voici quelques photos\u00a0r\u00e9alis\u00e9es\u00a0sur les bords\u00a0de la Somme.<\/strong><\/p>\n<p>L&rsquo;invit\u00e9e d&rsquo;honneur du jour est la Val\u00e9riane (enfin je crois). Au soleil ses ombelles prennent des teintes l\u00e9g\u00e8rement ros\u00e9es, les fleurs tubulaires ont\u00a0cinq lobes.<\/p>\n<p>Au niveau des feuilles elles sont clairement oppos\u00e9es, d\u00e9coup\u00e9es et sessiles.<\/p>\n<p><a href=\"https:\/\/www.espacegraphique.com\/blog\/wp-content\/uploads\/2014\/06\/valeriane-feuilles.jpg\"><img loading=\"lazy\" decoding=\"async\" class=\"size-full wp-image-2743 aligncenter\" src=\"https:\/\/www.espacegraphique.com\/blog\/wp-content\/uploads\/2014\/06\/valeriane-feuilles.jpg\" alt=\"Val\u00e9riane feuilles\" width=\"640\" height=\"480\" srcset=\"https:\/\/www.espacegraphique.com\/blog\/wp-content\/uploads\/2014\/06\/valeriane-feuilles.jpg 640w, https:\/\/www.espacegraphique.com\/blog\/wp-content\/uploads\/2014\/06\/valeriane-feuilles-300x225.jpg 300w, https:\/\/www.espacegraphique.com\/blog\/wp-content\/uploads\/2014\/06\/valeriane-feuilles-600x450.jpg 600w\" sizes=\"auto, (max-width: 640px) 100vw, 640px\" \/><\/a><\/p>\n<p>Un peu plus loin c&rsquo;\u00e9tait un peu l&rsquo;Amazonie (fond musical avec des croassements de grenouilles).<\/p>\n<p><a href=\"https:\/\/www.espacegraphique.com\/blog\/wp-content\/uploads\/2014\/06\/arbre-pont.jpg\"><img loading=\"lazy\" decoding=\"async\" class=\"size-full wp-image-2744 aligncenter\" src=\"https:\/\/www.espacegraphique.com\/blog\/wp-content\/uploads\/2014\/06\/arbre-pont.jpg\" alt=\"Arbre Pont\" width=\"640\" height=\"480\" srcset=\"https:\/\/www.espacegraphique.com\/blog\/wp-content\/uploads\/2014\/06\/arbre-pont.jpg 640w, https:\/\/www.espacegraphique.com\/blog\/wp-content\/uploads\/2014\/06\/arbre-pont-300x225.jpg 300w, https:\/\/www.espacegraphique.com\/blog\/wp-content\/uploads\/2014\/06\/arbre-pont-600x450.jpg 600w\" sizes=\"auto, (max-width: 640px) 100vw, 640px\" \/><\/a><\/p>\n<p>Ca fait \u00e9galement\u00a0plaisir de voir un Lychnis fleur de coucou (<em>Lychnis flos-cuculi),<\/em>\u00a0la floraison est assez fugace.<\/p>\n<p><a href=\"https:\/\/www.espacegraphique.com\/blog\/wp-content\/uploads\/2014\/06\/Lychnis-flos-cuculi.jpg\"><img loading=\"lazy\" decoding=\"async\" class=\"size-full wp-image-2746 aligncenter\" src=\"https:\/\/www.espacegraphique.com\/blog\/wp-content\/uploads\/2014\/06\/Lychnis-flos-cuculi.jpg\" alt=\"Lychnis fleur de coucou\" width=\"640\" height=\"480\" srcset=\"https:\/\/www.espacegraphique.com\/blog\/wp-content\/uploads\/2014\/06\/Lychnis-flos-cuculi.jpg 640w, https:\/\/www.espacegraphique.com\/blog\/wp-content\/uploads\/2014\/06\/Lychnis-flos-cuculi-300x225.jpg 300w, https:\/\/www.espacegraphique.com\/blog\/wp-content\/uploads\/2014\/06\/Lychnis-flos-cuculi-600x450.jpg 600w\" sizes=\"auto, (max-width: 640px) 100vw, 640px\" \/><\/a><\/p>\n<p>Au bord du canal,\u00a0un Plantain d&rsquo;eau commun (<em>Alisma plantago-aquatica)<\/em>\u00a0avec ses fleurs \u00e0 trois p\u00e9tales et ses feuilles en forme de lance.<\/p>\n<p><a href=\"https:\/\/www.espacegraphique.com\/blog\/wp-content\/uploads\/2014\/06\/plantain-eau.jpg\"><img loading=\"lazy\" decoding=\"async\" class=\"size-full wp-image-2745 aligncenter\" src=\"https:\/\/www.espacegraphique.com\/blog\/wp-content\/uploads\/2014\/06\/plantain-eau.jpg\" alt=\"Plantain d'eau commun\" width=\"480\" height=\"640\" srcset=\"https:\/\/www.espacegraphique.com\/blog\/wp-content\/uploads\/2014\/06\/plantain-eau.jpg 480w, https:\/\/www.espacegraphique.com\/blog\/wp-content\/uploads\/2014\/06\/plantain-eau-225x300.jpg 225w\" sizes=\"auto, (max-width: 480px) 100vw, 480px\" \/><\/a><\/p>\n<p>Et une Epervi\u00e8re orang\u00e9e (<em>Pilosella aurantiaca<\/em>).<\/p>\n<p><a href=\"https:\/\/www.espacegraphique.com\/blog\/wp-content\/uploads\/2014\/06\/eperviere-orangee.jpg\"><img loading=\"lazy\" decoding=\"async\" class=\"size-full wp-image-2747 aligncenter\" src=\"https:\/\/www.espacegraphique.com\/blog\/wp-content\/uploads\/2014\/06\/eperviere-orangee.jpg\" alt=\"Epervi\u00e8re orang\u00e9e\" width=\"640\" height=\"480\" srcset=\"https:\/\/www.espacegraphique.com\/blog\/wp-content\/uploads\/2014\/06\/eperviere-orangee.jpg 640w, https:\/\/www.espacegraphique.com\/blog\/wp-content\/uploads\/2014\/06\/eperviere-orangee-300x225.jpg 300w, https:\/\/www.espacegraphique.com\/blog\/wp-content\/uploads\/2014\/06\/eperviere-orangee-600x450.jpg 600w\" sizes=\"auto, (max-width: 640px) 100vw, 640px\" \/><\/a><br \/>\nAvec des feuilles aussi poilues que des oreilles de souris.<\/p>\n<p><a href=\"https:\/\/www.espacegraphique.com\/blog\/wp-content\/uploads\/2014\/06\/eperviere-feuilles.jpg\"><img loading=\"lazy\" decoding=\"async\" class=\"size-full wp-image-2748 aligncenter\" src=\"https:\/\/www.espacegraphique.com\/blog\/wp-content\/uploads\/2014\/06\/eperviere-feuilles.jpg\" alt=\"Epervi\u00e8re feuilles\" width=\"640\" height=\"480\" srcset=\"https:\/\/www.espacegraphique.com\/blog\/wp-content\/uploads\/2014\/06\/eperviere-feuilles.jpg 640w, https:\/\/www.espacegraphique.com\/blog\/wp-content\/uploads\/2014\/06\/eperviere-feuilles-300x225.jpg 300w, https:\/\/www.espacegraphique.com\/blog\/wp-content\/uploads\/2014\/06\/eperviere-feuilles-600x450.jpg 600w\" sizes=\"auto, (max-width: 640px) 100vw, 640px\" \/><\/a><\/p>\n","protected":false},"excerpt":{"rendered":"<p>Voici quelques photos r\u00e9alis\u00e9es sur les bords de la Somme.<\/p>\n","protected":false},"author":1,"featured_media":2741,"comment_status":"open","ping_status":"open","sticky":false,"template":"","format":"standard","meta":{"footnotes":""},"categories":[233,13],"tags":[47,101,244,92],"class_list":["post-2740","post","type-post","status-publish","format-standard","has-post-thumbnail","hentry","category-paysages","category-photos","tag-eau","tag-lychnis","tag-marais","tag-saint-quentin"],"aioseo_notices":[],"aioseo_head":"\n\t\t<!-- All in One SEO 5.0.0.1 - aioseo.com -->\n\t<meta name=\"description\" content=\"Un peu plus loin c&#039;\u00e9tait un peu l&#039;Amazonie.\" \/>\n\t<meta name=\"robots\" content=\"max-image-preview:large\" \/>\n\t<meta name=\"author\" content=\"Yann\"\/>\n\t<link rel=\"canonical\" href=\"https:\/\/www.espacegraphique.com\/blog\/photos\/valeriane-plantain-deau-et-autres-trouvailles-2740\" \/>\n\t<meta name=\"generator\" content=\"All in One SEO (AIOSEO) 5.0.0.1\" \/>\n\t\t<meta property=\"og:locale\" content=\"fr_FR\" \/>\n\t\t<meta property=\"og:site_name\" content=\"Espace Graphique | Mon petit journal graphique\" \/>\n\t\t<meta property=\"og:type\" content=\"article\" \/>\n\t\t<meta property=\"og:title\" content=\"Val\u00e9riane, plantain d&#039;eau et autres trouvailles en bord de Somme | Espace Graphique\" \/>\n\t\t<meta property=\"og:description\" content=\"Un peu plus loin c&#039;\u00e9tait un peu l&#039;Amazonie.\" \/>\n\t\t<meta property=\"og:url\" content=\"https:\/\/www.espacegraphique.com\/blog\/photos\/valeriane-plantain-deau-et-autres-trouvailles-2740\" \/>\n\t\t<meta property=\"article:published_time\" content=\"2014-06-22T13:51:21+00:00\" \/>\n\t\t<meta property=\"article:modified_time\" content=\"2014-06-22T13:54:10+00:00\" \/>\n\t\t<meta name=\"twitter:card\" content=\"summary\" \/>\n\t\t<meta name=\"twitter:title\" content=\"Val\u00e9riane, plantain d&#039;eau et autres trouvailles en bord de Somme | Espace Graphique\" \/>\n\t\t<meta name=\"twitter:description\" content=\"Un peu plus loin c&#039;\u00e9tait un peu l&#039;Amazonie.\" \/>\n\t\t<script type=\"application\/ld+json\" class=\"aioseo-schema\">\n\t\t\t{\"@context\":\"https:\\\/\\\/schema.org\",\"@graph\":[{\"@type\":\"Article\",\"@id\":\"https:\\\/\\\/www.espacegraphique.com\\\/blog\\\/photos\\\/valeriane-plantain-deau-et-autres-trouvailles-2740#article\",\"name\":\"Val\\u00e9riane, plantain d'eau et autres trouvailles en bord de Somme | Espace Graphique\",\"headline\":\"Val\\u00e9riane, plantain d&rsquo;eau et autres trouvailles\",\"author\":{\"@id\":\"https:\\\/\\\/www.espacegraphique.com\\\/blog\\\/author\\\/admin#author\"},\"publisher\":{\"@id\":\"https:\\\/\\\/www.espacegraphique.com\\\/blog\\\/#organization\"},\"image\":{\"@type\":\"ImageObject\",\"url\":\"https:\\\/\\\/www.espacegraphique.com\\\/blog\\\/wp-content\\\/uploads\\\/2014\\\/06\\\/valeriane-syrphe.jpg\",\"width\":640,\"height\":240,\"caption\":\"Val\\u00e9riane et syrphe\"},\"datePublished\":\"2014-06-22T15:51:21+02:00\",\"dateModified\":\"2014-06-22T15:54:10+02:00\",\"inLanguage\":\"fr-FR\",\"commentCount\":5,\"mainEntityOfPage\":{\"@id\":\"https:\\\/\\\/www.espacegraphique.com\\\/blog\\\/photos\\\/valeriane-plantain-deau-et-autres-trouvailles-2740#webpage\"},\"isPartOf\":{\"@id\":\"https:\\\/\\\/www.espacegraphique.com\\\/blog\\\/photos\\\/valeriane-plantain-deau-et-autres-trouvailles-2740#webpage\"},\"articleSection\":\"paysages, Photos, eau, Lychnis, marais, saint-quentin\"},{\"@type\":\"BreadcrumbList\",\"@id\":\"https:\\\/\\\/www.espacegraphique.com\\\/blog\\\/photos\\\/valeriane-plantain-deau-et-autres-trouvailles-2740#breadcrumblist\",\"itemListElement\":[{\"@type\":\"ListItem\",\"@id\":\"https:\\\/\\\/www.espacegraphique.com\\\/blog#listItem\",\"position\":1,\"name\":\"Accueil\",\"item\":\"https:\\\/\\\/www.espacegraphique.com\\\/blog\",\"nextItem\":{\"@type\":\"ListItem\",\"@id\":\"https:\\\/\\\/www.espacegraphique.com\\\/blog\\\/planche\\\/photos#listItem\",\"name\":\"Photos\"}},{\"@type\":\"ListItem\",\"@id\":\"https:\\\/\\\/www.espacegraphique.com\\\/blog\\\/planche\\\/photos#listItem\",\"position\":2,\"name\":\"Photos\",\"item\":\"https:\\\/\\\/www.espacegraphique.com\\\/blog\\\/planche\\\/photos\",\"nextItem\":{\"@type\":\"ListItem\",\"@id\":\"https:\\\/\\\/www.espacegraphique.com\\\/blog\\\/planche\\\/photos\\\/paysages#listItem\",\"name\":\"paysages\"},\"previousItem\":{\"@type\":\"ListItem\",\"@id\":\"https:\\\/\\\/www.espacegraphique.com\\\/blog#listItem\",\"name\":\"Accueil\"}},{\"@type\":\"ListItem\",\"@id\":\"https:\\\/\\\/www.espacegraphique.com\\\/blog\\\/planche\\\/photos\\\/paysages#listItem\",\"position\":3,\"name\":\"paysages\",\"item\":\"https:\\\/\\\/www.espacegraphique.com\\\/blog\\\/planche\\\/photos\\\/paysages\",\"nextItem\":{\"@type\":\"ListItem\",\"@id\":\"https:\\\/\\\/www.espacegraphique.com\\\/blog\\\/photos\\\/valeriane-plantain-deau-et-autres-trouvailles-2740#listItem\",\"name\":\"Val\\u00e9riane, plantain d&rsquo;eau et autres trouvailles\"},\"previousItem\":{\"@type\":\"ListItem\",\"@id\":\"https:\\\/\\\/www.espacegraphique.com\\\/blog\\\/planche\\\/photos#listItem\",\"name\":\"Photos\"}},{\"@type\":\"ListItem\",\"@id\":\"https:\\\/\\\/www.espacegraphique.com\\\/blog\\\/photos\\\/valeriane-plantain-deau-et-autres-trouvailles-2740#listItem\",\"position\":4,\"name\":\"Val\\u00e9riane, plantain d&rsquo;eau et autres trouvailles\",\"previousItem\":{\"@type\":\"ListItem\",\"@id\":\"https:\\\/\\\/www.espacegraphique.com\\\/blog\\\/planche\\\/photos\\\/paysages#listItem\",\"name\":\"paysages\"}}]},{\"@type\":\"Organization\",\"@id\":\"https:\\\/\\\/www.espacegraphique.com\\\/blog\\\/#organization\",\"name\":\"Espace Graphique\",\"description\":\"Mon petit journal graphique\",\"url\":\"https:\\\/\\\/www.espacegraphique.com\\\/blog\\\/\"},{\"@type\":\"Person\",\"@id\":\"https:\\\/\\\/www.espacegraphique.com\\\/blog\\\/author\\\/admin#author\",\"url\":\"https:\\\/\\\/www.espacegraphique.com\\\/blog\\\/author\\\/admin\",\"name\":\"Yann\",\"image\":{\"@type\":\"ImageObject\",\"@id\":\"https:\\\/\\\/www.espacegraphique.com\\\/blog\\\/photos\\\/valeriane-plantain-deau-et-autres-trouvailles-2740#authorImage\",\"url\":\"https:\\\/\\\/secure.gravatar.com\\\/avatar\\\/05f8f89222152d60c127ff66d91f94e5ad916730aa5d5be07144ab977018dd0d?s=96&r=g\",\"width\":96,\"height\":96,\"caption\":\"Yann\"}},{\"@type\":\"WebPage\",\"@id\":\"https:\\\/\\\/www.espacegraphique.com\\\/blog\\\/photos\\\/valeriane-plantain-deau-et-autres-trouvailles-2740#webpage\",\"url\":\"https:\\\/\\\/www.espacegraphique.com\\\/blog\\\/photos\\\/valeriane-plantain-deau-et-autres-trouvailles-2740\",\"name\":\"Val\\u00e9riane, plantain d'eau et autres trouvailles en bord de Somme | Espace Graphique\",\"description\":\"Un peu plus loin c'\\u00e9tait un peu l'Amazonie.\",\"inLanguage\":\"fr-FR\",\"isPartOf\":{\"@id\":\"https:\\\/\\\/www.espacegraphique.com\\\/blog\\\/#website\"},\"breadcrumb\":{\"@id\":\"https:\\\/\\\/www.espacegraphique.com\\\/blog\\\/photos\\\/valeriane-plantain-deau-et-autres-trouvailles-2740#breadcrumblist\"},\"author\":{\"@id\":\"https:\\\/\\\/www.espacegraphique.com\\\/blog\\\/author\\\/admin#author\"},\"creator\":{\"@id\":\"https:\\\/\\\/www.espacegraphique.com\\\/blog\\\/author\\\/admin#author\"},\"image\":{\"@type\":\"ImageObject\",\"url\":\"https:\\\/\\\/www.espacegraphique.com\\\/blog\\\/wp-content\\\/uploads\\\/2014\\\/06\\\/valeriane-syrphe.jpg\",\"@id\":\"https:\\\/\\\/www.espacegraphique.com\\\/blog\\\/photos\\\/valeriane-plantain-deau-et-autres-trouvailles-2740\\\/#mainImage\",\"width\":640,\"height\":240,\"caption\":\"Val\\u00e9riane et syrphe\"},\"primaryImageOfPage\":{\"@id\":\"https:\\\/\\\/www.espacegraphique.com\\\/blog\\\/photos\\\/valeriane-plantain-deau-et-autres-trouvailles-2740#mainImage\"},\"datePublished\":\"2014-06-22T15:51:21+02:00\",\"dateModified\":\"2014-06-22T15:54:10+02:00\"},{\"@type\":\"WebSite\",\"@id\":\"https:\\\/\\\/www.espacegraphique.com\\\/blog\\\/#website\",\"url\":\"https:\\\/\\\/www.espacegraphique.com\\\/blog\\\/\",\"name\":\"Espace Graphique\",\"description\":\"Mon petit journal graphique\",\"inLanguage\":\"fr-FR\",\"publisher\":{\"@id\":\"https:\\\/\\\/www.espacegraphique.com\\\/blog\\\/#organization\"}}]}\n\t\t<\/script>\n\t\t<!-- All in One SEO -->\n\n","aioseo_head_json":{"title":"Val\u00e9riane, plantain d'eau et autres trouvailles en bord de Somme | Espace Graphique","description":"Un peu plus loin c'\u00e9tait un peu l'Amazonie.","canonical_url":"https:\/\/www.espacegraphique.com\/blog\/photos\/valeriane-plantain-deau-et-autres-trouvailles-2740","robots":"max-image-preview:large","keywords":"","webmasterTools":{"miscellaneous":""},"schema":{"@context":"https:\/\/schema.org","@graph":[{"@type":"Article","@id":"https:\/\/www.espacegraphique.com\/blog\/photos\/valeriane-plantain-deau-et-autres-trouvailles-2740#article","name":"Val\u00e9riane, plantain d'eau et autres trouvailles en bord de Somme | Espace Graphique","headline":"Val\u00e9riane, plantain d&rsquo;eau et autres trouvailles","author":{"@id":"https:\/\/www.espacegraphique.com\/blog\/author\/admin#author"},"publisher":{"@id":"https:\/\/www.espacegraphique.com\/blog\/#organization"},"image":{"@type":"ImageObject","url":"https:\/\/www.espacegraphique.com\/blog\/wp-content\/uploads\/2014\/06\/valeriane-syrphe.jpg","width":640,"height":240,"caption":"Val\u00e9riane et syrphe"},"datePublished":"2014-06-22T15:51:21+02:00","dateModified":"2014-06-22T15:54:10+02:00","inLanguage":"fr-FR","commentCount":5,"mainEntityOfPage":{"@id":"https:\/\/www.espacegraphique.com\/blog\/photos\/valeriane-plantain-deau-et-autres-trouvailles-2740#webpage"},"isPartOf":{"@id":"https:\/\/www.espacegraphique.com\/blog\/photos\/valeriane-plantain-deau-et-autres-trouvailles-2740#webpage"},"articleSection":"paysages, Photos, eau, Lychnis, marais, saint-quentin"},{"@type":"BreadcrumbList","@id":"https:\/\/www.espacegraphique.com\/blog\/photos\/valeriane-plantain-deau-et-autres-trouvailles-2740#breadcrumblist","itemListElement":[{"@type":"ListItem","@id":"https:\/\/www.espacegraphique.com\/blog#listItem","position":1,"name":"Accueil","item":"https:\/\/www.espacegraphique.com\/blog","nextItem":{"@type":"ListItem","@id":"https:\/\/www.espacegraphique.com\/blog\/planche\/photos#listItem","name":"Photos"}},{"@type":"ListItem","@id":"https:\/\/www.espacegraphique.com\/blog\/planche\/photos#listItem","position":2,"name":"Photos","item":"https:\/\/www.espacegraphique.com\/blog\/planche\/photos","nextItem":{"@type":"ListItem","@id":"https:\/\/www.espacegraphique.com\/blog\/planche\/photos\/paysages#listItem","name":"paysages"},"previousItem":{"@type":"ListItem","@id":"https:\/\/www.espacegraphique.com\/blog#listItem","name":"Accueil"}},{"@type":"ListItem","@id":"https:\/\/www.espacegraphique.com\/blog\/planche\/photos\/paysages#listItem","position":3,"name":"paysages","item":"https:\/\/www.espacegraphique.com\/blog\/planche\/photos\/paysages","nextItem":{"@type":"ListItem","@id":"https:\/\/www.espacegraphique.com\/blog\/photos\/valeriane-plantain-deau-et-autres-trouvailles-2740#listItem","name":"Val\u00e9riane, plantain d&rsquo;eau et autres trouvailles"},"previousItem":{"@type":"ListItem","@id":"https:\/\/www.espacegraphique.com\/blog\/planche\/photos#listItem","name":"Photos"}},{"@type":"ListItem","@id":"https:\/\/www.espacegraphique.com\/blog\/photos\/valeriane-plantain-deau-et-autres-trouvailles-2740#listItem","position":4,"name":"Val\u00e9riane, plantain d&rsquo;eau et autres trouvailles","previousItem":{"@type":"ListItem","@id":"https:\/\/www.espacegraphique.com\/blog\/planche\/photos\/paysages#listItem","name":"paysages"}}]},{"@type":"Organization","@id":"https:\/\/www.espacegraphique.com\/blog\/#organization","name":"Espace Graphique","description":"Mon petit journal graphique","url":"https:\/\/www.espacegraphique.com\/blog\/"},{"@type":"Person","@id":"https:\/\/www.espacegraphique.com\/blog\/author\/admin#author","url":"https:\/\/www.espacegraphique.com\/blog\/author\/admin","name":"Yann","image":{"@type":"ImageObject","@id":"https:\/\/www.espacegraphique.com\/blog\/photos\/valeriane-plantain-deau-et-autres-trouvailles-2740#authorImage","url":"https:\/\/secure.gravatar.com\/avatar\/05f8f89222152d60c127ff66d91f94e5ad916730aa5d5be07144ab977018dd0d?s=96&r=g","width":96,"height":96,"caption":"Yann"}},{"@type":"WebPage","@id":"https:\/\/www.espacegraphique.com\/blog\/photos\/valeriane-plantain-deau-et-autres-trouvailles-2740#webpage","url":"https:\/\/www.espacegraphique.com\/blog\/photos\/valeriane-plantain-deau-et-autres-trouvailles-2740","name":"Val\u00e9riane, plantain d'eau et autres trouvailles en bord de Somme | Espace Graphique","description":"Un peu plus loin c'\u00e9tait un peu l'Amazonie.","inLanguage":"fr-FR","isPartOf":{"@id":"https:\/\/www.espacegraphique.com\/blog\/#website"},"breadcrumb":{"@id":"https:\/\/www.espacegraphique.com\/blog\/photos\/valeriane-plantain-deau-et-autres-trouvailles-2740#breadcrumblist"},"author":{"@id":"https:\/\/www.espacegraphique.com\/blog\/author\/admin#author"},"creator":{"@id":"https:\/\/www.espacegraphique.com\/blog\/author\/admin#author"},"image":{"@type":"ImageObject","url":"https:\/\/www.espacegraphique.com\/blog\/wp-content\/uploads\/2014\/06\/valeriane-syrphe.jpg","@id":"https:\/\/www.espacegraphique.com\/blog\/photos\/valeriane-plantain-deau-et-autres-trouvailles-2740\/#mainImage","width":640,"height":240,"caption":"Val\u00e9riane et syrphe"},"primaryImageOfPage":{"@id":"https:\/\/www.espacegraphique.com\/blog\/photos\/valeriane-plantain-deau-et-autres-trouvailles-2740#mainImage"},"datePublished":"2014-06-22T15:51:21+02:00","dateModified":"2014-06-22T15:54:10+02:00"},{"@type":"WebSite","@id":"https:\/\/www.espacegraphique.com\/blog\/#website","url":"https:\/\/www.espacegraphique.com\/blog\/","name":"Espace Graphique","description":"Mon petit journal graphique","inLanguage":"fr-FR","publisher":{"@id":"https:\/\/www.espacegraphique.com\/blog\/#organization"}}]},"og:locale":"fr_FR","og:site_name":"Espace Graphique | Mon petit journal graphique","og:type":"article","og:title":"Val\u00e9riane, plantain d'eau et autres trouvailles en bord de Somme | Espace Graphique","og:description":"Un peu plus loin c'\u00e9tait un peu l'Amazonie.","og:url":"https:\/\/www.espacegraphique.com\/blog\/photos\/valeriane-plantain-deau-et-autres-trouvailles-2740","article:published_time":"2014-06-22T13:51:21+00:00","article:modified_time":"2014-06-22T13:54:10+00:00","twitter:card":"summary","twitter:title":"Val\u00e9riane, plantain d'eau et autres trouvailles en bord de Somme | Espace Graphique","twitter:description":"Un peu plus loin c'\u00e9tait un peu l'Amazonie."},"aioseo_meta_data":{"post_id":"2740","title":"Val\u00e9riane, plantain d'eau et autres trouvailles en bord de Somme | #site_title","description":"Un peu plus loin c'\u00e9tait un peu l'Amazonie.","keywords":[{"label":"Val\u00e9riane","value":"Val\u00e9riane"},{"label":"plantain","value":"plantain"},{"label":"Somme","value":"Somme"}],"keyphrases":null,"primary_term":null,"canonical_url":null,"og_title":null,"og_description":null,"og_object_type":"default","og_image_type":"default","og_image_url":null,"og_image_width":null,"og_image_height":null,"og_image_custom_url":null,"og_image_custom_fields":null,"og_video":null,"og_custom_url":null,"og_article_section":null,"og_article_tags":null,"twitter_use_og":false,"twitter_card":"default","twitter_image_type":"default","twitter_image_url":null,"twitter_image_custom_url":null,"twitter_image_custom_fields":null,"twitter_title":null,"twitter_description":null,"schema":{"blockGraphs":[],"customGraphs":[],"default":{"data":{"Article":[],"Course":[],"Dataset":[],"FAQPage":[],"Movie":[],"Person":[],"Product":[],"ProductReview":[],"Car":[],"Recipe":[],"Service":[],"SoftwareApplication":[],"WebPage":[]},"graphName":"","isEnabled":true},"graphs":[]},"schema_type":"default","schema_type_options":null,"pillar_content":false,"robots_default":true,"robots_noindex":false,"robots_noarchive":false,"robots_nosnippet":false,"robots_nofollow":false,"robots_noimageindex":false,"robots_noodp":false,"robots_notranslate":false,"robots_max_snippet":null,"robots_max_videopreview":null,"robots_max_imagepreview":"large","priority":null,"frequency":null,"local_seo":null,"limit_modified_date":false,"created":"2022-03-30 17:04:23","updated":"2026-08-22 01:27:35","focus_keyword":null,"additional_keywords":null,"truseo_locale":null,"ai":null,"breadcrumb_settings":null,"seo_analyzer_scan_date":null},"aioseo_breadcrumb":"<div class=\"aioseo-breadcrumbs\"><span class=\"aioseo-breadcrumb\">\n\t\t\t<a href=\"https:\/\/www.espacegraphique.com\/blog\" title=\"Accueil\">Accueil<\/a>\n\t\t<\/span><span class=\"aioseo-breadcrumb-separator\">&raquo;<\/span><span class=\"aioseo-breadcrumb\">\n\t\t\t<a href=\"https:\/\/www.espacegraphique.com\/blog\/planche\/photos\" title=\"Photos\">Photos<\/a>\n\t\t<\/span><span class=\"aioseo-breadcrumb-separator\">&raquo;<\/span><span class=\"aioseo-breadcrumb\">\n\t\t\t<a href=\"https:\/\/www.espacegraphique.com\/blog\/planche\/photos\/paysages\" title=\"paysages\">paysages<\/a>\n\t\t<\/span><span class=\"aioseo-breadcrumb-separator\">&raquo;<\/span><span class=\"aioseo-breadcrumb\">\n\t\t\tVal\u00e9riane, plantain d\u2019eau et autres trouvailles\n\t\t<\/span><\/div>","aioseo_breadcrumb_json":[{"label":"Accueil","link":"https:\/\/www.espacegraphique.com\/blog"},{"label":"Photos","link":"https:\/\/www.espacegraphique.com\/blog\/planche\/photos"},{"label":"paysages","link":"https:\/\/www.espacegraphique.com\/blog\/planche\/photos\/paysages"},{"label":"Val\u00e9riane, plantain d&rsquo;eau et autres trouvailles","link":"https:\/\/www.espacegraphique.com\/blog\/photos\/valeriane-plantain-deau-et-autres-trouvailles-2740"}],"_links":{"self":[{"href":"https:\/\/www.espacegraphique.com\/blog\/wp-json\/wp\/v2\/posts\/2740","targetHints":{"allow":["GET"]}}],"collection":[{"href":"https:\/\/www.espacegraphique.com\/blog\/wp-json\/wp\/v2\/posts"}],"about":[{"href":"https:\/\/www.espacegraphique.com\/blog\/wp-json\/wp\/v2\/types\/post"}],"author":[{"embeddable":true,"href":"https:\/\/www.espacegraphique.com\/blog\/wp-json\/wp\/v2\/users\/1"}],"replies":[{"embeddable":true,"href":"https:\/\/www.espacegraphique.com\/blog\/wp-json\/wp\/v2\/comments?post=2740"}],"version-history":[{"count":9,"href":"https:\/\/www.espacegraphique.com\/blog\/wp-json\/wp\/v2\/posts\/2740\/revisions"}],"predecessor-version":[{"id":2757,"href":"https:\/\/www.espacegraphique.com\/blog\/wp-json\/wp\/v2\/posts\/2740\/revisions\/2757"}],"wp:featuredmedia":[{"embeddable":true,"href":"https:\/\/www.espacegraphique.com\/blog\/wp-json\/wp\/v2\/media\/2741"}],"wp:attachment":[{"href":"https:\/\/www.espacegraphique.com\/blog\/wp-json\/wp\/v2\/media?parent=2740"}],"wp:term":[{"taxonomy":"category","embeddable":true,"href":"https:\/\/www.espacegraphique.com\/blog\/wp-json\/wp\/v2\/categories?post=2740"},{"taxonomy":"post_tag","embeddable":true,"href":"https:\/\/www.espacegraphique.com\/blog\/wp-json\/wp\/v2\/tags?post=2740"}],"curies":[{"name":"wp","href":"https:\/\/api.w.org\/{rel}","templated":true}]}}