{"id":2855,"date":"2014-10-11T10:13:13","date_gmt":"2014-10-11T08:13:13","guid":{"rendered":"http:\/\/www.espacegraphique.com\/blog\/?p=2855"},"modified":"2014-10-11T12:45:22","modified_gmt":"2014-10-11T10:45:22","slug":"dessin-de-dahlia","status":"publish","type":"post","link":"https:\/\/www.espacegraphique.com\/blog\/carton\/dessins\/dessin-de-dahlia-2855","title":{"rendered":"Dessin de dahlia"},"content":{"rendered":"<p><strong>Voici un dessin au crayon HB r\u00e9alis\u00e9 le temps d&rsquo;un atelier, j&rsquo;avais emmen\u00e9 avec moi cette fleur de Dahlia coup\u00e9e une heure plus t\u00f4t dans mon jardin.<\/strong><\/p>\n<p>J&rsquo;ai fait le choix de bien noircir les ombres pour que ce dessin soit contrast\u00e9, cela voulait dire qu&rsquo;il ne serait pas raisonnable ensuite d&rsquo;en faire une aquarelle, sauf \u00e0 devoir presque tout gommer.<\/p>\n<p>Les <a title=\"Dahlia\" href=\"https:\/\/www.espacegraphique.com\/asteracees\/dahlia.php\">dahlias<\/a> font partie de la grande famille des Ast\u00e9rac\u00e9es,\u00a0cette fleur rentrait dans la composition de nombreux bouquets du commerce il y a encore quelques ann\u00e9es. A pr\u00e9sent elle est un peu pass\u00e9e de mode, mais reste encore bien repr\u00e9sent\u00e9e dans nos jardins.<\/p>\n<p>J&rsquo;ai appris depuis peu que son tubercule pouvait \u00eatre consomm\u00e9.<\/p>\n","protected":false},"excerpt":{"rendered":"<p>Voici un dessin au crayon HB r\u00e9alis\u00e9 le temps d&rsquo;un atelier<\/p>\n","protected":false},"author":1,"featured_media":2856,"comment_status":"open","ping_status":"open","sticky":false,"template":"","format":"standard","meta":{"footnotes":""},"categories":[129],"tags":[7,5,12],"class_list":["post-2855","post","type-post","status-publish","format-standard","has-post-thumbnail","hentry","category-dessins","tag-crayon","tag-dessin","tag-fleur"],"aioseo_notices":[],"_links":{"self":[{"href":"https:\/\/www.espacegraphique.com\/blog\/wp-json\/wp\/v2\/posts\/2855","targetHints":{"allow":["GET"]}}],"collection":[{"href":"https:\/\/www.espacegraphique.com\/blog\/wp-json\/wp\/v2\/posts"}],"about":[{"href":"https:\/\/www.espacegraphique.com\/blog\/wp-json\/wp\/v2\/types\/post"}],"author":[{"embeddable":true,"href":"https:\/\/www.espacegraphique.com\/blog\/wp-json\/wp\/v2\/users\/1"}],"replies":[{"embeddable":true,"href":"https:\/\/www.espacegraphique.com\/blog\/wp-json\/wp\/v2\/comments?post=2855"}],"version-history":[{"count":2,"href":"https:\/\/www.espacegraphique.com\/blog\/wp-json\/wp\/v2\/posts\/2855\/revisions"}],"predecessor-version":[{"id":2858,"href":"https:\/\/www.espacegraphique.com\/blog\/wp-json\/wp\/v2\/posts\/2855\/revisions\/2858"}],"wp:featuredmedia":[{"embeddable":true,"href":"https:\/\/www.espacegraphique.com\/blog\/wp-json\/wp\/v2\/media\/2856"}],"wp:attachment":[{"href":"https:\/\/www.espacegraphique.com\/blog\/wp-json\/wp\/v2\/media?parent=2855"}],"wp:term":[{"taxonomy":"category","embeddable":true,"href":"https:\/\/www.espacegraphique.com\/blog\/wp-json\/wp\/v2\/categories?post=2855"},{"taxonomy":"post_tag","embeddable":true,"href":"https:\/\/www.espacegraphique.com\/blog\/wp-json\/wp\/v2\/tags?post=2855"}],"curies":[{"name":"wp","href":"https:\/\/api.w.org\/{rel}","templated":true}]}}