{"id":2980,"date":"2015-03-14T19:22:07","date_gmt":"2015-03-14T17:22:07","guid":{"rendered":"http:\/\/www.espacegraphique.com\/blog\/?p=2980"},"modified":"2015-03-14T19:46:16","modified_gmt":"2015-03-14T17:46:16","slug":"dessin-du-lin-cultive","status":"publish","type":"post","link":"https:\/\/www.espacegraphique.com\/blog\/carton\/dessins\/dessin-du-lin-cultive-2980","title":{"rendered":"Dessin du Lin cultiv\u00e9"},"content":{"rendered":"<p><strong>Je viens de terminer l&rsquo;encadrement de mon dessin du Linum usitatissimum (Lin\u00a0cultiv\u00e9)<\/strong><i>.<\/i><\/p>\n<p>Un dessin un peu particulier vu qu&rsquo;il est r\u00e9alis\u00e9 aux\u00a0crayons de couleur, sans esquisse.<\/p>\n<p>J&rsquo;ai dessin\u00e9 avant celui-ci\u00a0plusieurs autres dessins afin de bien\u00a0apprendre les particularit\u00e9s de la plante.\u00a0Au moment ou je l&rsquo;ai reprise\u00a0je n&rsquo;avais plus aucun mod\u00e8le devant les yeux.<\/p>\n<p>J&rsquo;ai utilis\u00e9 cette technique afin d&rsquo;essayer de rendre le caract\u00e8re brut de la plante qui est \u00e0 la fois souple et pleine de vitalit\u00e9.<\/p>\n<p>Apr\u00e8s le <a title=\"Lin rouge\" href=\"https:\/\/www.espacegraphique.com\/blog\/carton\/aquarelles\/linum-grandiflorum-a-laquarelle-2946\">Lin rouge<\/a> voici donc le Lin bleu, celui que l&rsquo;on cultive pour r\u00e9aliser du tissu ou m\u00eame de l&rsquo;huile de lin.<\/p>\n<p>Cliquez sur la photo pour l&rsquo;agrandir.<\/p>\n<figure id=\"attachment_2982\" aria-describedby=\"caption-attachment-2982\" style=\"width: 180px\" class=\"wp-caption aligncenter\"><a href=\"https:\/\/www.espacegraphique.com\/blog\/wp-content\/uploads\/2015\/03\/lin-bleu.jpg\"><img loading=\"lazy\" decoding=\"async\" class=\"wp-image-2982 size-medium\" src=\"https:\/\/www.espacegraphique.com\/blog\/wp-content\/uploads\/2015\/03\/lin-bleu-180x300.jpg\" alt=\"Linum usitatissimum (Lin cultiv\u00e9)\" width=\"180\" height=\"300\" srcset=\"https:\/\/www.espacegraphique.com\/blog\/wp-content\/uploads\/2015\/03\/lin-bleu-180x300.jpg 180w, https:\/\/www.espacegraphique.com\/blog\/wp-content\/uploads\/2015\/03\/lin-bleu-615x1024.jpg 615w, https:\/\/www.espacegraphique.com\/blog\/wp-content\/uploads\/2015\/03\/lin-bleu.jpg 669w\" sizes=\"auto, (max-width: 180px) 100vw, 180px\" \/><\/a><figcaption id=\"caption-attachment-2982\" class=\"wp-caption-text\">Linum usitatissimum (Lin cultiv\u00e9)<\/figcaption><\/figure>\n<p>&nbsp;<\/p>\n","protected":false},"excerpt":{"rendered":"<p>Un dessin un peu particulier vu qu&rsquo;il est r\u00e9alis\u00e9 aux crayons de couleur, sans esquisse.<\/p>\n","protected":false},"author":1,"featured_media":2981,"comment_status":"open","ping_status":"open","sticky":false,"template":"","format":"standard","meta":{"footnotes":""},"categories":[191,129],"tags":[150,7,5,12],"class_list":["post-2980","post","type-post","status-publish","format-standard","has-post-thumbnail","hentry","category-carton","category-dessins","tag-bleu","tag-crayon","tag-dessin","tag-fleur"],"aioseo_notices":[],"_links":{"self":[{"href":"https:\/\/www.espacegraphique.com\/blog\/wp-json\/wp\/v2\/posts\/2980","targetHints":{"allow":["GET"]}}],"collection":[{"href":"https:\/\/www.espacegraphique.com\/blog\/wp-json\/wp\/v2\/posts"}],"about":[{"href":"https:\/\/www.espacegraphique.com\/blog\/wp-json\/wp\/v2\/types\/post"}],"author":[{"embeddable":true,"href":"https:\/\/www.espacegraphique.com\/blog\/wp-json\/wp\/v2\/users\/1"}],"replies":[{"embeddable":true,"href":"https:\/\/www.espacegraphique.com\/blog\/wp-json\/wp\/v2\/comments?post=2980"}],"version-history":[{"count":11,"href":"https:\/\/www.espacegraphique.com\/blog\/wp-json\/wp\/v2\/posts\/2980\/revisions"}],"predecessor-version":[{"id":2993,"href":"https:\/\/www.espacegraphique.com\/blog\/wp-json\/wp\/v2\/posts\/2980\/revisions\/2993"}],"wp:featuredmedia":[{"embeddable":true,"href":"https:\/\/www.espacegraphique.com\/blog\/wp-json\/wp\/v2\/media\/2981"}],"wp:attachment":[{"href":"https:\/\/www.espacegraphique.com\/blog\/wp-json\/wp\/v2\/media?parent=2980"}],"wp:term":[{"taxonomy":"category","embeddable":true,"href":"https:\/\/www.espacegraphique.com\/blog\/wp-json\/wp\/v2\/categories?post=2980"},{"taxonomy":"post_tag","embeddable":true,"href":"https:\/\/www.espacegraphique.com\/blog\/wp-json\/wp\/v2\/tags?post=2980"}],"curies":[{"name":"wp","href":"https:\/\/api.w.org\/{rel}","templated":true}]}}