{"id":2997,"date":"2015-03-22T19:06:36","date_gmt":"2015-03-22T17:06:36","guid":{"rendered":"http:\/\/www.espacegraphique.com\/blog\/?p=2997"},"modified":"2015-03-22T20:25:08","modified_gmt":"2015-03-22T18:25:08","slug":"quelques-violettes-de-mars","status":"publish","type":"post","link":"https:\/\/www.espacegraphique.com\/blog\/photos\/quelques-violettes-de-mars-2997","title":{"rendered":"Quelques violettes de mars"},"content":{"rendered":"<p><strong>Si la <a title=\"P\u00e2querette\" href=\"https:\/\/www.espacegraphique.com\/asteracees\/paquerette.php\" target=\"_blank\">P\u00e2querette<\/a>\u00a0fleurit tout le temps, elle se trouve en ce moment dans les bois en compagnie de la <a title=\"Ficaire fausse-renoncule\" href=\"https:\/\/www.espacegraphique.com\/renonculacees\/ficaire-fausse-renoncule.php\" target=\"_blank\">Ficaire fausse-renoncule<\/a> \u00a0et de la Violette.<\/strong><\/p>\n<p>A priori\u00a0c&rsquo;est de la Violette odorante (<em>Viola odorata<\/em>), une des plus communes.\u00a0Cependant comme je n&rsquo;ai pas v\u00e9rifi\u00e9 si elle avait du\u00a0parfum je reste prudent.<\/p>\n<p>Il existe de nombreuses esp\u00e8ces de violettes et il n&rsquo;est pas toujours facile de les diff\u00e9rencier sans une analyse botanique stricte.<\/p>\n<p>Ici on a bien des feuilles en forme de coeur (cord\u00e9es) avec des petites dents rondes. La couleur des fleurs est d&rsquo;un violet prononc\u00e9 que l&rsquo;on peut rep\u00e9rer d&rsquo;assez loin, parfois blanche (ce n&rsquo;est pas le cas ici).<\/p>\n<p>De profil\u00a0on voit un peu l&rsquo;\u00e9peron qui remonte vers l&rsquo;arri\u00e8re.<\/p>\n<p>Cette violette produit des fleurs en cette saison qui sont bien visibles\u00a0mais qui sont une sorte de leurre car\u00a0la production de fruits n&rsquo;est pas l&rsquo;objectif au printemps.<\/p>\n<p>Apr\u00e8s vont\u00a0arriver d&rsquo;autres fleurs plus r\u00e9duites,\u00a0presque\u00a0invisibles sous les feuilles. Elles seront\u00a0pourtant\u00a0tr\u00e8s\u00a0efficaces pour la reproduction.<\/p>\n<p>Ces secondes fleurs assurent\u00a0une reproduction sexu\u00e9e ou asexu\u00e9e (autof\u00e9condation). La fleur ne s&rsquo;ouvre pas toujours mais produit des graines qu&rsquo;elle est capable d&rsquo;envoyer loin de la rosette de d\u00e9part.<\/p>\n<p>Si cela ne suffit pas, des stolons vont permettre de coloniser progressivement le sol \u00e0 la mani\u00e8re des\u00a0fraisiers.<\/p>\n<p>Voil\u00e0 donc une petite plante qui\u00a0peut cr\u00e9er rapidement un tapis violet si\u00a0d&rsquo;autres plantes plus grandes n&rsquo;arrivent pas \u00e0 se d\u00e9velopper.<\/p>\n<p><strong>En gros elle adore\u00a0s&rsquo;installer dans la pelouse, et on lui pardonne&#8230;<\/strong><\/p>\n","protected":false},"excerpt":{"rendered":"<p>A priori c&rsquo;est de la Violette odorante (une des plus communes).<\/p>\n","protected":false},"author":1,"featured_media":2998,"comment_status":"open","ping_status":"open","sticky":false,"template":"","format":"standard","meta":{"footnotes":""},"categories":[13],"tags":[199,282,87,128,85],"class_list":["post-2997","post","type-post","status-publish","format-standard","has-post-thumbnail","hentry","category-photos","tag-botanique-2","tag-eperon","tag-fleurs","tag-violet","tag-violette"],"aioseo_notices":[],"aioseo_head":"\n\t\t<!-- All in One SEO 5.0.0.1 - aioseo.com -->\n\t<meta name=\"description\" content=\"Il existe de nombreuses esp\u00e8ces de violettes et il n&#039;est pas toujours facile de les diff\u00e9rencier sans une analyse botanique stricte.\" \/>\n\t<meta name=\"robots\" content=\"max-image-preview:large\" \/>\n\t<meta name=\"author\" content=\"Yann\"\/>\n\t<link rel=\"canonical\" href=\"https:\/\/www.espacegraphique.com\/blog\/photos\/quelques-violettes-de-mars-2997\" \/>\n\t<meta name=\"generator\" content=\"All in One SEO (AIOSEO) 5.0.0.1\" \/>\n\t\t<meta property=\"og:locale\" content=\"fr_FR\" \/>\n\t\t<meta property=\"og:site_name\" content=\"Espace Graphique | Mon petit journal graphique\" \/>\n\t\t<meta property=\"og:type\" content=\"article\" \/>\n\t\t<meta property=\"og:title\" content=\"Quelques violettes de mars | Espace Graphique\" \/>\n\t\t<meta property=\"og:description\" content=\"Il existe de nombreuses esp\u00e8ces de violettes et il n&#039;est pas toujours facile de les diff\u00e9rencier sans une analyse botanique stricte.\" \/>\n\t\t<meta property=\"og:url\" content=\"https:\/\/www.espacegraphique.com\/blog\/photos\/quelques-violettes-de-mars-2997\" \/>\n\t\t<meta property=\"article:published_time\" content=\"2015-03-22T17:06:36+00:00\" \/>\n\t\t<meta property=\"article:modified_time\" content=\"2015-03-22T18:25:08+00:00\" \/>\n\t\t<meta name=\"twitter:card\" content=\"summary\" \/>\n\t\t<meta name=\"twitter:title\" content=\"Quelques violettes de mars | Espace Graphique\" \/>\n\t\t<meta name=\"twitter:description\" content=\"Il existe de nombreuses esp\u00e8ces de violettes et il n&#039;est pas toujours facile de les diff\u00e9rencier sans une analyse botanique stricte.\" \/>\n\t\t<script type=\"application\/ld+json\" class=\"aioseo-schema\">\n\t\t\t{\"@context\":\"https:\\\/\\\/schema.org\",\"@graph\":[{\"@type\":\"Article\",\"@id\":\"https:\\\/\\\/www.espacegraphique.com\\\/blog\\\/photos\\\/quelques-violettes-de-mars-2997#article\",\"name\":\"Quelques violettes de mars | Espace Graphique\",\"headline\":\"Quelques violettes de mars\",\"author\":{\"@id\":\"https:\\\/\\\/www.espacegraphique.com\\\/blog\\\/author\\\/admin#author\"},\"publisher\":{\"@id\":\"https:\\\/\\\/www.espacegraphique.com\\\/blog\\\/#organization\"},\"image\":{\"@type\":\"ImageObject\",\"url\":\"https:\\\/\\\/www.espacegraphique.com\\\/blog\\\/wp-content\\\/uploads\\\/2015\\\/03\\\/violette-odorante.jpg\",\"width\":640,\"height\":240,\"caption\":\"Violette odorante\"},\"datePublished\":\"2015-03-22T19:06:36+02:00\",\"dateModified\":\"2015-03-22T20:25:08+02:00\",\"inLanguage\":\"fr-FR\",\"commentCount\":12,\"mainEntityOfPage\":{\"@id\":\"https:\\\/\\\/www.espacegraphique.com\\\/blog\\\/photos\\\/quelques-violettes-de-mars-2997#webpage\"},\"isPartOf\":{\"@id\":\"https:\\\/\\\/www.espacegraphique.com\\\/blog\\\/photos\\\/quelques-violettes-de-mars-2997#webpage\"},\"articleSection\":\"Photos, botanique, \\u00e9peron, fleurs, violet, violette\"},{\"@type\":\"BreadcrumbList\",\"@id\":\"https:\\\/\\\/www.espacegraphique.com\\\/blog\\\/photos\\\/quelques-violettes-de-mars-2997#breadcrumblist\",\"itemListElement\":[{\"@type\":\"ListItem\",\"@id\":\"https:\\\/\\\/www.espacegraphique.com\\\/blog#listItem\",\"position\":1,\"name\":\"Accueil\",\"item\":\"https:\\\/\\\/www.espacegraphique.com\\\/blog\",\"nextItem\":{\"@type\":\"ListItem\",\"@id\":\"https:\\\/\\\/www.espacegraphique.com\\\/blog\\\/planche\\\/photos#listItem\",\"name\":\"Photos\"}},{\"@type\":\"ListItem\",\"@id\":\"https:\\\/\\\/www.espacegraphique.com\\\/blog\\\/planche\\\/photos#listItem\",\"position\":2,\"name\":\"Photos\",\"item\":\"https:\\\/\\\/www.espacegraphique.com\\\/blog\\\/planche\\\/photos\",\"nextItem\":{\"@type\":\"ListItem\",\"@id\":\"https:\\\/\\\/www.espacegraphique.com\\\/blog\\\/photos\\\/quelques-violettes-de-mars-2997#listItem\",\"name\":\"Quelques violettes de mars\"},\"previousItem\":{\"@type\":\"ListItem\",\"@id\":\"https:\\\/\\\/www.espacegraphique.com\\\/blog#listItem\",\"name\":\"Accueil\"}},{\"@type\":\"ListItem\",\"@id\":\"https:\\\/\\\/www.espacegraphique.com\\\/blog\\\/photos\\\/quelques-violettes-de-mars-2997#listItem\",\"position\":3,\"name\":\"Quelques violettes de mars\",\"previousItem\":{\"@type\":\"ListItem\",\"@id\":\"https:\\\/\\\/www.espacegraphique.com\\\/blog\\\/planche\\\/photos#listItem\",\"name\":\"Photos\"}}]},{\"@type\":\"Organization\",\"@id\":\"https:\\\/\\\/www.espacegraphique.com\\\/blog\\\/#organization\",\"name\":\"Espace Graphique\",\"description\":\"Mon petit journal graphique\",\"url\":\"https:\\\/\\\/www.espacegraphique.com\\\/blog\\\/\"},{\"@type\":\"Person\",\"@id\":\"https:\\\/\\\/www.espacegraphique.com\\\/blog\\\/author\\\/admin#author\",\"url\":\"https:\\\/\\\/www.espacegraphique.com\\\/blog\\\/author\\\/admin\",\"name\":\"Yann\",\"image\":{\"@type\":\"ImageObject\",\"@id\":\"https:\\\/\\\/www.espacegraphique.com\\\/blog\\\/photos\\\/quelques-violettes-de-mars-2997#authorImage\",\"url\":\"https:\\\/\\\/secure.gravatar.com\\\/avatar\\\/05f8f89222152d60c127ff66d91f94e5ad916730aa5d5be07144ab977018dd0d?s=96&r=g\",\"width\":96,\"height\":96,\"caption\":\"Yann\"}},{\"@type\":\"WebPage\",\"@id\":\"https:\\\/\\\/www.espacegraphique.com\\\/blog\\\/photos\\\/quelques-violettes-de-mars-2997#webpage\",\"url\":\"https:\\\/\\\/www.espacegraphique.com\\\/blog\\\/photos\\\/quelques-violettes-de-mars-2997\",\"name\":\"Quelques violettes de mars | Espace Graphique\",\"description\":\"Il existe de nombreuses esp\\u00e8ces de violettes et il n'est pas toujours facile de les diff\\u00e9rencier sans une analyse botanique stricte.\",\"inLanguage\":\"fr-FR\",\"isPartOf\":{\"@id\":\"https:\\\/\\\/www.espacegraphique.com\\\/blog\\\/#website\"},\"breadcrumb\":{\"@id\":\"https:\\\/\\\/www.espacegraphique.com\\\/blog\\\/photos\\\/quelques-violettes-de-mars-2997#breadcrumblist\"},\"author\":{\"@id\":\"https:\\\/\\\/www.espacegraphique.com\\\/blog\\\/author\\\/admin#author\"},\"creator\":{\"@id\":\"https:\\\/\\\/www.espacegraphique.com\\\/blog\\\/author\\\/admin#author\"},\"image\":{\"@type\":\"ImageObject\",\"url\":\"https:\\\/\\\/www.espacegraphique.com\\\/blog\\\/wp-content\\\/uploads\\\/2015\\\/03\\\/violette-odorante.jpg\",\"@id\":\"https:\\\/\\\/www.espacegraphique.com\\\/blog\\\/photos\\\/quelques-violettes-de-mars-2997\\\/#mainImage\",\"width\":640,\"height\":240,\"caption\":\"Violette odorante\"},\"primaryImageOfPage\":{\"@id\":\"https:\\\/\\\/www.espacegraphique.com\\\/blog\\\/photos\\\/quelques-violettes-de-mars-2997#mainImage\"},\"datePublished\":\"2015-03-22T19:06:36+02:00\",\"dateModified\":\"2015-03-22T20:25:08+02:00\"},{\"@type\":\"WebSite\",\"@id\":\"https:\\\/\\\/www.espacegraphique.com\\\/blog\\\/#website\",\"url\":\"https:\\\/\\\/www.espacegraphique.com\\\/blog\\\/\",\"name\":\"Espace Graphique\",\"description\":\"Mon petit journal graphique\",\"inLanguage\":\"fr-FR\",\"publisher\":{\"@id\":\"https:\\\/\\\/www.espacegraphique.com\\\/blog\\\/#organization\"}}]}\n\t\t<\/script>\n\t\t<!-- All in One SEO -->\n\n","aioseo_head_json":{"title":"Quelques violettes de mars | Espace Graphique","description":"Il existe de nombreuses esp\u00e8ces de violettes et il n'est pas toujours facile de les diff\u00e9rencier sans une analyse botanique stricte.","canonical_url":"https:\/\/www.espacegraphique.com\/blog\/photos\/quelques-violettes-de-mars-2997","robots":"max-image-preview:large","keywords":"","webmasterTools":{"miscellaneous":""},"schema":{"@context":"https:\/\/schema.org","@graph":[{"@type":"Article","@id":"https:\/\/www.espacegraphique.com\/blog\/photos\/quelques-violettes-de-mars-2997#article","name":"Quelques violettes de mars | Espace Graphique","headline":"Quelques violettes de mars","author":{"@id":"https:\/\/www.espacegraphique.com\/blog\/author\/admin#author"},"publisher":{"@id":"https:\/\/www.espacegraphique.com\/blog\/#organization"},"image":{"@type":"ImageObject","url":"https:\/\/www.espacegraphique.com\/blog\/wp-content\/uploads\/2015\/03\/violette-odorante.jpg","width":640,"height":240,"caption":"Violette odorante"},"datePublished":"2015-03-22T19:06:36+02:00","dateModified":"2015-03-22T20:25:08+02:00","inLanguage":"fr-FR","commentCount":12,"mainEntityOfPage":{"@id":"https:\/\/www.espacegraphique.com\/blog\/photos\/quelques-violettes-de-mars-2997#webpage"},"isPartOf":{"@id":"https:\/\/www.espacegraphique.com\/blog\/photos\/quelques-violettes-de-mars-2997#webpage"},"articleSection":"Photos, botanique, \u00e9peron, fleurs, violet, violette"},{"@type":"BreadcrumbList","@id":"https:\/\/www.espacegraphique.com\/blog\/photos\/quelques-violettes-de-mars-2997#breadcrumblist","itemListElement":[{"@type":"ListItem","@id":"https:\/\/www.espacegraphique.com\/blog#listItem","position":1,"name":"Accueil","item":"https:\/\/www.espacegraphique.com\/blog","nextItem":{"@type":"ListItem","@id":"https:\/\/www.espacegraphique.com\/blog\/planche\/photos#listItem","name":"Photos"}},{"@type":"ListItem","@id":"https:\/\/www.espacegraphique.com\/blog\/planche\/photos#listItem","position":2,"name":"Photos","item":"https:\/\/www.espacegraphique.com\/blog\/planche\/photos","nextItem":{"@type":"ListItem","@id":"https:\/\/www.espacegraphique.com\/blog\/photos\/quelques-violettes-de-mars-2997#listItem","name":"Quelques violettes de mars"},"previousItem":{"@type":"ListItem","@id":"https:\/\/www.espacegraphique.com\/blog#listItem","name":"Accueil"}},{"@type":"ListItem","@id":"https:\/\/www.espacegraphique.com\/blog\/photos\/quelques-violettes-de-mars-2997#listItem","position":3,"name":"Quelques violettes de mars","previousItem":{"@type":"ListItem","@id":"https:\/\/www.espacegraphique.com\/blog\/planche\/photos#listItem","name":"Photos"}}]},{"@type":"Organization","@id":"https:\/\/www.espacegraphique.com\/blog\/#organization","name":"Espace Graphique","description":"Mon petit journal graphique","url":"https:\/\/www.espacegraphique.com\/blog\/"},{"@type":"Person","@id":"https:\/\/www.espacegraphique.com\/blog\/author\/admin#author","url":"https:\/\/www.espacegraphique.com\/blog\/author\/admin","name":"Yann","image":{"@type":"ImageObject","@id":"https:\/\/www.espacegraphique.com\/blog\/photos\/quelques-violettes-de-mars-2997#authorImage","url":"https:\/\/secure.gravatar.com\/avatar\/05f8f89222152d60c127ff66d91f94e5ad916730aa5d5be07144ab977018dd0d?s=96&r=g","width":96,"height":96,"caption":"Yann"}},{"@type":"WebPage","@id":"https:\/\/www.espacegraphique.com\/blog\/photos\/quelques-violettes-de-mars-2997#webpage","url":"https:\/\/www.espacegraphique.com\/blog\/photos\/quelques-violettes-de-mars-2997","name":"Quelques violettes de mars | Espace Graphique","description":"Il existe de nombreuses esp\u00e8ces de violettes et il n'est pas toujours facile de les diff\u00e9rencier sans une analyse botanique stricte.","inLanguage":"fr-FR","isPartOf":{"@id":"https:\/\/www.espacegraphique.com\/blog\/#website"},"breadcrumb":{"@id":"https:\/\/www.espacegraphique.com\/blog\/photos\/quelques-violettes-de-mars-2997#breadcrumblist"},"author":{"@id":"https:\/\/www.espacegraphique.com\/blog\/author\/admin#author"},"creator":{"@id":"https:\/\/www.espacegraphique.com\/blog\/author\/admin#author"},"image":{"@type":"ImageObject","url":"https:\/\/www.espacegraphique.com\/blog\/wp-content\/uploads\/2015\/03\/violette-odorante.jpg","@id":"https:\/\/www.espacegraphique.com\/blog\/photos\/quelques-violettes-de-mars-2997\/#mainImage","width":640,"height":240,"caption":"Violette odorante"},"primaryImageOfPage":{"@id":"https:\/\/www.espacegraphique.com\/blog\/photos\/quelques-violettes-de-mars-2997#mainImage"},"datePublished":"2015-03-22T19:06:36+02:00","dateModified":"2015-03-22T20:25:08+02:00"},{"@type":"WebSite","@id":"https:\/\/www.espacegraphique.com\/blog\/#website","url":"https:\/\/www.espacegraphique.com\/blog\/","name":"Espace Graphique","description":"Mon petit journal graphique","inLanguage":"fr-FR","publisher":{"@id":"https:\/\/www.espacegraphique.com\/blog\/#organization"}}]},"og:locale":"fr_FR","og:site_name":"Espace Graphique | Mon petit journal graphique","og:type":"article","og:title":"Quelques violettes de mars | Espace Graphique","og:description":"Il existe de nombreuses esp\u00e8ces de violettes et il n'est pas toujours facile de les diff\u00e9rencier sans une analyse botanique stricte.","og:url":"https:\/\/www.espacegraphique.com\/blog\/photos\/quelques-violettes-de-mars-2997","article:published_time":"2015-03-22T17:06:36+00:00","article:modified_time":"2015-03-22T18:25:08+00:00","twitter:card":"summary","twitter:title":"Quelques violettes de mars | Espace Graphique","twitter:description":"Il existe de nombreuses esp\u00e8ces de violettes et il n'est pas toujours facile de les diff\u00e9rencier sans une analyse botanique stricte."},"aioseo_meta_data":{"post_id":"2997","title":"Quelques violettes de mars | #site_title","description":"Il existe de nombreuses esp\u00e8ces de violettes et il n'est pas toujours facile de les diff\u00e9rencier sans une analyse botanique stricte.","keywords":null,"keyphrases":null,"primary_term":null,"canonical_url":null,"og_title":null,"og_description":null,"og_object_type":"default","og_image_type":"default","og_image_url":null,"og_image_width":null,"og_image_height":null,"og_image_custom_url":null,"og_image_custom_fields":null,"og_video":null,"og_custom_url":null,"og_article_section":null,"og_article_tags":null,"twitter_use_og":false,"twitter_card":"default","twitter_image_type":"default","twitter_image_url":null,"twitter_image_custom_url":null,"twitter_image_custom_fields":null,"twitter_title":null,"twitter_description":null,"schema":{"blockGraphs":[],"customGraphs":[],"default":{"data":{"Article":[],"Course":[],"Dataset":[],"FAQPage":[],"Movie":[],"Person":[],"Product":[],"ProductReview":[],"Car":[],"Recipe":[],"Service":[],"SoftwareApplication":[],"WebPage":[]},"graphName":"","isEnabled":true},"graphs":[]},"schema_type":"default","schema_type_options":null,"pillar_content":false,"robots_default":true,"robots_noindex":false,"robots_noarchive":false,"robots_nosnippet":false,"robots_nofollow":false,"robots_noimageindex":false,"robots_noodp":false,"robots_notranslate":false,"robots_max_snippet":null,"robots_max_videopreview":null,"robots_max_imagepreview":"large","priority":null,"frequency":null,"local_seo":null,"limit_modified_date":false,"created":"2022-03-30 17:03:23","updated":"2026-08-22 01:30:21","focus_keyword":null,"additional_keywords":null,"truseo_locale":null,"ai":null,"breadcrumb_settings":null,"seo_analyzer_scan_date":null},"aioseo_breadcrumb":"<div class=\"aioseo-breadcrumbs\"><span class=\"aioseo-breadcrumb\">\n\t\t\t<a href=\"https:\/\/www.espacegraphique.com\/blog\" title=\"Accueil\">Accueil<\/a>\n\t\t<\/span><span class=\"aioseo-breadcrumb-separator\">&raquo;<\/span><span class=\"aioseo-breadcrumb\">\n\t\t\t<a href=\"https:\/\/www.espacegraphique.com\/blog\/planche\/photos\" title=\"Photos\">Photos<\/a>\n\t\t<\/span><span class=\"aioseo-breadcrumb-separator\">&raquo;<\/span><span class=\"aioseo-breadcrumb\">\n\t\t\tQuelques violettes de mars\n\t\t<\/span><\/div>","aioseo_breadcrumb_json":[{"label":"Accueil","link":"https:\/\/www.espacegraphique.com\/blog"},{"label":"Photos","link":"https:\/\/www.espacegraphique.com\/blog\/planche\/photos"},{"label":"Quelques violettes de mars","link":"https:\/\/www.espacegraphique.com\/blog\/photos\/quelques-violettes-de-mars-2997"}],"_links":{"self":[{"href":"https:\/\/www.espacegraphique.com\/blog\/wp-json\/wp\/v2\/posts\/2997","targetHints":{"allow":["GET"]}}],"collection":[{"href":"https:\/\/www.espacegraphique.com\/blog\/wp-json\/wp\/v2\/posts"}],"about":[{"href":"https:\/\/www.espacegraphique.com\/blog\/wp-json\/wp\/v2\/types\/post"}],"author":[{"embeddable":true,"href":"https:\/\/www.espacegraphique.com\/blog\/wp-json\/wp\/v2\/users\/1"}],"replies":[{"embeddable":true,"href":"https:\/\/www.espacegraphique.com\/blog\/wp-json\/wp\/v2\/comments?post=2997"}],"version-history":[{"count":7,"href":"https:\/\/www.espacegraphique.com\/blog\/wp-json\/wp\/v2\/posts\/2997\/revisions"}],"predecessor-version":[{"id":3005,"href":"https:\/\/www.espacegraphique.com\/blog\/wp-json\/wp\/v2\/posts\/2997\/revisions\/3005"}],"wp:featuredmedia":[{"embeddable":true,"href":"https:\/\/www.espacegraphique.com\/blog\/wp-json\/wp\/v2\/media\/2998"}],"wp:attachment":[{"href":"https:\/\/www.espacegraphique.com\/blog\/wp-json\/wp\/v2\/media?parent=2997"}],"wp:term":[{"taxonomy":"category","embeddable":true,"href":"https:\/\/www.espacegraphique.com\/blog\/wp-json\/wp\/v2\/categories?post=2997"},{"taxonomy":"post_tag","embeddable":true,"href":"https:\/\/www.espacegraphique.com\/blog\/wp-json\/wp\/v2\/tags?post=2997"}],"curies":[{"name":"wp","href":"https:\/\/api.w.org\/{rel}","templated":true}]}}