{"id":3089,"date":"2015-06-09T22:03:40","date_gmt":"2015-06-09T20:03:40","guid":{"rendered":"http:\/\/www.espacegraphique.com\/blog\/?p=3089"},"modified":"2015-06-09T22:16:43","modified_gmt":"2015-06-09T20:16:43","slug":"orchidee-blettilla-hyacinthina-striata","status":"publish","type":"post","link":"https:\/\/www.espacegraphique.com\/blog\/photos\/orchidee-blettilla-hyacinthina-striata-3089","title":{"rendered":"Orchid\u00e9e Blettilla hyacinthina striata"},"content":{"rendered":"<p><strong>Cela fait quelques ann\u00e9es que j&rsquo;attendais ce moment, celui de pouvoir admirer la floraison de cette orchid\u00e9e de jardin.<\/strong><\/p>\n<p>Sur l&rsquo;\u00e9tiquette de l&rsquo;horticulteur il \u00e9tait\u00a0pr\u00e9cis\u00e9 \u00ab\u00a0protection hivernale\u00a0\u00bb et\u00a0je n&rsquo;avais pas fait attention \u00e0 ce d\u00e9tail important. Mais sans doute elle a \u00e9t\u00e9 un peu prot\u00e9g\u00e9e par les herbes hautes que je coupais r\u00e9guli\u00e8rement.<\/p>\n<p>Chaque ann\u00e9e des feuilles aux bords panach\u00e9s me signalaient sa bonne sant\u00e9\u00a0et au fur et \u00e0 mesure de nouvelles pousses se sont \u00e9loign\u00e9es du pied m\u00e8re. C&rsquo;est sur le deuxi\u00e8me pied que j&rsquo;ai pu constater cette ann\u00e9e la pr\u00e9sence d&rsquo;une hampe, il ne restait plus qu&rsquo;\u00e0 attendre (impatiemment) la superbe\u00a0floraison.<\/p>\n<p>Comme d&rsquo;autres <a href=\"https:\/\/www.espacegraphique.com\/orchidacees\/orchidacees.php\">orchidac\u00e9es<\/a>, les fleurs tournent en s&rsquo;ouvrant (r\u00e9supination), on\u00a0d\u00e9couvre ensuite ce labelle tigr\u00e9 dominant\u00a0de beaux s\u00e9pales roses. Je ne m&rsquo;attendais pas \u00e0 une couleur aussi satur\u00e9e\u00a0ce rose est particuli\u00e8rement soutenu.<\/p>\n<p>Si la plupart des orchid\u00e9es\u00a0vivent perch\u00e9es dans les arbres, l&rsquo;orchid\u00e9e <strong><em>Blettilla hyacinthina striata<\/em>\u00a0<\/strong>est terrestre ce qui est plus pratique pour la cultiver.<\/p>\n<p><strong>Voici une petite photo pour en profiter :<\/strong><\/p>\n<figure id=\"attachment_3092\" aria-describedby=\"caption-attachment-3092\" style=\"width: 480px\" class=\"wp-caption aligncenter\"><a href=\"https:\/\/www.espacegraphique.com\/blog\/wp-content\/uploads\/2015\/06\/orchidee-terrestre.jpg\"><img loading=\"lazy\" decoding=\"async\" class=\"size-full wp-image-3092\" src=\"https:\/\/www.espacegraphique.com\/blog\/wp-content\/uploads\/2015\/06\/orchidee-terrestre.jpg\" alt=\"Hampe de l'orchid\u00e9e\" width=\"480\" height=\"640\" srcset=\"https:\/\/www.espacegraphique.com\/blog\/wp-content\/uploads\/2015\/06\/orchidee-terrestre.jpg 480w, https:\/\/www.espacegraphique.com\/blog\/wp-content\/uploads\/2015\/06\/orchidee-terrestre-225x300.jpg 225w\" sizes=\"auto, (max-width: 480px) 100vw, 480px\" \/><\/a><figcaption id=\"caption-attachment-3092\" class=\"wp-caption-text\">Hampe de l&rsquo;orchid\u00e9e Blettila<\/figcaption><\/figure>\n<p>&nbsp;<\/p>\n<p>Je dois rappeler ici que les orchid\u00e9es terrestres sont tr\u00e8s sensibles \u00e0 leur sol d&rsquo;origine car elle se nourrissent en partie de longs r\u00e9seaux souterrains cr\u00e9\u00e9s par les champignons. Sans son r\u00e9seau\u00a0d&rsquo;\u00e9changes,\u00a0la plante va s&rsquo;affaiblir et disparaitre.<\/p>\n","protected":false},"excerpt":{"rendered":"<p>Un labelle tigr\u00e9 dominant de beaux s\u00e9pales roses.<\/p>\n","protected":false},"author":1,"featured_media":3091,"comment_status":"open","ping_status":"open","sticky":false,"template":"","format":"standard","meta":{"footnotes":""},"categories":[13],"tags":[110,45,126,68],"class_list":["post-3089","post","type-post","status-publish","format-standard","has-post-thumbnail","hentry","category-photos","tag-jardin","tag-orchidee","tag-rose","tag-sepales"],"aioseo_notices":[],"aioseo_head":"\n\t\t<!-- All in One SEO 5.0.0.1 - aioseo.com -->\n\t<meta name=\"description\" content=\"Comme d&#039;autres orchid\u00e9es, les fleurs tournent en s&#039;ouvrant (r\u00e9supination), on d\u00e9couvre ensuite ce labelle tigr\u00e9 dominant de beaux s\u00e9pales roses.\" \/>\n\t<meta name=\"robots\" content=\"max-image-preview:large\" \/>\n\t<meta name=\"author\" content=\"Yann\"\/>\n\t<link rel=\"canonical\" href=\"https:\/\/www.espacegraphique.com\/blog\/photos\/orchidee-blettilla-hyacinthina-striata-3089\" \/>\n\t<meta name=\"generator\" content=\"All in One SEO (AIOSEO) 5.0.0.1\" \/>\n\t\t<meta property=\"og:locale\" content=\"fr_FR\" \/>\n\t\t<meta property=\"og:site_name\" content=\"Espace Graphique | Mon petit journal graphique\" \/>\n\t\t<meta property=\"og:type\" content=\"article\" \/>\n\t\t<meta property=\"og:title\" content=\"Orchid\u00e9e Blettilla hyacinthina striata | Espace Graphique\" \/>\n\t\t<meta property=\"og:description\" content=\"Comme d&#039;autres orchid\u00e9es, les fleurs tournent en s&#039;ouvrant (r\u00e9supination), on d\u00e9couvre ensuite ce labelle tigr\u00e9 dominant de beaux s\u00e9pales roses.\" \/>\n\t\t<meta property=\"og:url\" content=\"https:\/\/www.espacegraphique.com\/blog\/photos\/orchidee-blettilla-hyacinthina-striata-3089\" \/>\n\t\t<meta property=\"article:published_time\" content=\"2015-06-09T20:03:40+00:00\" \/>\n\t\t<meta property=\"article:modified_time\" content=\"2015-06-09T20:16:43+00:00\" \/>\n\t\t<meta name=\"twitter:card\" content=\"summary\" \/>\n\t\t<meta name=\"twitter:title\" content=\"Orchid\u00e9e Blettilla hyacinthina striata | Espace Graphique\" \/>\n\t\t<meta name=\"twitter:description\" content=\"Comme d&#039;autres orchid\u00e9es, les fleurs tournent en s&#039;ouvrant (r\u00e9supination), on d\u00e9couvre ensuite ce labelle tigr\u00e9 dominant de beaux s\u00e9pales roses.\" \/>\n\t\t<script type=\"application\/ld+json\" class=\"aioseo-schema\">\n\t\t\t{\"@context\":\"https:\\\/\\\/schema.org\",\"@graph\":[{\"@type\":\"Article\",\"@id\":\"https:\\\/\\\/www.espacegraphique.com\\\/blog\\\/photos\\\/orchidee-blettilla-hyacinthina-striata-3089#article\",\"name\":\"Orchid\\u00e9e Blettilla hyacinthina striata | Espace Graphique\",\"headline\":\"Orchid\\u00e9e Blettilla hyacinthina striata\",\"author\":{\"@id\":\"https:\\\/\\\/www.espacegraphique.com\\\/blog\\\/author\\\/admin#author\"},\"publisher\":{\"@id\":\"https:\\\/\\\/www.espacegraphique.com\\\/blog\\\/#organization\"},\"image\":{\"@type\":\"ImageObject\",\"url\":\"https:\\\/\\\/www.espacegraphique.com\\\/blog\\\/wp-content\\\/uploads\\\/2015\\\/06\\\/bletilla1.jpg\",\"width\":640,\"height\":240,\"caption\":\"Blettilla hyacinthina striata\"},\"datePublished\":\"2015-06-09T22:03:40+02:00\",\"dateModified\":\"2015-06-09T22:16:43+02:00\",\"inLanguage\":\"fr-FR\",\"commentCount\":9,\"mainEntityOfPage\":{\"@id\":\"https:\\\/\\\/www.espacegraphique.com\\\/blog\\\/photos\\\/orchidee-blettilla-hyacinthina-striata-3089#webpage\"},\"isPartOf\":{\"@id\":\"https:\\\/\\\/www.espacegraphique.com\\\/blog\\\/photos\\\/orchidee-blettilla-hyacinthina-striata-3089#webpage\"},\"articleSection\":\"Photos, jardin, orchid\\u00e9e, rose, s\\u00e9pales\"},{\"@type\":\"BreadcrumbList\",\"@id\":\"https:\\\/\\\/www.espacegraphique.com\\\/blog\\\/photos\\\/orchidee-blettilla-hyacinthina-striata-3089#breadcrumblist\",\"itemListElement\":[{\"@type\":\"ListItem\",\"@id\":\"https:\\\/\\\/www.espacegraphique.com\\\/blog#listItem\",\"position\":1,\"name\":\"Accueil\",\"item\":\"https:\\\/\\\/www.espacegraphique.com\\\/blog\",\"nextItem\":{\"@type\":\"ListItem\",\"@id\":\"https:\\\/\\\/www.espacegraphique.com\\\/blog\\\/planche\\\/photos#listItem\",\"name\":\"Photos\"}},{\"@type\":\"ListItem\",\"@id\":\"https:\\\/\\\/www.espacegraphique.com\\\/blog\\\/planche\\\/photos#listItem\",\"position\":2,\"name\":\"Photos\",\"item\":\"https:\\\/\\\/www.espacegraphique.com\\\/blog\\\/planche\\\/photos\",\"nextItem\":{\"@type\":\"ListItem\",\"@id\":\"https:\\\/\\\/www.espacegraphique.com\\\/blog\\\/photos\\\/orchidee-blettilla-hyacinthina-striata-3089#listItem\",\"name\":\"Orchid\\u00e9e Blettilla hyacinthina striata\"},\"previousItem\":{\"@type\":\"ListItem\",\"@id\":\"https:\\\/\\\/www.espacegraphique.com\\\/blog#listItem\",\"name\":\"Accueil\"}},{\"@type\":\"ListItem\",\"@id\":\"https:\\\/\\\/www.espacegraphique.com\\\/blog\\\/photos\\\/orchidee-blettilla-hyacinthina-striata-3089#listItem\",\"position\":3,\"name\":\"Orchid\\u00e9e Blettilla hyacinthina striata\",\"previousItem\":{\"@type\":\"ListItem\",\"@id\":\"https:\\\/\\\/www.espacegraphique.com\\\/blog\\\/planche\\\/photos#listItem\",\"name\":\"Photos\"}}]},{\"@type\":\"Organization\",\"@id\":\"https:\\\/\\\/www.espacegraphique.com\\\/blog\\\/#organization\",\"name\":\"Espace Graphique\",\"description\":\"Mon petit journal graphique\",\"url\":\"https:\\\/\\\/www.espacegraphique.com\\\/blog\\\/\"},{\"@type\":\"Person\",\"@id\":\"https:\\\/\\\/www.espacegraphique.com\\\/blog\\\/author\\\/admin#author\",\"url\":\"https:\\\/\\\/www.espacegraphique.com\\\/blog\\\/author\\\/admin\",\"name\":\"Yann\",\"image\":{\"@type\":\"ImageObject\",\"@id\":\"https:\\\/\\\/www.espacegraphique.com\\\/blog\\\/photos\\\/orchidee-blettilla-hyacinthina-striata-3089#authorImage\",\"url\":\"https:\\\/\\\/secure.gravatar.com\\\/avatar\\\/05f8f89222152d60c127ff66d91f94e5ad916730aa5d5be07144ab977018dd0d?s=96&r=g\",\"width\":96,\"height\":96,\"caption\":\"Yann\"}},{\"@type\":\"WebPage\",\"@id\":\"https:\\\/\\\/www.espacegraphique.com\\\/blog\\\/photos\\\/orchidee-blettilla-hyacinthina-striata-3089#webpage\",\"url\":\"https:\\\/\\\/www.espacegraphique.com\\\/blog\\\/photos\\\/orchidee-blettilla-hyacinthina-striata-3089\",\"name\":\"Orchid\\u00e9e Blettilla hyacinthina striata | Espace Graphique\",\"description\":\"Comme d'autres orchid\\u00e9es, les fleurs tournent en s'ouvrant (r\\u00e9supination), on d\\u00e9couvre ensuite ce labelle tigr\\u00e9 dominant de beaux s\\u00e9pales roses.\",\"inLanguage\":\"fr-FR\",\"isPartOf\":{\"@id\":\"https:\\\/\\\/www.espacegraphique.com\\\/blog\\\/#website\"},\"breadcrumb\":{\"@id\":\"https:\\\/\\\/www.espacegraphique.com\\\/blog\\\/photos\\\/orchidee-blettilla-hyacinthina-striata-3089#breadcrumblist\"},\"author\":{\"@id\":\"https:\\\/\\\/www.espacegraphique.com\\\/blog\\\/author\\\/admin#author\"},\"creator\":{\"@id\":\"https:\\\/\\\/www.espacegraphique.com\\\/blog\\\/author\\\/admin#author\"},\"image\":{\"@type\":\"ImageObject\",\"url\":\"https:\\\/\\\/www.espacegraphique.com\\\/blog\\\/wp-content\\\/uploads\\\/2015\\\/06\\\/bletilla1.jpg\",\"@id\":\"https:\\\/\\\/www.espacegraphique.com\\\/blog\\\/photos\\\/orchidee-blettilla-hyacinthina-striata-3089\\\/#mainImage\",\"width\":640,\"height\":240,\"caption\":\"Blettilla hyacinthina striata\"},\"primaryImageOfPage\":{\"@id\":\"https:\\\/\\\/www.espacegraphique.com\\\/blog\\\/photos\\\/orchidee-blettilla-hyacinthina-striata-3089#mainImage\"},\"datePublished\":\"2015-06-09T22:03:40+02:00\",\"dateModified\":\"2015-06-09T22:16:43+02:00\"},{\"@type\":\"WebSite\",\"@id\":\"https:\\\/\\\/www.espacegraphique.com\\\/blog\\\/#website\",\"url\":\"https:\\\/\\\/www.espacegraphique.com\\\/blog\\\/\",\"name\":\"Espace Graphique\",\"description\":\"Mon petit journal graphique\",\"inLanguage\":\"fr-FR\",\"publisher\":{\"@id\":\"https:\\\/\\\/www.espacegraphique.com\\\/blog\\\/#organization\"}}]}\n\t\t<\/script>\n\t\t<!-- All in One SEO -->\n\n","aioseo_head_json":{"title":"Orchid\u00e9e Blettilla hyacinthina striata | Espace Graphique","description":"Comme d'autres orchid\u00e9es, les fleurs tournent en s'ouvrant (r\u00e9supination), on d\u00e9couvre ensuite ce labelle tigr\u00e9 dominant de beaux s\u00e9pales roses.","canonical_url":"https:\/\/www.espacegraphique.com\/blog\/photos\/orchidee-blettilla-hyacinthina-striata-3089","robots":"max-image-preview:large","keywords":"","webmasterTools":{"miscellaneous":""},"schema":{"@context":"https:\/\/schema.org","@graph":[{"@type":"Article","@id":"https:\/\/www.espacegraphique.com\/blog\/photos\/orchidee-blettilla-hyacinthina-striata-3089#article","name":"Orchid\u00e9e Blettilla hyacinthina striata | Espace Graphique","headline":"Orchid\u00e9e Blettilla hyacinthina striata","author":{"@id":"https:\/\/www.espacegraphique.com\/blog\/author\/admin#author"},"publisher":{"@id":"https:\/\/www.espacegraphique.com\/blog\/#organization"},"image":{"@type":"ImageObject","url":"https:\/\/www.espacegraphique.com\/blog\/wp-content\/uploads\/2015\/06\/bletilla1.jpg","width":640,"height":240,"caption":"Blettilla hyacinthina striata"},"datePublished":"2015-06-09T22:03:40+02:00","dateModified":"2015-06-09T22:16:43+02:00","inLanguage":"fr-FR","commentCount":9,"mainEntityOfPage":{"@id":"https:\/\/www.espacegraphique.com\/blog\/photos\/orchidee-blettilla-hyacinthina-striata-3089#webpage"},"isPartOf":{"@id":"https:\/\/www.espacegraphique.com\/blog\/photos\/orchidee-blettilla-hyacinthina-striata-3089#webpage"},"articleSection":"Photos, jardin, orchid\u00e9e, rose, s\u00e9pales"},{"@type":"BreadcrumbList","@id":"https:\/\/www.espacegraphique.com\/blog\/photos\/orchidee-blettilla-hyacinthina-striata-3089#breadcrumblist","itemListElement":[{"@type":"ListItem","@id":"https:\/\/www.espacegraphique.com\/blog#listItem","position":1,"name":"Accueil","item":"https:\/\/www.espacegraphique.com\/blog","nextItem":{"@type":"ListItem","@id":"https:\/\/www.espacegraphique.com\/blog\/planche\/photos#listItem","name":"Photos"}},{"@type":"ListItem","@id":"https:\/\/www.espacegraphique.com\/blog\/planche\/photos#listItem","position":2,"name":"Photos","item":"https:\/\/www.espacegraphique.com\/blog\/planche\/photos","nextItem":{"@type":"ListItem","@id":"https:\/\/www.espacegraphique.com\/blog\/photos\/orchidee-blettilla-hyacinthina-striata-3089#listItem","name":"Orchid\u00e9e Blettilla hyacinthina striata"},"previousItem":{"@type":"ListItem","@id":"https:\/\/www.espacegraphique.com\/blog#listItem","name":"Accueil"}},{"@type":"ListItem","@id":"https:\/\/www.espacegraphique.com\/blog\/photos\/orchidee-blettilla-hyacinthina-striata-3089#listItem","position":3,"name":"Orchid\u00e9e Blettilla hyacinthina striata","previousItem":{"@type":"ListItem","@id":"https:\/\/www.espacegraphique.com\/blog\/planche\/photos#listItem","name":"Photos"}}]},{"@type":"Organization","@id":"https:\/\/www.espacegraphique.com\/blog\/#organization","name":"Espace Graphique","description":"Mon petit journal graphique","url":"https:\/\/www.espacegraphique.com\/blog\/"},{"@type":"Person","@id":"https:\/\/www.espacegraphique.com\/blog\/author\/admin#author","url":"https:\/\/www.espacegraphique.com\/blog\/author\/admin","name":"Yann","image":{"@type":"ImageObject","@id":"https:\/\/www.espacegraphique.com\/blog\/photos\/orchidee-blettilla-hyacinthina-striata-3089#authorImage","url":"https:\/\/secure.gravatar.com\/avatar\/05f8f89222152d60c127ff66d91f94e5ad916730aa5d5be07144ab977018dd0d?s=96&r=g","width":96,"height":96,"caption":"Yann"}},{"@type":"WebPage","@id":"https:\/\/www.espacegraphique.com\/blog\/photos\/orchidee-blettilla-hyacinthina-striata-3089#webpage","url":"https:\/\/www.espacegraphique.com\/blog\/photos\/orchidee-blettilla-hyacinthina-striata-3089","name":"Orchid\u00e9e Blettilla hyacinthina striata | Espace Graphique","description":"Comme d'autres orchid\u00e9es, les fleurs tournent en s'ouvrant (r\u00e9supination), on d\u00e9couvre ensuite ce labelle tigr\u00e9 dominant de beaux s\u00e9pales roses.","inLanguage":"fr-FR","isPartOf":{"@id":"https:\/\/www.espacegraphique.com\/blog\/#website"},"breadcrumb":{"@id":"https:\/\/www.espacegraphique.com\/blog\/photos\/orchidee-blettilla-hyacinthina-striata-3089#breadcrumblist"},"author":{"@id":"https:\/\/www.espacegraphique.com\/blog\/author\/admin#author"},"creator":{"@id":"https:\/\/www.espacegraphique.com\/blog\/author\/admin#author"},"image":{"@type":"ImageObject","url":"https:\/\/www.espacegraphique.com\/blog\/wp-content\/uploads\/2015\/06\/bletilla1.jpg","@id":"https:\/\/www.espacegraphique.com\/blog\/photos\/orchidee-blettilla-hyacinthina-striata-3089\/#mainImage","width":640,"height":240,"caption":"Blettilla hyacinthina striata"},"primaryImageOfPage":{"@id":"https:\/\/www.espacegraphique.com\/blog\/photos\/orchidee-blettilla-hyacinthina-striata-3089#mainImage"},"datePublished":"2015-06-09T22:03:40+02:00","dateModified":"2015-06-09T22:16:43+02:00"},{"@type":"WebSite","@id":"https:\/\/www.espacegraphique.com\/blog\/#website","url":"https:\/\/www.espacegraphique.com\/blog\/","name":"Espace Graphique","description":"Mon petit journal graphique","inLanguage":"fr-FR","publisher":{"@id":"https:\/\/www.espacegraphique.com\/blog\/#organization"}}]},"og:locale":"fr_FR","og:site_name":"Espace Graphique | Mon petit journal graphique","og:type":"article","og:title":"Orchid\u00e9e Blettilla hyacinthina striata | Espace Graphique","og:description":"Comme d'autres orchid\u00e9es, les fleurs tournent en s'ouvrant (r\u00e9supination), on d\u00e9couvre ensuite ce labelle tigr\u00e9 dominant de beaux s\u00e9pales roses.","og:url":"https:\/\/www.espacegraphique.com\/blog\/photos\/orchidee-blettilla-hyacinthina-striata-3089","article:published_time":"2015-06-09T20:03:40+00:00","article:modified_time":"2015-06-09T20:16:43+00:00","twitter:card":"summary","twitter:title":"Orchid\u00e9e Blettilla hyacinthina striata | Espace Graphique","twitter:description":"Comme d'autres orchid\u00e9es, les fleurs tournent en s'ouvrant (r\u00e9supination), on d\u00e9couvre ensuite ce labelle tigr\u00e9 dominant de beaux s\u00e9pales roses."},"aioseo_meta_data":{"post_id":"3089","title":"Orchid\u00e9e Blettilla hyacinthina striata | #site_title","description":"Comme d'autres orchid\u00e9es, les fleurs tournent en s'ouvrant (r\u00e9supination), on d\u00e9couvre ensuite ce labelle tigr\u00e9 dominant de beaux s\u00e9pales roses.","keywords":null,"keyphrases":null,"primary_term":null,"canonical_url":null,"og_title":null,"og_description":null,"og_object_type":"default","og_image_type":"default","og_image_url":null,"og_image_width":null,"og_image_height":null,"og_image_custom_url":null,"og_image_custom_fields":null,"og_video":null,"og_custom_url":null,"og_article_section":null,"og_article_tags":null,"twitter_use_og":false,"twitter_card":"default","twitter_image_type":"default","twitter_image_url":null,"twitter_image_custom_url":null,"twitter_image_custom_fields":null,"twitter_title":null,"twitter_description":null,"schema":{"blockGraphs":[],"customGraphs":[],"default":{"data":{"Article":[],"Course":[],"Dataset":[],"FAQPage":[],"Movie":[],"Person":[],"Product":[],"ProductReview":[],"Car":[],"Recipe":[],"Service":[],"SoftwareApplication":[],"WebPage":[]},"graphName":"","isEnabled":true},"graphs":[]},"schema_type":"default","schema_type_options":null,"pillar_content":false,"robots_default":true,"robots_noindex":false,"robots_noarchive":false,"robots_nosnippet":false,"robots_nofollow":false,"robots_noimageindex":false,"robots_noodp":false,"robots_notranslate":false,"robots_max_snippet":null,"robots_max_videopreview":null,"robots_max_imagepreview":"large","priority":null,"frequency":null,"local_seo":null,"limit_modified_date":false,"created":"2022-03-30 17:02:23","updated":"2026-08-22 01:31:41","focus_keyword":null,"additional_keywords":null,"truseo_locale":null,"ai":null,"breadcrumb_settings":null,"seo_analyzer_scan_date":null},"aioseo_breadcrumb":"<div class=\"aioseo-breadcrumbs\"><span class=\"aioseo-breadcrumb\">\n\t\t\t<a href=\"https:\/\/www.espacegraphique.com\/blog\" title=\"Accueil\">Accueil<\/a>\n\t\t<\/span><span class=\"aioseo-breadcrumb-separator\">&raquo;<\/span><span class=\"aioseo-breadcrumb\">\n\t\t\t<a href=\"https:\/\/www.espacegraphique.com\/blog\/planche\/photos\" title=\"Photos\">Photos<\/a>\n\t\t<\/span><span class=\"aioseo-breadcrumb-separator\">&raquo;<\/span><span class=\"aioseo-breadcrumb\">\n\t\t\tOrchid\u00e9e Blettilla hyacinthina striata\n\t\t<\/span><\/div>","aioseo_breadcrumb_json":[{"label":"Accueil","link":"https:\/\/www.espacegraphique.com\/blog"},{"label":"Photos","link":"https:\/\/www.espacegraphique.com\/blog\/planche\/photos"},{"label":"Orchid\u00e9e Blettilla hyacinthina striata","link":"https:\/\/www.espacegraphique.com\/blog\/photos\/orchidee-blettilla-hyacinthina-striata-3089"}],"_links":{"self":[{"href":"https:\/\/www.espacegraphique.com\/blog\/wp-json\/wp\/v2\/posts\/3089","targetHints":{"allow":["GET"]}}],"collection":[{"href":"https:\/\/www.espacegraphique.com\/blog\/wp-json\/wp\/v2\/posts"}],"about":[{"href":"https:\/\/www.espacegraphique.com\/blog\/wp-json\/wp\/v2\/types\/post"}],"author":[{"embeddable":true,"href":"https:\/\/www.espacegraphique.com\/blog\/wp-json\/wp\/v2\/users\/1"}],"replies":[{"embeddable":true,"href":"https:\/\/www.espacegraphique.com\/blog\/wp-json\/wp\/v2\/comments?post=3089"}],"version-history":[{"count":6,"href":"https:\/\/www.espacegraphique.com\/blog\/wp-json\/wp\/v2\/posts\/3089\/revisions"}],"predecessor-version":[{"id":3098,"href":"https:\/\/www.espacegraphique.com\/blog\/wp-json\/wp\/v2\/posts\/3089\/revisions\/3098"}],"wp:featuredmedia":[{"embeddable":true,"href":"https:\/\/www.espacegraphique.com\/blog\/wp-json\/wp\/v2\/media\/3091"}],"wp:attachment":[{"href":"https:\/\/www.espacegraphique.com\/blog\/wp-json\/wp\/v2\/media?parent=3089"}],"wp:term":[{"taxonomy":"category","embeddable":true,"href":"https:\/\/www.espacegraphique.com\/blog\/wp-json\/wp\/v2\/categories?post=3089"},{"taxonomy":"post_tag","embeddable":true,"href":"https:\/\/www.espacegraphique.com\/blog\/wp-json\/wp\/v2\/tags?post=3089"}],"curies":[{"name":"wp","href":"https:\/\/api.w.org\/{rel}","templated":true}]}}