{"id":3220,"date":"2015-12-27T14:34:02","date_gmt":"2015-12-27T12:34:02","guid":{"rendered":"http:\/\/www.espacegraphique.com\/blog\/?p=3220"},"modified":"2015-12-27T14:36:10","modified_gmt":"2015-12-27T12:36:10","slug":"une-rose-a-noel","status":"publish","type":"post","link":"https:\/\/www.espacegraphique.com\/blog\/photos\/une-rose-a-noel-3220","title":{"rendered":"Une rose \u00e0 No\u00ebl"},"content":{"rendered":"<p>On a tous pu voir la nature s&#8217;emballer cette ann\u00e9e, avec des situations rares.<\/p>\n<p>J&rsquo;ai pris en photo cette d&rsquo;une rose dans la rue, elle a\u00a0eu tout le temps de d\u00e9velopper sa corolle bien fournie. Pas le moindre gel pour venir perturber ce lent processus.<\/p>\n<p><strong>Cette ann\u00e9e les rosiers sont de la f\u00eate en m\u00eame temps que les Hell\u00e9bores.<\/strong> Il y aura m\u00eame fructification vu que les abeilles sont\u00a0au rendez-vous.<\/p>\n<p>Les jardiniers savent que les rosiers fleurissent d\u00e8s qu&rsquo;ils en ont la possibilit\u00e9 comme bon nombre de\u00a0<a href=\"https:\/\/www.espacegraphique.com\/rosacees\/rose-aquarelle.php\">Rosac\u00e9es<\/a>. Apr\u00e8s on a pas toujours l&rsquo;habitude de voir des roses aussi fournies sortir le grand jeu \u00e0 No\u00ebl.<\/p>\n<p>Chez\u00a0les fraisiers la petite fleur peut profiter d&rsquo;un r\u00e9pit,\u00a0cependant sans une temp\u00e9rature adapt\u00e9e la fraise restera petite.\u00a0C&rsquo;est un faux fruit, il est possible que les petits ak\u00e8nes de surface arrivent \u00e0 maturit\u00e9 et finissent par produire des nouveaux plants.<\/p>\n<p><a href=\"https:\/\/www.espacegraphique.com\/blog\/wp-content\/uploads\/2015\/12\/fraisier.jpg\" rel=\"attachment wp-att-3223\"><img loading=\"lazy\" decoding=\"async\" class=\"aligncenter size-medium wp-image-3223\" src=\"https:\/\/www.espacegraphique.com\/blog\/wp-content\/uploads\/2015\/12\/fraisier-300x169.jpg\" alt=\"Fraisier en hiver\" width=\"300\" height=\"169\" srcset=\"https:\/\/www.espacegraphique.com\/blog\/wp-content\/uploads\/2015\/12\/fraisier-300x169.jpg 300w, https:\/\/www.espacegraphique.com\/blog\/wp-content\/uploads\/2015\/12\/fraisier.jpg 640w\" sizes=\"auto, (max-width: 300px) 100vw, 300px\" \/><\/a><\/p>\n<p>Quand aux bananiers, apr\u00e8s un mois de novembre qui a marqu\u00e9 les feuilles avec le gel. Voici les nouvelles feuilles, elles n&rsquo;ont subi aucun dommage\u00a0:<\/p>\n<p><a href=\"https:\/\/www.espacegraphique.com\/blog\/wp-content\/uploads\/2015\/12\/bananier.jpg\" rel=\"attachment wp-att-3222\"><img loading=\"lazy\" decoding=\"async\" class=\"aligncenter size-medium wp-image-3222\" src=\"https:\/\/www.espacegraphique.com\/blog\/wp-content\/uploads\/2015\/12\/bananier-300x169.jpg\" alt=\"Bananier en hiver\" width=\"300\" height=\"169\" srcset=\"https:\/\/www.espacegraphique.com\/blog\/wp-content\/uploads\/2015\/12\/bananier-300x169.jpg 300w, https:\/\/www.espacegraphique.com\/blog\/wp-content\/uploads\/2015\/12\/bananier.jpg 640w\" sizes=\"auto, (max-width: 300px) 100vw, 300px\" \/><\/a><\/p>\n<p>La question est de savoir si il faut rabattre rosiers et bananiers pour le froid qui peut encore venir.<\/p>\n<p>J&rsquo;ai raccourci mes rosiers, pour les bananiers on verra bien&#8230;<\/p>\n<p>&nbsp;<\/p>\n","protected":false},"excerpt":{"rendered":"<p>Cette ann\u00e9e les rosiers sont de la f\u00eate en m\u00eame temps que les Hell\u00e9bores. <\/p>\n","protected":false},"author":1,"featured_media":3221,"comment_status":"open","ping_status":"open","sticky":false,"template":"","format":"standard","meta":{"footnotes":""},"categories":[13],"tags":[263,287,65,96,126],"class_list":["post-3220","post","type-post","status-publish","format-standard","has-post-thumbnail","hentry","category-photos","tag-bananier","tag-fraisier","tag-noel","tag-petales","tag-rose"],"aioseo_notices":[],"_links":{"self":[{"href":"https:\/\/www.espacegraphique.com\/blog\/wp-json\/wp\/v2\/posts\/3220","targetHints":{"allow":["GET"]}}],"collection":[{"href":"https:\/\/www.espacegraphique.com\/blog\/wp-json\/wp\/v2\/posts"}],"about":[{"href":"https:\/\/www.espacegraphique.com\/blog\/wp-json\/wp\/v2\/types\/post"}],"author":[{"embeddable":true,"href":"https:\/\/www.espacegraphique.com\/blog\/wp-json\/wp\/v2\/users\/1"}],"replies":[{"embeddable":true,"href":"https:\/\/www.espacegraphique.com\/blog\/wp-json\/wp\/v2\/comments?post=3220"}],"version-history":[{"count":5,"href":"https:\/\/www.espacegraphique.com\/blog\/wp-json\/wp\/v2\/posts\/3220\/revisions"}],"predecessor-version":[{"id":3228,"href":"https:\/\/www.espacegraphique.com\/blog\/wp-json\/wp\/v2\/posts\/3220\/revisions\/3228"}],"wp:featuredmedia":[{"embeddable":true,"href":"https:\/\/www.espacegraphique.com\/blog\/wp-json\/wp\/v2\/media\/3221"}],"wp:attachment":[{"href":"https:\/\/www.espacegraphique.com\/blog\/wp-json\/wp\/v2\/media?parent=3220"}],"wp:term":[{"taxonomy":"category","embeddable":true,"href":"https:\/\/www.espacegraphique.com\/blog\/wp-json\/wp\/v2\/categories?post=3220"},{"taxonomy":"post_tag","embeddable":true,"href":"https:\/\/www.espacegraphique.com\/blog\/wp-json\/wp\/v2\/tags?post=3220"}],"curies":[{"name":"wp","href":"https:\/\/api.w.org\/{rel}","templated":true}]}}