{"id":3281,"date":"2016-03-12T20:29:31","date_gmt":"2016-03-12T18:29:31","guid":{"rendered":"http:\/\/www.espacegraphique.com\/blog\/?p=3281"},"modified":"2016-03-12T20:43:13","modified_gmt":"2016-03-12T18:43:13","slug":"la-tour-doree","status":"publish","type":"post","link":"https:\/\/www.espacegraphique.com\/blog\/carton\/aquarelles\/la-tour-doree-3281","title":{"rendered":"La tour dor\u00e9e"},"content":{"rendered":"<p><strong>Lors du dernier festival de Sault-l\u00e8s-Rethel, il y avait une magnifique tour\u00a0qui m&rsquo;a tap\u00e9 dans l&rsquo;oeil.<\/strong><\/p>\n<p>Je l&rsquo;ai alors prise en photo avec mon t\u00e9l\u00e9phone puis re-dessin\u00e9e en posant le t\u00e9l\u00e9phone devant moi. Ca devient un peu une habitude quand je suis en d\u00e9dicaces.<\/p>\n<p>Je n&rsquo;ai pas r\u00e9ussi \u00e0\u00a0terminer la mise en couleur dans la journ\u00e9e, mais avec la photo\u00a0il \u00e9tait tout \u00e0 fait possible de continuer quelques jours plus tard, ce que j&rsquo;ai fait. Il y a beaucoup d&rsquo;aquarelle et un peu de crayon de couleur.<\/p>\n<p>J&rsquo;aime beaucoup le toit en forme de cloche avec de minuscules lucarnes qui rendent l&rsquo;\u00e9difice plus grand avec le jeu de la\u00a0perspective.<\/p>\n<p>C&rsquo;est toujours un peu \u00ab\u00a0clich\u00e9\u00a0\u00bb de rajouter un oiseau \u00e0 cot\u00e9 d&rsquo;une tour,\u00a0j&rsquo;ai h\u00e9sit\u00e9 un instant \u00e0 placer un dragon, mais l\u00e0 on entrait compl\u00e8tement dans un autre genre, ce sera pour une prochaine fois.<\/p>\n<p>Voil\u00e0 le\u00a0petit souvenir de plus\u00a0sur mon carnet.<\/p>\n<p><a href=\"https:\/\/www.espacegraphique.com\/blog\/wp-content\/uploads\/2016\/03\/tour-origine.jpg\" rel=\"attachment wp-att-3283\"><img loading=\"lazy\" decoding=\"async\" class=\"aligncenter size-full wp-image-3283\" src=\"https:\/\/www.espacegraphique.com\/blog\/wp-content\/uploads\/2016\/03\/tour-origine.jpg\" alt=\"Tour dor\u00e9e\" width=\"573\" height=\"800\" srcset=\"https:\/\/www.espacegraphique.com\/blog\/wp-content\/uploads\/2016\/03\/tour-origine.jpg 573w, https:\/\/www.espacegraphique.com\/blog\/wp-content\/uploads\/2016\/03\/tour-origine-215x300.jpg 215w\" sizes=\"auto, (max-width: 573px) 100vw, 573px\" \/><\/a><\/p>\n","protected":false},"excerpt":{"rendered":"<p>Lors du dernier festival de Sault-l\u00e8s-Rethel, il y avait une magnifique tour qui m&rsquo;a tap\u00e9 dans l&rsquo;oeil.<\/p>\n","protected":false},"author":1,"featured_media":3282,"comment_status":"open","ping_status":"open","sticky":false,"template":"","format":"standard","meta":{"footnotes":""},"categories":[3,191,21],"tags":[33,222,257],"class_list":["post-3281","post","type-post","status-publish","format-standard","has-post-thumbnail","hentry","category-aquarelles","category-carton","category-decors","tag-aquarelle","tag-architecture","tag-oiseau"],"aioseo_notices":[],"_links":{"self":[{"href":"https:\/\/www.espacegraphique.com\/blog\/wp-json\/wp\/v2\/posts\/3281","targetHints":{"allow":["GET"]}}],"collection":[{"href":"https:\/\/www.espacegraphique.com\/blog\/wp-json\/wp\/v2\/posts"}],"about":[{"href":"https:\/\/www.espacegraphique.com\/blog\/wp-json\/wp\/v2\/types\/post"}],"author":[{"embeddable":true,"href":"https:\/\/www.espacegraphique.com\/blog\/wp-json\/wp\/v2\/users\/1"}],"replies":[{"embeddable":true,"href":"https:\/\/www.espacegraphique.com\/blog\/wp-json\/wp\/v2\/comments?post=3281"}],"version-history":[{"count":4,"href":"https:\/\/www.espacegraphique.com\/blog\/wp-json\/wp\/v2\/posts\/3281\/revisions"}],"predecessor-version":[{"id":3287,"href":"https:\/\/www.espacegraphique.com\/blog\/wp-json\/wp\/v2\/posts\/3281\/revisions\/3287"}],"wp:featuredmedia":[{"embeddable":true,"href":"https:\/\/www.espacegraphique.com\/blog\/wp-json\/wp\/v2\/media\/3282"}],"wp:attachment":[{"href":"https:\/\/www.espacegraphique.com\/blog\/wp-json\/wp\/v2\/media?parent=3281"}],"wp:term":[{"taxonomy":"category","embeddable":true,"href":"https:\/\/www.espacegraphique.com\/blog\/wp-json\/wp\/v2\/categories?post=3281"},{"taxonomy":"post_tag","embeddable":true,"href":"https:\/\/www.espacegraphique.com\/blog\/wp-json\/wp\/v2\/tags?post=3281"}],"curies":[{"name":"wp","href":"https:\/\/api.w.org\/{rel}","templated":true}]}}