{"id":3360,"date":"2016-05-14T19:03:46","date_gmt":"2016-05-14T17:03:46","guid":{"rendered":"http:\/\/www.espacegraphique.com\/blog\/?p=3360"},"modified":"2016-05-16T10:33:04","modified_gmt":"2016-05-16T08:33:04","slug":"une-saison-de-festivals-bd","status":"publish","type":"post","link":"https:\/\/www.espacegraphique.com\/blog\/carton\/une-saison-de-festivals-bd-3360","title":{"rendered":"Une saison de festivals BD"},"content":{"rendered":"<p><strong>Il fait beau et la saison des festivals de BD est d\u00e9j\u00e0 bien d\u00e9marr\u00e9e.<\/strong><\/p>\n<p>Je serais avec mes amis de <a href=\"http:\/\/lanterne-bd.blogspot.fr\/\">La Lanterne \u00e0 BD <\/a>dans diff\u00e9rents festivals de la r\u00e9gion qui vont bient\u00f4t avoir lieu :<\/p>\n<p><strong>La convention Manga de Creil<\/strong> (Oise) le samedi 21 mai 2016 :<\/p>\n<p><a href=\"http:\/\/www.lavilleauxlivres.com\/convention-manga\/\"><img loading=\"lazy\" decoding=\"async\" class=\"aligncenter size-medium wp-image-3362\" src=\"https:\/\/www.espacegraphique.com\/blog\/wp-content\/uploads\/2016\/05\/affich-2016-bassedef-201x300.jpg\" alt=\"Affiche Creil\" width=\"201\" height=\"300\" srcset=\"https:\/\/www.espacegraphique.com\/blog\/wp-content\/uploads\/2016\/05\/affich-2016-bassedef-201x300.jpg 201w, https:\/\/www.espacegraphique.com\/blog\/wp-content\/uploads\/2016\/05\/affich-2016-bassedef.jpg 531w\" sizes=\"auto, (max-width: 201px) 100vw, 201px\" \/><\/a><\/p>\n<p><strong>La F\u00eate du Livre et des Arts \u00e0 Crecy-au-Mont<\/strong> (Aisne) le dimanche 22 mai 2016 :<\/p>\n<p><a href=\"https:\/\/www.espacegraphique.com\/blog\/wp-content\/uploads\/2016\/05\/crecy.jpg\"><img loading=\"lazy\" decoding=\"async\" class=\"aligncenter size-medium wp-image-3363\" src=\"https:\/\/www.espacegraphique.com\/blog\/wp-content\/uploads\/2016\/05\/crecy-214x300.jpg\" alt=\"Affiche BD Crecy\" width=\"214\" height=\"300\" srcset=\"https:\/\/www.espacegraphique.com\/blog\/wp-content\/uploads\/2016\/05\/crecy-214x300.jpg 214w, https:\/\/www.espacegraphique.com\/blog\/wp-content\/uploads\/2016\/05\/crecy.jpg 242w\" sizes=\"auto, (max-width: 214px) 100vw, 214px\" \/><\/a><\/p>\n<p><strong>Les 21\u00e8me Rendez-vous de la BD d&rsquo;Amiens<\/strong> (Somme) les 4 et 5 juin 2016 :<\/p>\n<p><a href=\"http:\/\/bd.amiens.com\/festival\/21es-rendez-vous-de-la-bande-dessinee-damiens-2016\/\">http:\/\/bd.amiens.com\/festival\/21es-rendez-vous-de-la-bande-dessinee-damiens-2016\/<\/a><\/p>\n<p><strong>La F\u00eate de l&rsquo;\u00e9t\u00e9 \u00e0 Thourotte<\/strong> (Oise) le samedi 11 juin 2016.<\/p>\n<p><a href=\"http:\/\/www.thourotte.fr\/\">http:\/\/www.thourotte.fr\/<\/a><\/p>\n<p><b>Et peut-\u00eatre les Elyziks \u00e0 Saint-Quentin <\/b>(Aisne) les\u00a018 et 19 juin 2016.<\/p>\n<p><a href=\"http:\/\/www.leselyziks.fr\/\">http:\/\/www.leselyziks.fr\/<\/a><\/p>\n","protected":false},"excerpt":{"rendered":"<p>Je serais avec mes amis de La Lanterne \u00e0 BD dans diff\u00e9rents festivals <\/p>\n","protected":false},"author":1,"featured_media":3361,"comment_status":"open","ping_status":"open","sticky":false,"template":"","format":"standard","meta":{"footnotes":""},"categories":[252,191],"tags":[193,116],"class_list":["post-3360","post","type-post","status-publish","format-standard","has-post-thumbnail","hentry","category-bd-carton","category-carton","tag-bd","tag-festival"],"aioseo_notices":[],"_links":{"self":[{"href":"https:\/\/www.espacegraphique.com\/blog\/wp-json\/wp\/v2\/posts\/3360","targetHints":{"allow":["GET"]}}],"collection":[{"href":"https:\/\/www.espacegraphique.com\/blog\/wp-json\/wp\/v2\/posts"}],"about":[{"href":"https:\/\/www.espacegraphique.com\/blog\/wp-json\/wp\/v2\/types\/post"}],"author":[{"embeddable":true,"href":"https:\/\/www.espacegraphique.com\/blog\/wp-json\/wp\/v2\/users\/1"}],"replies":[{"embeddable":true,"href":"https:\/\/www.espacegraphique.com\/blog\/wp-json\/wp\/v2\/comments?post=3360"}],"version-history":[{"count":2,"href":"https:\/\/www.espacegraphique.com\/blog\/wp-json\/wp\/v2\/posts\/3360\/revisions"}],"predecessor-version":[{"id":3366,"href":"https:\/\/www.espacegraphique.com\/blog\/wp-json\/wp\/v2\/posts\/3360\/revisions\/3366"}],"wp:featuredmedia":[{"embeddable":true,"href":"https:\/\/www.espacegraphique.com\/blog\/wp-json\/wp\/v2\/media\/3361"}],"wp:attachment":[{"href":"https:\/\/www.espacegraphique.com\/blog\/wp-json\/wp\/v2\/media?parent=3360"}],"wp:term":[{"taxonomy":"category","embeddable":true,"href":"https:\/\/www.espacegraphique.com\/blog\/wp-json\/wp\/v2\/categories?post=3360"},{"taxonomy":"post_tag","embeddable":true,"href":"https:\/\/www.espacegraphique.com\/blog\/wp-json\/wp\/v2\/tags?post=3360"}],"curies":[{"name":"wp","href":"https:\/\/api.w.org\/{rel}","templated":true}]}}