{"id":3382,"date":"2016-06-07T23:06:31","date_gmt":"2016-06-07T21:06:31","guid":{"rendered":"http:\/\/www.espacegraphique.com\/blog\/?p=3382"},"modified":"2016-06-07T23:13:39","modified_gmt":"2016-06-07T21:13:39","slug":"bulles-sous-la-pluie","status":"publish","type":"post","link":"https:\/\/www.espacegraphique.com\/blog\/carton\/aquarelles\/bulles-sous-la-pluie-3382","title":{"rendered":"Un enfant s&rsquo;est mis \u00e0 souffler des bulles sous la pluie&#8230;"},"content":{"rendered":"<p><strong>Il y a quelques semaines lors d&rsquo;un festival il s&rsquo;est mis \u00e0 pleuvoir des cordes. <\/strong><\/p>\n<p>C&rsquo;\u00e9tait dans un petit village il y avait une bonne ambiance et personne ne s&rsquo;est arr\u00eat\u00e9 de faire la f\u00eate vu qu&rsquo;on \u00e9tait bien abrit\u00e9.<\/p>\n<p>C&rsquo;\u00e9tait d\u00e9j\u00e0 un peu surr\u00e9aliste toute cette pluie et la bonne humeur des gens, mais\u00a0ce n&rsquo;\u00e9tait pas suffisant pour rendre cette sc\u00e8ne \u00e9trange.<\/p>\n<p><strong>Un enfant s&rsquo;est mis \u00e0 souffler des bulles sous la pluie&#8230;<\/strong><\/p>\n<p>Les bulles volaient au milieu de\u00a0la cour comme si\u00a0la pluie n&rsquo;existait pas, ce n&rsquo;\u00e9tait pourtant pas la petite pluie fine mais des trombes d&rsquo;eau comme on en a tous vu ces derni\u00e8res semaines.<\/p>\n<p>On pouvait sentir que les gouttes \u00e9taient dans cette masse d&rsquo;eau car elles vibraient et pourtant elles n&rsquo;\u00e9clataient pas&#8230;<\/p>\n<p>Leur vol semblait ralenti,\u00a0mais continu en allant parfois vers le haut alors que n&rsquo;importe quelle feuille de papier traversant cette cour aurait \u00e9t\u00e9 plaqu\u00e9e imm\u00e9diatement au sol.<\/p>\n<p>Il y a sans doute une explication \u00e0 tout cela, mais en ce qui me concerne je s\u00e8che&#8230;<\/p>\n<p>En attendant je vous livre ici une des d\u00e9dicaces que j&rsquo;ai r\u00e9alis\u00e9 \u00e0 Amiens sur la m\u00eame page que <a href=\"http:\/\/bdetcompagnie.blogspot.fr\/\">Celadone<\/a>\u00a0vu que c&rsquo;est un album collectif (moi j&rsquo;ai fait les n\u00e9nuphars et la grenouille).<\/p>\n<p><a href=\"https:\/\/www.espacegraphique.com\/blog\/wp-content\/uploads\/2016\/06\/bulles.jpg\"><img loading=\"lazy\" decoding=\"async\" class=\"aligncenter size-full wp-image-3384\" src=\"https:\/\/www.espacegraphique.com\/blog\/wp-content\/uploads\/2016\/06\/bulles.jpg\" alt=\"D\u00e9dicace Bulles\" width=\"600\" height=\"800\" srcset=\"https:\/\/www.espacegraphique.com\/blog\/wp-content\/uploads\/2016\/06\/bulles.jpg 600w, https:\/\/www.espacegraphique.com\/blog\/wp-content\/uploads\/2016\/06\/bulles-225x300.jpg 225w\" sizes=\"auto, (max-width: 600px) 100vw, 600px\" \/><\/a><\/p>\n","protected":false},"excerpt":{"rendered":"<p>Il y a quelques semaines lors d&rsquo;un festival il s&rsquo;est mis \u00e0 pleuvoir des cordes.<\/p>\n","protected":false},"author":1,"featured_media":3383,"comment_status":"open","ping_status":"open","sticky":false,"template":"","format":"standard","meta":{"footnotes":""},"categories":[3,191,129],"tags":[33,193,189],"class_list":["post-3382","post","type-post","status-publish","format-standard","has-post-thumbnail","hentry","category-aquarelles","category-carton","category-dessins","tag-aquarelle","tag-bd","tag-nymphea"],"aioseo_notices":[],"_links":{"self":[{"href":"https:\/\/www.espacegraphique.com\/blog\/wp-json\/wp\/v2\/posts\/3382","targetHints":{"allow":["GET"]}}],"collection":[{"href":"https:\/\/www.espacegraphique.com\/blog\/wp-json\/wp\/v2\/posts"}],"about":[{"href":"https:\/\/www.espacegraphique.com\/blog\/wp-json\/wp\/v2\/types\/post"}],"author":[{"embeddable":true,"href":"https:\/\/www.espacegraphique.com\/blog\/wp-json\/wp\/v2\/users\/1"}],"replies":[{"embeddable":true,"href":"https:\/\/www.espacegraphique.com\/blog\/wp-json\/wp\/v2\/comments?post=3382"}],"version-history":[{"count":5,"href":"https:\/\/www.espacegraphique.com\/blog\/wp-json\/wp\/v2\/posts\/3382\/revisions"}],"predecessor-version":[{"id":3389,"href":"https:\/\/www.espacegraphique.com\/blog\/wp-json\/wp\/v2\/posts\/3382\/revisions\/3389"}],"wp:featuredmedia":[{"embeddable":true,"href":"https:\/\/www.espacegraphique.com\/blog\/wp-json\/wp\/v2\/media\/3383"}],"wp:attachment":[{"href":"https:\/\/www.espacegraphique.com\/blog\/wp-json\/wp\/v2\/media?parent=3382"}],"wp:term":[{"taxonomy":"category","embeddable":true,"href":"https:\/\/www.espacegraphique.com\/blog\/wp-json\/wp\/v2\/categories?post=3382"},{"taxonomy":"post_tag","embeddable":true,"href":"https:\/\/www.espacegraphique.com\/blog\/wp-json\/wp\/v2\/tags?post=3382"}],"curies":[{"name":"wp","href":"https:\/\/api.w.org\/{rel}","templated":true}]}}