{"id":345,"date":"2010-10-24T17:04:38","date_gmt":"2010-10-24T16:04:38","guid":{"rendered":"http:\/\/www.espacegraphique.com\/blog\/?p=345"},"modified":"2010-10-30T14:48:25","modified_gmt":"2010-10-30T13:48:25","slug":"aquarelle-de-sedum-purpureum","status":"publish","type":"post","link":"https:\/\/www.espacegraphique.com\/blog\/carton\/aquarelles\/aquarelle-de-sedum-purpureum-345","title":{"rendered":"Aquarelle de Sedum purpureum"},"content":{"rendered":"<p><a href=\"https:\/\/www.espacegraphique.com\/blog\/wp-content\/uploads\/2010\/10\/orpin.jpg\"><img loading=\"lazy\" decoding=\"async\" class=\"alignleft size-medium wp-image-346\" title=\"Orpin ou Sedum purpureum\" src=\"https:\/\/www.espacegraphique.com\/blog\/wp-content\/uploads\/2010\/10\/orpin-300x224.jpg\" alt=\"Orpin ou Sedum purpureum\" width=\"300\" height=\"224\" srcset=\"https:\/\/www.espacegraphique.com\/blog\/wp-content\/uploads\/2010\/10\/orpin-300x224.jpg 300w, https:\/\/www.espacegraphique.com\/blog\/wp-content\/uploads\/2010\/10\/orpin-1024x767.jpg 1024w, https:\/\/www.espacegraphique.com\/blog\/wp-content\/uploads\/2010\/10\/orpin.jpg 1934w\" sizes=\"auto, (max-width: 300px) 100vw, 300px\" \/><\/a>J&rsquo;ai repris le chemin de mes aquarelles de fleurs, pour illustrer une prochaine rubrique sur les <a title=\"Sedum et crassulac\u00e9es\" href=\"https:\/\/www.espacegraphique.com\/crassulacees\/sedum.php\">Crassulac\u00e9es<\/a>.<\/p>\n<p>Le Sedum est une des rares plantes qui reste encore fleurie dans mon jardin en cette fin d&rsquo;octobre.<\/p>\n<p>Ses ombelles prennent des couleurs pourpre sombre, j&rsquo;ai r\u00e9alis\u00e9 mon aquarelle en int\u00e9rieur. L&rsquo;\u00e9clairage d&rsquo;une maison \u00e9tant plut\u00f4t orange et celui de l&rsquo;ext\u00e9rieur plut\u00f4t bleu la teinte dominante est donc plus violette dans le vase que dans le jardin.<\/p>\n<p>Ce Sedum purpureum pousse au raz d&rsquo;un mur et colonise l&rsquo;espace ingrat un peu rocailleux ou peu de fleurs r\u00e9sistent.<\/p>\n","protected":false},"excerpt":{"rendered":"<p>Le Sedum est une des rares plantes qui reste encore en fleurie dans mon jardin en cette fin d&rsquo;octobre.<\/p>\n","protected":false},"author":1,"featured_media":0,"comment_status":"open","ping_status":"open","sticky":false,"template":"","format":"standard","meta":{"footnotes":""},"categories":[3],"tags":[33,8,12,110,158,157,156,128],"class_list":["post-345","post","type-post","status-publish","format-standard","hentry","category-aquarelles","tag-aquarelle","tag-couleur","tag-fleur","tag-jardin","tag-ombelle","tag-pourpre","tag-sedum","tag-violet"],"aioseo_notices":[],"_links":{"self":[{"href":"https:\/\/www.espacegraphique.com\/blog\/wp-json\/wp\/v2\/posts\/345","targetHints":{"allow":["GET"]}}],"collection":[{"href":"https:\/\/www.espacegraphique.com\/blog\/wp-json\/wp\/v2\/posts"}],"about":[{"href":"https:\/\/www.espacegraphique.com\/blog\/wp-json\/wp\/v2\/types\/post"}],"author":[{"embeddable":true,"href":"https:\/\/www.espacegraphique.com\/blog\/wp-json\/wp\/v2\/users\/1"}],"replies":[{"embeddable":true,"href":"https:\/\/www.espacegraphique.com\/blog\/wp-json\/wp\/v2\/comments?post=345"}],"version-history":[{"count":3,"href":"https:\/\/www.espacegraphique.com\/blog\/wp-json\/wp\/v2\/posts\/345\/revisions"}],"predecessor-version":[{"id":349,"href":"https:\/\/www.espacegraphique.com\/blog\/wp-json\/wp\/v2\/posts\/345\/revisions\/349"}],"wp:attachment":[{"href":"https:\/\/www.espacegraphique.com\/blog\/wp-json\/wp\/v2\/media?parent=345"}],"wp:term":[{"taxonomy":"category","embeddable":true,"href":"https:\/\/www.espacegraphique.com\/blog\/wp-json\/wp\/v2\/categories?post=345"},{"taxonomy":"post_tag","embeddable":true,"href":"https:\/\/www.espacegraphique.com\/blog\/wp-json\/wp\/v2\/tags?post=345"}],"curies":[{"name":"wp","href":"https:\/\/api.w.org\/{rel}","templated":true}]}}