{"id":3460,"date":"2016-11-18T21:21:18","date_gmt":"2016-11-18T19:21:18","guid":{"rendered":"http:\/\/www.espacegraphique.com\/blog\/?p=3460"},"modified":"2016-11-18T21:22:20","modified_gmt":"2016-11-18T19:22:20","slug":"la-nao-victoria-a-flots-dans-la-baie-de-morlaix","status":"publish","type":"post","link":"https:\/\/www.espacegraphique.com\/blog\/carton\/aquarelles\/la-nao-victoria-a-flots-dans-la-baie-de-morlaix-3460","title":{"rendered":"La Nao Victoria \u00e0 flots dans la baie de Morlaix"},"content":{"rendered":"<p><strong>\u00a0C&rsquo;est l&rsquo;histoire d&rsquo;une aquarelle que j&rsquo;ai r\u00e9alis\u00e9 \u00e0 partir de plusieurs photos prises en baie de Morlaix.<\/strong><\/p>\n<p>Dans l&rsquo;ordre il y a d\u00e9j\u00e0 une visite que je voulais faire depuis longtemps, celle du <strong>Ch\u00e2teau du Taureau<\/strong>.<\/p>\n<p>Un tour en bateau m&rsquo;a permis de prendre quelques photos ext\u00e9rieures et bien entendu de visiter le fort.<\/p>\n<p>Con\u00e7u\u00a0comme un bateau de pierre, il a ensuite servi de prison et vu bien d&rsquo;autres choses pendant ce dernier si\u00e8cle pour enfin\u00a0\u00eatre restaur\u00e9 et ouvert au public.<\/p>\n<p>Autre monument qui \u00e9tait cette fois au port de Morlaix, la <strong>Nao Victoria<\/strong> une r\u00e9plique d&rsquo;une <strong>nef<\/strong>\u00a0(nao) ayant servi pour faire le premier tour du monde.<\/p>\n<p>J&rsquo;ai donc r\u00e9alis\u00e9 un petit montage pas tr\u00e8s historique, bien que sans doute la \u00ab\u00a0caraque\u00a0\u00bb actuelle a\u00a0du passer pas bien loin du fort lors de son entr\u00e9e dans la baie.<\/p>\n<p>Les voiles \u00e9tant repli\u00e9es lors de la prise de photos, j&rsquo;ai pr\u00e9f\u00e9r\u00e9 les laisser ainsi dans mon\u00a0illustration, plut\u00f4t que de tenter une interpr\u00e9tation hasardeuse.<\/p>\n<p><strong>Voici donc mon petit souvenir de cette baie de Morlaix :<\/strong><\/p>\n<p><a href=\"https:\/\/www.espacegraphique.com\/blog\/wp-content\/uploads\/2016\/11\/baie.jpg\"><img loading=\"lazy\" decoding=\"async\" class=\"aligncenter size-full wp-image-3463\" src=\"https:\/\/www.espacegraphique.com\/blog\/wp-content\/uploads\/2016\/11\/baie.jpg\" alt=\"Baie de Morlaix\" width=\"500\" height=\"600\" srcset=\"https:\/\/www.espacegraphique.com\/blog\/wp-content\/uploads\/2016\/11\/baie.jpg 500w, https:\/\/www.espacegraphique.com\/blog\/wp-content\/uploads\/2016\/11\/baie-250x300.jpg 250w\" sizes=\"auto, (max-width: 500px) 100vw, 500px\" \/><\/a><\/p>\n<p>&nbsp;<\/p>\n","protected":false},"excerpt":{"rendered":"<p>La Nao Victoria et le Ch\u00e2teau du Taureau en Baie de Morlaix.<\/p>\n","protected":false},"author":1,"featured_media":3466,"comment_status":"open","ping_status":"open","sticky":false,"template":"","format":"standard","meta":{"footnotes":""},"categories":[3],"tags":[33,219,142,212,297],"class_list":["post-3460","post","type-post","status-publish","format-standard","has-post-thumbnail","hentry","category-aquarelles","tag-aquarelle","tag-bateau","tag-chateau","tag-mer","tag-morlaix"],"aioseo_notices":[],"aioseo_head":"\n\t\t<!-- All in One SEO 5.0.0.1 - aioseo.com -->\n\t<meta name=\"description\" content=\"C&#039;est l&#039;histoire d&#039;une aquarelle que j&#039;ai r\u00e9alis\u00e9 \u00e0 partir de plusieurs photos prises en baie de Morlaix.\" \/>\n\t<meta name=\"robots\" content=\"max-image-preview:large\" \/>\n\t<meta name=\"author\" content=\"Yann\"\/>\n\t<link rel=\"canonical\" href=\"https:\/\/www.espacegraphique.com\/blog\/carton\/aquarelles\/la-nao-victoria-a-flots-dans-la-baie-de-morlaix-3460\" \/>\n\t<meta name=\"generator\" content=\"All in One SEO (AIOSEO) 5.0.0.1\" \/>\n\t\t<meta property=\"og:locale\" content=\"fr_FR\" \/>\n\t\t<meta property=\"og:site_name\" content=\"Espace Graphique | Mon petit journal graphique\" \/>\n\t\t<meta property=\"og:type\" content=\"article\" \/>\n\t\t<meta property=\"og:title\" content=\"La Nao Victoria et le Ch\u00e2teau du Taureau en Baie de Morlaix | Espace Graphique\" \/>\n\t\t<meta property=\"og:description\" content=\"C&#039;est l&#039;histoire d&#039;une aquarelle que j&#039;ai r\u00e9alis\u00e9 \u00e0 partir de plusieurs photos prises en baie de Morlaix.\" \/>\n\t\t<meta property=\"og:url\" content=\"https:\/\/www.espacegraphique.com\/blog\/carton\/aquarelles\/la-nao-victoria-a-flots-dans-la-baie-de-morlaix-3460\" \/>\n\t\t<meta property=\"article:published_time\" content=\"2016-11-18T19:21:18+00:00\" \/>\n\t\t<meta property=\"article:modified_time\" content=\"2016-11-18T19:22:20+00:00\" \/>\n\t\t<meta name=\"twitter:card\" content=\"summary\" \/>\n\t\t<meta name=\"twitter:title\" content=\"La Nao Victoria et le Ch\u00e2teau du Taureau en Baie de Morlaix | Espace Graphique\" \/>\n\t\t<meta name=\"twitter:description\" content=\"C&#039;est l&#039;histoire d&#039;une aquarelle que j&#039;ai r\u00e9alis\u00e9 \u00e0 partir de plusieurs photos prises en baie de Morlaix.\" \/>\n\t\t<script type=\"application\/ld+json\" class=\"aioseo-schema\">\n\t\t\t{\"@context\":\"https:\\\/\\\/schema.org\",\"@graph\":[{\"@type\":\"Article\",\"@id\":\"https:\\\/\\\/www.espacegraphique.com\\\/blog\\\/carton\\\/aquarelles\\\/la-nao-victoria-a-flots-dans-la-baie-de-morlaix-3460#article\",\"name\":\"La Nao Victoria et le Ch\\u00e2teau du Taureau en Baie de Morlaix | Espace Graphique\",\"headline\":\"La Nao Victoria \\u00e0 flots dans la baie de Morlaix\",\"author\":{\"@id\":\"https:\\\/\\\/www.espacegraphique.com\\\/blog\\\/author\\\/admin#author\"},\"publisher\":{\"@id\":\"https:\\\/\\\/www.espacegraphique.com\\\/blog\\\/#organization\"},\"image\":{\"@type\":\"ImageObject\",\"url\":\"https:\\\/\\\/www.espacegraphique.com\\\/blog\\\/wp-content\\\/uploads\\\/2016\\\/11\\\/fort.jpg\",\"width\":640,\"height\":234,\"caption\":\"Ch\\u00e2teau du taureau\"},\"datePublished\":\"2016-11-18T21:21:18+02:00\",\"dateModified\":\"2016-11-18T21:22:20+02:00\",\"inLanguage\":\"fr-FR\",\"commentCount\":6,\"mainEntityOfPage\":{\"@id\":\"https:\\\/\\\/www.espacegraphique.com\\\/blog\\\/carton\\\/aquarelles\\\/la-nao-victoria-a-flots-dans-la-baie-de-morlaix-3460#webpage\"},\"isPartOf\":{\"@id\":\"https:\\\/\\\/www.espacegraphique.com\\\/blog\\\/carton\\\/aquarelles\\\/la-nao-victoria-a-flots-dans-la-baie-de-morlaix-3460#webpage\"},\"articleSection\":\"Aquarelles, aquarelle, bateau, ch\\u00e2teau, mer, Morlaix\"},{\"@type\":\"BreadcrumbList\",\"@id\":\"https:\\\/\\\/www.espacegraphique.com\\\/blog\\\/carton\\\/aquarelles\\\/la-nao-victoria-a-flots-dans-la-baie-de-morlaix-3460#breadcrumblist\",\"itemListElement\":[{\"@type\":\"ListItem\",\"@id\":\"https:\\\/\\\/www.espacegraphique.com\\\/blog#listItem\",\"position\":1,\"name\":\"Accueil\",\"item\":\"https:\\\/\\\/www.espacegraphique.com\\\/blog\",\"nextItem\":{\"@type\":\"ListItem\",\"@id\":\"https:\\\/\\\/www.espacegraphique.com\\\/blog\\\/planche\\\/carton#listItem\",\"name\":\"Carton \\u00e0 dessin\"}},{\"@type\":\"ListItem\",\"@id\":\"https:\\\/\\\/www.espacegraphique.com\\\/blog\\\/planche\\\/carton#listItem\",\"position\":2,\"name\":\"Carton \\u00e0 dessin\",\"item\":\"https:\\\/\\\/www.espacegraphique.com\\\/blog\\\/planche\\\/carton\",\"nextItem\":{\"@type\":\"ListItem\",\"@id\":\"https:\\\/\\\/www.espacegraphique.com\\\/blog\\\/planche\\\/carton\\\/aquarelles#listItem\",\"name\":\"Aquarelles\"},\"previousItem\":{\"@type\":\"ListItem\",\"@id\":\"https:\\\/\\\/www.espacegraphique.com\\\/blog#listItem\",\"name\":\"Accueil\"}},{\"@type\":\"ListItem\",\"@id\":\"https:\\\/\\\/www.espacegraphique.com\\\/blog\\\/planche\\\/carton\\\/aquarelles#listItem\",\"position\":3,\"name\":\"Aquarelles\",\"item\":\"https:\\\/\\\/www.espacegraphique.com\\\/blog\\\/planche\\\/carton\\\/aquarelles\",\"nextItem\":{\"@type\":\"ListItem\",\"@id\":\"https:\\\/\\\/www.espacegraphique.com\\\/blog\\\/carton\\\/aquarelles\\\/la-nao-victoria-a-flots-dans-la-baie-de-morlaix-3460#listItem\",\"name\":\"La Nao Victoria \\u00e0 flots dans la baie de Morlaix\"},\"previousItem\":{\"@type\":\"ListItem\",\"@id\":\"https:\\\/\\\/www.espacegraphique.com\\\/blog\\\/planche\\\/carton#listItem\",\"name\":\"Carton \\u00e0 dessin\"}},{\"@type\":\"ListItem\",\"@id\":\"https:\\\/\\\/www.espacegraphique.com\\\/blog\\\/carton\\\/aquarelles\\\/la-nao-victoria-a-flots-dans-la-baie-de-morlaix-3460#listItem\",\"position\":4,\"name\":\"La Nao Victoria \\u00e0 flots dans la baie de Morlaix\",\"previousItem\":{\"@type\":\"ListItem\",\"@id\":\"https:\\\/\\\/www.espacegraphique.com\\\/blog\\\/planche\\\/carton\\\/aquarelles#listItem\",\"name\":\"Aquarelles\"}}]},{\"@type\":\"Organization\",\"@id\":\"https:\\\/\\\/www.espacegraphique.com\\\/blog\\\/#organization\",\"name\":\"Espace Graphique\",\"description\":\"Mon petit journal graphique\",\"url\":\"https:\\\/\\\/www.espacegraphique.com\\\/blog\\\/\"},{\"@type\":\"Person\",\"@id\":\"https:\\\/\\\/www.espacegraphique.com\\\/blog\\\/author\\\/admin#author\",\"url\":\"https:\\\/\\\/www.espacegraphique.com\\\/blog\\\/author\\\/admin\",\"name\":\"Yann\",\"image\":{\"@type\":\"ImageObject\",\"@id\":\"https:\\\/\\\/www.espacegraphique.com\\\/blog\\\/carton\\\/aquarelles\\\/la-nao-victoria-a-flots-dans-la-baie-de-morlaix-3460#authorImage\",\"url\":\"https:\\\/\\\/secure.gravatar.com\\\/avatar\\\/05f8f89222152d60c127ff66d91f94e5ad916730aa5d5be07144ab977018dd0d?s=96&r=g\",\"width\":96,\"height\":96,\"caption\":\"Yann\"}},{\"@type\":\"WebPage\",\"@id\":\"https:\\\/\\\/www.espacegraphique.com\\\/blog\\\/carton\\\/aquarelles\\\/la-nao-victoria-a-flots-dans-la-baie-de-morlaix-3460#webpage\",\"url\":\"https:\\\/\\\/www.espacegraphique.com\\\/blog\\\/carton\\\/aquarelles\\\/la-nao-victoria-a-flots-dans-la-baie-de-morlaix-3460\",\"name\":\"La Nao Victoria et le Ch\\u00e2teau du Taureau en Baie de Morlaix | Espace Graphique\",\"description\":\"C'est l'histoire d'une aquarelle que j'ai r\\u00e9alis\\u00e9 \\u00e0 partir de plusieurs photos prises en baie de Morlaix.\",\"inLanguage\":\"fr-FR\",\"isPartOf\":{\"@id\":\"https:\\\/\\\/www.espacegraphique.com\\\/blog\\\/#website\"},\"breadcrumb\":{\"@id\":\"https:\\\/\\\/www.espacegraphique.com\\\/blog\\\/carton\\\/aquarelles\\\/la-nao-victoria-a-flots-dans-la-baie-de-morlaix-3460#breadcrumblist\"},\"author\":{\"@id\":\"https:\\\/\\\/www.espacegraphique.com\\\/blog\\\/author\\\/admin#author\"},\"creator\":{\"@id\":\"https:\\\/\\\/www.espacegraphique.com\\\/blog\\\/author\\\/admin#author\"},\"image\":{\"@type\":\"ImageObject\",\"url\":\"https:\\\/\\\/www.espacegraphique.com\\\/blog\\\/wp-content\\\/uploads\\\/2016\\\/11\\\/fort.jpg\",\"@id\":\"https:\\\/\\\/www.espacegraphique.com\\\/blog\\\/carton\\\/aquarelles\\\/la-nao-victoria-a-flots-dans-la-baie-de-morlaix-3460\\\/#mainImage\",\"width\":640,\"height\":234,\"caption\":\"Ch\\u00e2teau du taureau\"},\"primaryImageOfPage\":{\"@id\":\"https:\\\/\\\/www.espacegraphique.com\\\/blog\\\/carton\\\/aquarelles\\\/la-nao-victoria-a-flots-dans-la-baie-de-morlaix-3460#mainImage\"},\"datePublished\":\"2016-11-18T21:21:18+02:00\",\"dateModified\":\"2016-11-18T21:22:20+02:00\"},{\"@type\":\"WebSite\",\"@id\":\"https:\\\/\\\/www.espacegraphique.com\\\/blog\\\/#website\",\"url\":\"https:\\\/\\\/www.espacegraphique.com\\\/blog\\\/\",\"name\":\"Espace Graphique\",\"description\":\"Mon petit journal graphique\",\"inLanguage\":\"fr-FR\",\"publisher\":{\"@id\":\"https:\\\/\\\/www.espacegraphique.com\\\/blog\\\/#organization\"}}]}\n\t\t<\/script>\n\t\t<!-- All in One SEO -->\n\n","aioseo_head_json":{"title":"La Nao Victoria et le Ch\u00e2teau du Taureau en Baie de Morlaix | Espace Graphique","description":"C'est l'histoire d'une aquarelle que j'ai r\u00e9alis\u00e9 \u00e0 partir de plusieurs photos prises en baie de Morlaix.","canonical_url":"https:\/\/www.espacegraphique.com\/blog\/carton\/aquarelles\/la-nao-victoria-a-flots-dans-la-baie-de-morlaix-3460","robots":"max-image-preview:large","keywords":"","webmasterTools":{"miscellaneous":""},"schema":{"@context":"https:\/\/schema.org","@graph":[{"@type":"Article","@id":"https:\/\/www.espacegraphique.com\/blog\/carton\/aquarelles\/la-nao-victoria-a-flots-dans-la-baie-de-morlaix-3460#article","name":"La Nao Victoria et le Ch\u00e2teau du Taureau en Baie de Morlaix | Espace Graphique","headline":"La Nao Victoria \u00e0 flots dans la baie de Morlaix","author":{"@id":"https:\/\/www.espacegraphique.com\/blog\/author\/admin#author"},"publisher":{"@id":"https:\/\/www.espacegraphique.com\/blog\/#organization"},"image":{"@type":"ImageObject","url":"https:\/\/www.espacegraphique.com\/blog\/wp-content\/uploads\/2016\/11\/fort.jpg","width":640,"height":234,"caption":"Ch\u00e2teau du taureau"},"datePublished":"2016-11-18T21:21:18+02:00","dateModified":"2016-11-18T21:22:20+02:00","inLanguage":"fr-FR","commentCount":6,"mainEntityOfPage":{"@id":"https:\/\/www.espacegraphique.com\/blog\/carton\/aquarelles\/la-nao-victoria-a-flots-dans-la-baie-de-morlaix-3460#webpage"},"isPartOf":{"@id":"https:\/\/www.espacegraphique.com\/blog\/carton\/aquarelles\/la-nao-victoria-a-flots-dans-la-baie-de-morlaix-3460#webpage"},"articleSection":"Aquarelles, aquarelle, bateau, ch\u00e2teau, mer, Morlaix"},{"@type":"BreadcrumbList","@id":"https:\/\/www.espacegraphique.com\/blog\/carton\/aquarelles\/la-nao-victoria-a-flots-dans-la-baie-de-morlaix-3460#breadcrumblist","itemListElement":[{"@type":"ListItem","@id":"https:\/\/www.espacegraphique.com\/blog#listItem","position":1,"name":"Accueil","item":"https:\/\/www.espacegraphique.com\/blog","nextItem":{"@type":"ListItem","@id":"https:\/\/www.espacegraphique.com\/blog\/planche\/carton#listItem","name":"Carton \u00e0 dessin"}},{"@type":"ListItem","@id":"https:\/\/www.espacegraphique.com\/blog\/planche\/carton#listItem","position":2,"name":"Carton \u00e0 dessin","item":"https:\/\/www.espacegraphique.com\/blog\/planche\/carton","nextItem":{"@type":"ListItem","@id":"https:\/\/www.espacegraphique.com\/blog\/planche\/carton\/aquarelles#listItem","name":"Aquarelles"},"previousItem":{"@type":"ListItem","@id":"https:\/\/www.espacegraphique.com\/blog#listItem","name":"Accueil"}},{"@type":"ListItem","@id":"https:\/\/www.espacegraphique.com\/blog\/planche\/carton\/aquarelles#listItem","position":3,"name":"Aquarelles","item":"https:\/\/www.espacegraphique.com\/blog\/planche\/carton\/aquarelles","nextItem":{"@type":"ListItem","@id":"https:\/\/www.espacegraphique.com\/blog\/carton\/aquarelles\/la-nao-victoria-a-flots-dans-la-baie-de-morlaix-3460#listItem","name":"La Nao Victoria \u00e0 flots dans la baie de Morlaix"},"previousItem":{"@type":"ListItem","@id":"https:\/\/www.espacegraphique.com\/blog\/planche\/carton#listItem","name":"Carton \u00e0 dessin"}},{"@type":"ListItem","@id":"https:\/\/www.espacegraphique.com\/blog\/carton\/aquarelles\/la-nao-victoria-a-flots-dans-la-baie-de-morlaix-3460#listItem","position":4,"name":"La Nao Victoria \u00e0 flots dans la baie de Morlaix","previousItem":{"@type":"ListItem","@id":"https:\/\/www.espacegraphique.com\/blog\/planche\/carton\/aquarelles#listItem","name":"Aquarelles"}}]},{"@type":"Organization","@id":"https:\/\/www.espacegraphique.com\/blog\/#organization","name":"Espace Graphique","description":"Mon petit journal graphique","url":"https:\/\/www.espacegraphique.com\/blog\/"},{"@type":"Person","@id":"https:\/\/www.espacegraphique.com\/blog\/author\/admin#author","url":"https:\/\/www.espacegraphique.com\/blog\/author\/admin","name":"Yann","image":{"@type":"ImageObject","@id":"https:\/\/www.espacegraphique.com\/blog\/carton\/aquarelles\/la-nao-victoria-a-flots-dans-la-baie-de-morlaix-3460#authorImage","url":"https:\/\/secure.gravatar.com\/avatar\/05f8f89222152d60c127ff66d91f94e5ad916730aa5d5be07144ab977018dd0d?s=96&r=g","width":96,"height":96,"caption":"Yann"}},{"@type":"WebPage","@id":"https:\/\/www.espacegraphique.com\/blog\/carton\/aquarelles\/la-nao-victoria-a-flots-dans-la-baie-de-morlaix-3460#webpage","url":"https:\/\/www.espacegraphique.com\/blog\/carton\/aquarelles\/la-nao-victoria-a-flots-dans-la-baie-de-morlaix-3460","name":"La Nao Victoria et le Ch\u00e2teau du Taureau en Baie de Morlaix | Espace Graphique","description":"C'est l'histoire d'une aquarelle que j'ai r\u00e9alis\u00e9 \u00e0 partir de plusieurs photos prises en baie de Morlaix.","inLanguage":"fr-FR","isPartOf":{"@id":"https:\/\/www.espacegraphique.com\/blog\/#website"},"breadcrumb":{"@id":"https:\/\/www.espacegraphique.com\/blog\/carton\/aquarelles\/la-nao-victoria-a-flots-dans-la-baie-de-morlaix-3460#breadcrumblist"},"author":{"@id":"https:\/\/www.espacegraphique.com\/blog\/author\/admin#author"},"creator":{"@id":"https:\/\/www.espacegraphique.com\/blog\/author\/admin#author"},"image":{"@type":"ImageObject","url":"https:\/\/www.espacegraphique.com\/blog\/wp-content\/uploads\/2016\/11\/fort.jpg","@id":"https:\/\/www.espacegraphique.com\/blog\/carton\/aquarelles\/la-nao-victoria-a-flots-dans-la-baie-de-morlaix-3460\/#mainImage","width":640,"height":234,"caption":"Ch\u00e2teau du taureau"},"primaryImageOfPage":{"@id":"https:\/\/www.espacegraphique.com\/blog\/carton\/aquarelles\/la-nao-victoria-a-flots-dans-la-baie-de-morlaix-3460#mainImage"},"datePublished":"2016-11-18T21:21:18+02:00","dateModified":"2016-11-18T21:22:20+02:00"},{"@type":"WebSite","@id":"https:\/\/www.espacegraphique.com\/blog\/#website","url":"https:\/\/www.espacegraphique.com\/blog\/","name":"Espace Graphique","description":"Mon petit journal graphique","inLanguage":"fr-FR","publisher":{"@id":"https:\/\/www.espacegraphique.com\/blog\/#organization"}}]},"og:locale":"fr_FR","og:site_name":"Espace Graphique | Mon petit journal graphique","og:type":"article","og:title":"La Nao Victoria et le Ch\u00e2teau du Taureau en Baie de Morlaix | Espace Graphique","og:description":"C'est l'histoire d'une aquarelle que j'ai r\u00e9alis\u00e9 \u00e0 partir de plusieurs photos prises en baie de Morlaix.","og:url":"https:\/\/www.espacegraphique.com\/blog\/carton\/aquarelles\/la-nao-victoria-a-flots-dans-la-baie-de-morlaix-3460","article:published_time":"2016-11-18T19:21:18+00:00","article:modified_time":"2016-11-18T19:22:20+00:00","twitter:card":"summary","twitter:title":"La Nao Victoria et le Ch\u00e2teau du Taureau en Baie de Morlaix | Espace Graphique","twitter:description":"C'est l'histoire d'une aquarelle que j'ai r\u00e9alis\u00e9 \u00e0 partir de plusieurs photos prises en baie de Morlaix."},"aioseo_meta_data":{"post_id":"3460","title":"La Nao Victoria et le Ch\u00e2teau du Taureau en Baie de Morlaix | #site_title","description":"C'est l'histoire d'une aquarelle que j'ai r\u00e9alis\u00e9 \u00e0 partir de plusieurs photos prises en baie de Morlaix.","keywords":null,"keyphrases":null,"primary_term":null,"canonical_url":null,"og_title":null,"og_description":null,"og_object_type":"default","og_image_type":"default","og_image_url":null,"og_image_width":null,"og_image_height":null,"og_image_custom_url":null,"og_image_custom_fields":null,"og_video":null,"og_custom_url":null,"og_article_section":null,"og_article_tags":null,"twitter_use_og":false,"twitter_card":"default","twitter_image_type":"default","twitter_image_url":null,"twitter_image_custom_url":null,"twitter_image_custom_fields":null,"twitter_title":null,"twitter_description":null,"schema":{"blockGraphs":[],"customGraphs":[],"default":{"data":{"Article":[],"Course":[],"Dataset":[],"FAQPage":[],"Movie":[],"Person":[],"Product":[],"ProductReview":[],"Car":[],"Recipe":[],"Service":[],"SoftwareApplication":[],"WebPage":[]},"graphName":"","isEnabled":true},"graphs":[]},"schema_type":"default","schema_type_options":null,"pillar_content":false,"robots_default":true,"robots_noindex":false,"robots_noarchive":false,"robots_nosnippet":false,"robots_nofollow":false,"robots_noimageindex":false,"robots_noodp":false,"robots_notranslate":false,"robots_max_snippet":null,"robots_max_videopreview":null,"robots_max_imagepreview":"large","priority":null,"frequency":null,"local_seo":null,"limit_modified_date":false,"created":"2022-03-30 16:59:23","updated":"2026-08-22 01:36:35","focus_keyword":null,"additional_keywords":null,"truseo_locale":null,"ai":null,"breadcrumb_settings":null,"seo_analyzer_scan_date":null},"aioseo_breadcrumb":"<div class=\"aioseo-breadcrumbs\"><span class=\"aioseo-breadcrumb\">\n\t\t\t<a href=\"https:\/\/www.espacegraphique.com\/blog\" title=\"Accueil\">Accueil<\/a>\n\t\t<\/span><span class=\"aioseo-breadcrumb-separator\">&raquo;<\/span><span class=\"aioseo-breadcrumb\">\n\t\t\t<a href=\"https:\/\/www.espacegraphique.com\/blog\/planche\/carton\" title=\"Carton \u00e0 dessin\">Carton \u00e0 dessin<\/a>\n\t\t<\/span><span class=\"aioseo-breadcrumb-separator\">&raquo;<\/span><span class=\"aioseo-breadcrumb\">\n\t\t\t<a href=\"https:\/\/www.espacegraphique.com\/blog\/planche\/carton\/aquarelles\" title=\"Aquarelles\">Aquarelles<\/a>\n\t\t<\/span><span class=\"aioseo-breadcrumb-separator\">&raquo;<\/span><span class=\"aioseo-breadcrumb\">\n\t\t\tLa Nao Victoria \u00e0 flots dans la baie de Morlaix\n\t\t<\/span><\/div>","aioseo_breadcrumb_json":[{"label":"Accueil","link":"https:\/\/www.espacegraphique.com\/blog"},{"label":"Carton \u00e0 dessin","link":"https:\/\/www.espacegraphique.com\/blog\/planche\/carton"},{"label":"Aquarelles","link":"https:\/\/www.espacegraphique.com\/blog\/planche\/carton\/aquarelles"},{"label":"La Nao Victoria \u00e0 flots dans la baie de Morlaix","link":"https:\/\/www.espacegraphique.com\/blog\/carton\/aquarelles\/la-nao-victoria-a-flots-dans-la-baie-de-morlaix-3460"}],"_links":{"self":[{"href":"https:\/\/www.espacegraphique.com\/blog\/wp-json\/wp\/v2\/posts\/3460","targetHints":{"allow":["GET"]}}],"collection":[{"href":"https:\/\/www.espacegraphique.com\/blog\/wp-json\/wp\/v2\/posts"}],"about":[{"href":"https:\/\/www.espacegraphique.com\/blog\/wp-json\/wp\/v2\/types\/post"}],"author":[{"embeddable":true,"href":"https:\/\/www.espacegraphique.com\/blog\/wp-json\/wp\/v2\/users\/1"}],"replies":[{"embeddable":true,"href":"https:\/\/www.espacegraphique.com\/blog\/wp-json\/wp\/v2\/comments?post=3460"}],"version-history":[{"count":12,"href":"https:\/\/www.espacegraphique.com\/blog\/wp-json\/wp\/v2\/posts\/3460\/revisions"}],"predecessor-version":[{"id":3476,"href":"https:\/\/www.espacegraphique.com\/blog\/wp-json\/wp\/v2\/posts\/3460\/revisions\/3476"}],"wp:featuredmedia":[{"embeddable":true,"href":"https:\/\/www.espacegraphique.com\/blog\/wp-json\/wp\/v2\/media\/3466"}],"wp:attachment":[{"href":"https:\/\/www.espacegraphique.com\/blog\/wp-json\/wp\/v2\/media?parent=3460"}],"wp:term":[{"taxonomy":"category","embeddable":true,"href":"https:\/\/www.espacegraphique.com\/blog\/wp-json\/wp\/v2\/categories?post=3460"},{"taxonomy":"post_tag","embeddable":true,"href":"https:\/\/www.espacegraphique.com\/blog\/wp-json\/wp\/v2\/tags?post=3460"}],"curies":[{"name":"wp","href":"https:\/\/api.w.org\/{rel}","templated":true}]}}