{"id":3479,"date":"2016-12-18T17:04:32","date_gmt":"2016-12-18T15:04:32","guid":{"rendered":"http:\/\/www.espacegraphique.com\/blog\/?p=3479"},"modified":"2016-12-18T17:07:09","modified_gmt":"2016-12-18T15:07:09","slug":"noel-tombe-un-25-decembre-cette-annee","status":"publish","type":"post","link":"https:\/\/www.espacegraphique.com\/blog\/photos\/noel-tombe-un-25-decembre-cette-annee-3479","title":{"rendered":"No\u00ebl tombe un 25 d\u00e9cembre cette ann\u00e9e !"},"content":{"rendered":"<p>Et bien oui c&rsquo;est bien c&rsquo;est \u00e0 peine croyable.<\/p>\n<p>Je profite donc de ce scoop pour vous souhaiter \u00e0 tous un Joyeux No\u00ebl !<\/p>\n<p><a href=\"https:\/\/www.espacegraphique.com\/blog\/wp-content\/uploads\/2016\/12\/ange-bis.jpg\"><img loading=\"lazy\" decoding=\"async\" class=\"aligncenter wp-image-3480 size-medium\" src=\"https:\/\/www.espacegraphique.com\/blog\/wp-content\/uploads\/2016\/12\/ange-bis-225x300.jpg\" alt=\"Ange\" width=\"225\" height=\"300\" srcset=\"https:\/\/www.espacegraphique.com\/blog\/wp-content\/uploads\/2016\/12\/ange-bis-225x300.jpg 225w, https:\/\/www.espacegraphique.com\/blog\/wp-content\/uploads\/2016\/12\/ange-bis.jpg 480w\" sizes=\"auto, (max-width: 225px) 100vw, 225px\" \/><\/a><\/p>\n<p>R\u00e9alis\u00e9e ces derni\u00e8res semaines, un\u00a0petite illustration\u00a0ang\u00e9lique peinte\u00a0\u00e0 l&rsquo;aquarelle avec un peu d&rsquo;encre pour les noirs.<\/p>\n","protected":false},"excerpt":{"rendered":"<p>Et bien oui c&rsquo;est bien c&rsquo;est \u00e0 peine croyable.<\/p>\n","protected":false},"author":1,"featured_media":3481,"comment_status":"open","ping_status":"open","sticky":false,"template":"","format":"standard","meta":{"footnotes":""},"categories":[13],"tags":[],"class_list":["post-3479","post","type-post","status-publish","format-standard","has-post-thumbnail","hentry","category-photos"],"aioseo_notices":[],"aioseo_head":"\n\t\t<!-- All in One SEO 5.0.0.1 - aioseo.com -->\n\t<meta name=\"description\" content=\"Je profite donc de ce scoop pour vous souhaiter \u00e0 tous un Joyeux No\u00ebl !\" \/>\n\t<meta name=\"robots\" content=\"max-image-preview:large\" \/>\n\t<meta name=\"author\" content=\"Yann\"\/>\n\t<link rel=\"canonical\" href=\"https:\/\/www.espacegraphique.com\/blog\/photos\/noel-tombe-un-25-decembre-cette-annee-3479\" \/>\n\t<meta name=\"generator\" content=\"All in One SEO (AIOSEO) 5.0.0.1\" \/>\n\t\t<meta property=\"og:locale\" content=\"fr_FR\" \/>\n\t\t<meta property=\"og:site_name\" content=\"Espace Graphique | Mon petit journal graphique\" \/>\n\t\t<meta property=\"og:type\" content=\"article\" \/>\n\t\t<meta property=\"og:title\" content=\"No\u00ebl tombe un 25 d\u00e9cembre cette ann\u00e9e ! | Espace Graphique\" \/>\n\t\t<meta property=\"og:description\" content=\"Je profite donc de ce scoop pour vous souhaiter \u00e0 tous un Joyeux No\u00ebl !\" \/>\n\t\t<meta property=\"og:url\" content=\"https:\/\/www.espacegraphique.com\/blog\/photos\/noel-tombe-un-25-decembre-cette-annee-3479\" \/>\n\t\t<meta property=\"article:published_time\" content=\"2016-12-18T15:04:32+00:00\" \/>\n\t\t<meta property=\"article:modified_time\" content=\"2016-12-18T15:07:09+00:00\" \/>\n\t\t<meta name=\"twitter:card\" content=\"summary\" \/>\n\t\t<meta name=\"twitter:title\" content=\"No\u00ebl tombe un 25 d\u00e9cembre cette ann\u00e9e ! | Espace Graphique\" \/>\n\t\t<meta name=\"twitter:description\" content=\"Je profite donc de ce scoop pour vous souhaiter \u00e0 tous un Joyeux No\u00ebl !\" \/>\n\t\t<script type=\"application\/ld+json\" class=\"aioseo-schema\">\n\t\t\t{\"@context\":\"https:\\\/\\\/schema.org\",\"@graph\":[{\"@type\":\"Article\",\"@id\":\"https:\\\/\\\/www.espacegraphique.com\\\/blog\\\/photos\\\/noel-tombe-un-25-decembre-cette-annee-3479#article\",\"name\":\"No\\u00ebl tombe un 25 d\\u00e9cembre cette ann\\u00e9e ! | Espace Graphique\",\"headline\":\"No\\u00ebl tombe un 25 d\\u00e9cembre cette ann\\u00e9e !\",\"author\":{\"@id\":\"https:\\\/\\\/www.espacegraphique.com\\\/blog\\\/author\\\/admin#author\"},\"publisher\":{\"@id\":\"https:\\\/\\\/www.espacegraphique.com\\\/blog\\\/#organization\"},\"image\":{\"@type\":\"ImageObject\",\"url\":\"https:\\\/\\\/www.espacegraphique.com\\\/blog\\\/wp-content\\\/uploads\\\/2016\\\/12\\\/ange-640x.jpg\",\"width\":640,\"height\":234},\"datePublished\":\"2016-12-18T17:04:32+02:00\",\"dateModified\":\"2016-12-18T17:07:09+02:00\",\"inLanguage\":\"fr-FR\",\"commentCount\":11,\"mainEntityOfPage\":{\"@id\":\"https:\\\/\\\/www.espacegraphique.com\\\/blog\\\/photos\\\/noel-tombe-un-25-decembre-cette-annee-3479#webpage\"},\"isPartOf\":{\"@id\":\"https:\\\/\\\/www.espacegraphique.com\\\/blog\\\/photos\\\/noel-tombe-un-25-decembre-cette-annee-3479#webpage\"},\"articleSection\":\"Photos\"},{\"@type\":\"BreadcrumbList\",\"@id\":\"https:\\\/\\\/www.espacegraphique.com\\\/blog\\\/photos\\\/noel-tombe-un-25-decembre-cette-annee-3479#breadcrumblist\",\"itemListElement\":[{\"@type\":\"ListItem\",\"@id\":\"https:\\\/\\\/www.espacegraphique.com\\\/blog#listItem\",\"position\":1,\"name\":\"Accueil\",\"item\":\"https:\\\/\\\/www.espacegraphique.com\\\/blog\",\"nextItem\":{\"@type\":\"ListItem\",\"@id\":\"https:\\\/\\\/www.espacegraphique.com\\\/blog\\\/planche\\\/photos#listItem\",\"name\":\"Photos\"}},{\"@type\":\"ListItem\",\"@id\":\"https:\\\/\\\/www.espacegraphique.com\\\/blog\\\/planche\\\/photos#listItem\",\"position\":2,\"name\":\"Photos\",\"item\":\"https:\\\/\\\/www.espacegraphique.com\\\/blog\\\/planche\\\/photos\",\"nextItem\":{\"@type\":\"ListItem\",\"@id\":\"https:\\\/\\\/www.espacegraphique.com\\\/blog\\\/photos\\\/noel-tombe-un-25-decembre-cette-annee-3479#listItem\",\"name\":\"No\\u00ebl tombe un 25 d\\u00e9cembre cette ann\\u00e9e !\"},\"previousItem\":{\"@type\":\"ListItem\",\"@id\":\"https:\\\/\\\/www.espacegraphique.com\\\/blog#listItem\",\"name\":\"Accueil\"}},{\"@type\":\"ListItem\",\"@id\":\"https:\\\/\\\/www.espacegraphique.com\\\/blog\\\/photos\\\/noel-tombe-un-25-decembre-cette-annee-3479#listItem\",\"position\":3,\"name\":\"No\\u00ebl tombe un 25 d\\u00e9cembre cette ann\\u00e9e !\",\"previousItem\":{\"@type\":\"ListItem\",\"@id\":\"https:\\\/\\\/www.espacegraphique.com\\\/blog\\\/planche\\\/photos#listItem\",\"name\":\"Photos\"}}]},{\"@type\":\"Organization\",\"@id\":\"https:\\\/\\\/www.espacegraphique.com\\\/blog\\\/#organization\",\"name\":\"Espace Graphique\",\"description\":\"Mon petit journal graphique\",\"url\":\"https:\\\/\\\/www.espacegraphique.com\\\/blog\\\/\"},{\"@type\":\"Person\",\"@id\":\"https:\\\/\\\/www.espacegraphique.com\\\/blog\\\/author\\\/admin#author\",\"url\":\"https:\\\/\\\/www.espacegraphique.com\\\/blog\\\/author\\\/admin\",\"name\":\"Yann\",\"image\":{\"@type\":\"ImageObject\",\"@id\":\"https:\\\/\\\/www.espacegraphique.com\\\/blog\\\/photos\\\/noel-tombe-un-25-decembre-cette-annee-3479#authorImage\",\"url\":\"https:\\\/\\\/secure.gravatar.com\\\/avatar\\\/05f8f89222152d60c127ff66d91f94e5ad916730aa5d5be07144ab977018dd0d?s=96&r=g\",\"width\":96,\"height\":96,\"caption\":\"Yann\"}},{\"@type\":\"WebPage\",\"@id\":\"https:\\\/\\\/www.espacegraphique.com\\\/blog\\\/photos\\\/noel-tombe-un-25-decembre-cette-annee-3479#webpage\",\"url\":\"https:\\\/\\\/www.espacegraphique.com\\\/blog\\\/photos\\\/noel-tombe-un-25-decembre-cette-annee-3479\",\"name\":\"No\\u00ebl tombe un 25 d\\u00e9cembre cette ann\\u00e9e ! | Espace Graphique\",\"description\":\"Je profite donc de ce scoop pour vous souhaiter \\u00e0 tous un Joyeux No\\u00ebl !\",\"inLanguage\":\"fr-FR\",\"isPartOf\":{\"@id\":\"https:\\\/\\\/www.espacegraphique.com\\\/blog\\\/#website\"},\"breadcrumb\":{\"@id\":\"https:\\\/\\\/www.espacegraphique.com\\\/blog\\\/photos\\\/noel-tombe-un-25-decembre-cette-annee-3479#breadcrumblist\"},\"author\":{\"@id\":\"https:\\\/\\\/www.espacegraphique.com\\\/blog\\\/author\\\/admin#author\"},\"creator\":{\"@id\":\"https:\\\/\\\/www.espacegraphique.com\\\/blog\\\/author\\\/admin#author\"},\"image\":{\"@type\":\"ImageObject\",\"url\":\"https:\\\/\\\/www.espacegraphique.com\\\/blog\\\/wp-content\\\/uploads\\\/2016\\\/12\\\/ange-640x.jpg\",\"@id\":\"https:\\\/\\\/www.espacegraphique.com\\\/blog\\\/photos\\\/noel-tombe-un-25-decembre-cette-annee-3479\\\/#mainImage\",\"width\":640,\"height\":234},\"primaryImageOfPage\":{\"@id\":\"https:\\\/\\\/www.espacegraphique.com\\\/blog\\\/photos\\\/noel-tombe-un-25-decembre-cette-annee-3479#mainImage\"},\"datePublished\":\"2016-12-18T17:04:32+02:00\",\"dateModified\":\"2016-12-18T17:07:09+02:00\"},{\"@type\":\"WebSite\",\"@id\":\"https:\\\/\\\/www.espacegraphique.com\\\/blog\\\/#website\",\"url\":\"https:\\\/\\\/www.espacegraphique.com\\\/blog\\\/\",\"name\":\"Espace Graphique\",\"description\":\"Mon petit journal graphique\",\"inLanguage\":\"fr-FR\",\"publisher\":{\"@id\":\"https:\\\/\\\/www.espacegraphique.com\\\/blog\\\/#organization\"}}]}\n\t\t<\/script>\n\t\t<!-- All in One SEO -->\n\n","aioseo_head_json":{"title":"No\u00ebl tombe un 25 d\u00e9cembre cette ann\u00e9e ! | Espace Graphique","description":"Je profite donc de ce scoop pour vous souhaiter \u00e0 tous un Joyeux No\u00ebl !","canonical_url":"https:\/\/www.espacegraphique.com\/blog\/photos\/noel-tombe-un-25-decembre-cette-annee-3479","robots":"max-image-preview:large","keywords":"","webmasterTools":{"miscellaneous":""},"schema":{"@context":"https:\/\/schema.org","@graph":[{"@type":"Article","@id":"https:\/\/www.espacegraphique.com\/blog\/photos\/noel-tombe-un-25-decembre-cette-annee-3479#article","name":"No\u00ebl tombe un 25 d\u00e9cembre cette ann\u00e9e ! | Espace Graphique","headline":"No\u00ebl tombe un 25 d\u00e9cembre cette ann\u00e9e !","author":{"@id":"https:\/\/www.espacegraphique.com\/blog\/author\/admin#author"},"publisher":{"@id":"https:\/\/www.espacegraphique.com\/blog\/#organization"},"image":{"@type":"ImageObject","url":"https:\/\/www.espacegraphique.com\/blog\/wp-content\/uploads\/2016\/12\/ange-640x.jpg","width":640,"height":234},"datePublished":"2016-12-18T17:04:32+02:00","dateModified":"2016-12-18T17:07:09+02:00","inLanguage":"fr-FR","commentCount":11,"mainEntityOfPage":{"@id":"https:\/\/www.espacegraphique.com\/blog\/photos\/noel-tombe-un-25-decembre-cette-annee-3479#webpage"},"isPartOf":{"@id":"https:\/\/www.espacegraphique.com\/blog\/photos\/noel-tombe-un-25-decembre-cette-annee-3479#webpage"},"articleSection":"Photos"},{"@type":"BreadcrumbList","@id":"https:\/\/www.espacegraphique.com\/blog\/photos\/noel-tombe-un-25-decembre-cette-annee-3479#breadcrumblist","itemListElement":[{"@type":"ListItem","@id":"https:\/\/www.espacegraphique.com\/blog#listItem","position":1,"name":"Accueil","item":"https:\/\/www.espacegraphique.com\/blog","nextItem":{"@type":"ListItem","@id":"https:\/\/www.espacegraphique.com\/blog\/planche\/photos#listItem","name":"Photos"}},{"@type":"ListItem","@id":"https:\/\/www.espacegraphique.com\/blog\/planche\/photos#listItem","position":2,"name":"Photos","item":"https:\/\/www.espacegraphique.com\/blog\/planche\/photos","nextItem":{"@type":"ListItem","@id":"https:\/\/www.espacegraphique.com\/blog\/photos\/noel-tombe-un-25-decembre-cette-annee-3479#listItem","name":"No\u00ebl tombe un 25 d\u00e9cembre cette ann\u00e9e !"},"previousItem":{"@type":"ListItem","@id":"https:\/\/www.espacegraphique.com\/blog#listItem","name":"Accueil"}},{"@type":"ListItem","@id":"https:\/\/www.espacegraphique.com\/blog\/photos\/noel-tombe-un-25-decembre-cette-annee-3479#listItem","position":3,"name":"No\u00ebl tombe un 25 d\u00e9cembre cette ann\u00e9e !","previousItem":{"@type":"ListItem","@id":"https:\/\/www.espacegraphique.com\/blog\/planche\/photos#listItem","name":"Photos"}}]},{"@type":"Organization","@id":"https:\/\/www.espacegraphique.com\/blog\/#organization","name":"Espace Graphique","description":"Mon petit journal graphique","url":"https:\/\/www.espacegraphique.com\/blog\/"},{"@type":"Person","@id":"https:\/\/www.espacegraphique.com\/blog\/author\/admin#author","url":"https:\/\/www.espacegraphique.com\/blog\/author\/admin","name":"Yann","image":{"@type":"ImageObject","@id":"https:\/\/www.espacegraphique.com\/blog\/photos\/noel-tombe-un-25-decembre-cette-annee-3479#authorImage","url":"https:\/\/secure.gravatar.com\/avatar\/05f8f89222152d60c127ff66d91f94e5ad916730aa5d5be07144ab977018dd0d?s=96&r=g","width":96,"height":96,"caption":"Yann"}},{"@type":"WebPage","@id":"https:\/\/www.espacegraphique.com\/blog\/photos\/noel-tombe-un-25-decembre-cette-annee-3479#webpage","url":"https:\/\/www.espacegraphique.com\/blog\/photos\/noel-tombe-un-25-decembre-cette-annee-3479","name":"No\u00ebl tombe un 25 d\u00e9cembre cette ann\u00e9e ! | Espace Graphique","description":"Je profite donc de ce scoop pour vous souhaiter \u00e0 tous un Joyeux No\u00ebl !","inLanguage":"fr-FR","isPartOf":{"@id":"https:\/\/www.espacegraphique.com\/blog\/#website"},"breadcrumb":{"@id":"https:\/\/www.espacegraphique.com\/blog\/photos\/noel-tombe-un-25-decembre-cette-annee-3479#breadcrumblist"},"author":{"@id":"https:\/\/www.espacegraphique.com\/blog\/author\/admin#author"},"creator":{"@id":"https:\/\/www.espacegraphique.com\/blog\/author\/admin#author"},"image":{"@type":"ImageObject","url":"https:\/\/www.espacegraphique.com\/blog\/wp-content\/uploads\/2016\/12\/ange-640x.jpg","@id":"https:\/\/www.espacegraphique.com\/blog\/photos\/noel-tombe-un-25-decembre-cette-annee-3479\/#mainImage","width":640,"height":234},"primaryImageOfPage":{"@id":"https:\/\/www.espacegraphique.com\/blog\/photos\/noel-tombe-un-25-decembre-cette-annee-3479#mainImage"},"datePublished":"2016-12-18T17:04:32+02:00","dateModified":"2016-12-18T17:07:09+02:00"},{"@type":"WebSite","@id":"https:\/\/www.espacegraphique.com\/blog\/#website","url":"https:\/\/www.espacegraphique.com\/blog\/","name":"Espace Graphique","description":"Mon petit journal graphique","inLanguage":"fr-FR","publisher":{"@id":"https:\/\/www.espacegraphique.com\/blog\/#organization"}}]},"og:locale":"fr_FR","og:site_name":"Espace Graphique | Mon petit journal graphique","og:type":"article","og:title":"No\u00ebl tombe un 25 d\u00e9cembre cette ann\u00e9e ! | Espace Graphique","og:description":"Je profite donc de ce scoop pour vous souhaiter \u00e0 tous un Joyeux No\u00ebl !","og:url":"https:\/\/www.espacegraphique.com\/blog\/photos\/noel-tombe-un-25-decembre-cette-annee-3479","article:published_time":"2016-12-18T15:04:32+00:00","article:modified_time":"2016-12-18T15:07:09+00:00","twitter:card":"summary","twitter:title":"No\u00ebl tombe un 25 d\u00e9cembre cette ann\u00e9e ! | Espace Graphique","twitter:description":"Je profite donc de ce scoop pour vous souhaiter \u00e0 tous un Joyeux No\u00ebl !"},"aioseo_meta_data":{"post_id":"3479","title":"No\u00ebl tombe un 25 d\u00e9cembre cette ann\u00e9e ! | #site_title","description":"Je profite donc de ce scoop pour vous souhaiter \u00e0 tous un Joyeux No\u00ebl !","keywords":null,"keyphrases":null,"primary_term":null,"canonical_url":null,"og_title":null,"og_description":null,"og_object_type":"default","og_image_type":"default","og_image_url":null,"og_image_width":null,"og_image_height":null,"og_image_custom_url":null,"og_image_custom_fields":null,"og_video":null,"og_custom_url":null,"og_article_section":null,"og_article_tags":null,"twitter_use_og":false,"twitter_card":"default","twitter_image_type":"default","twitter_image_url":null,"twitter_image_custom_url":null,"twitter_image_custom_fields":null,"twitter_title":null,"twitter_description":null,"schema":{"blockGraphs":[],"customGraphs":[],"default":{"data":{"Article":[],"Course":[],"Dataset":[],"FAQPage":[],"Movie":[],"Person":[],"Product":[],"ProductReview":[],"Car":[],"Recipe":[],"Service":[],"SoftwareApplication":[],"WebPage":[]},"graphName":"","isEnabled":true},"graphs":[]},"schema_type":"default","schema_type_options":null,"pillar_content":false,"robots_default":true,"robots_noindex":false,"robots_noarchive":false,"robots_nosnippet":false,"robots_nofollow":false,"robots_noimageindex":false,"robots_noodp":false,"robots_notranslate":false,"robots_max_snippet":null,"robots_max_videopreview":null,"robots_max_imagepreview":"large","priority":null,"frequency":null,"local_seo":null,"limit_modified_date":false,"created":"2022-03-30 16:59:23","updated":"2026-08-22 01:36:35","focus_keyword":null,"additional_keywords":null,"truseo_locale":null,"ai":null,"breadcrumb_settings":null,"seo_analyzer_scan_date":null},"aioseo_breadcrumb":"<div class=\"aioseo-breadcrumbs\"><span class=\"aioseo-breadcrumb\">\n\t\t\t<a href=\"https:\/\/www.espacegraphique.com\/blog\" title=\"Accueil\">Accueil<\/a>\n\t\t<\/span><span class=\"aioseo-breadcrumb-separator\">&raquo;<\/span><span class=\"aioseo-breadcrumb\">\n\t\t\t<a href=\"https:\/\/www.espacegraphique.com\/blog\/planche\/photos\" title=\"Photos\">Photos<\/a>\n\t\t<\/span><span class=\"aioseo-breadcrumb-separator\">&raquo;<\/span><span class=\"aioseo-breadcrumb\">\n\t\t\tNo\u00ebl tombe un 25 d\u00e9cembre cette ann\u00e9e !\n\t\t<\/span><\/div>","aioseo_breadcrumb_json":[{"label":"Accueil","link":"https:\/\/www.espacegraphique.com\/blog"},{"label":"Photos","link":"https:\/\/www.espacegraphique.com\/blog\/planche\/photos"},{"label":"No\u00ebl tombe un 25 d\u00e9cembre cette ann\u00e9e !","link":"https:\/\/www.espacegraphique.com\/blog\/photos\/noel-tombe-un-25-decembre-cette-annee-3479"}],"_links":{"self":[{"href":"https:\/\/www.espacegraphique.com\/blog\/wp-json\/wp\/v2\/posts\/3479","targetHints":{"allow":["GET"]}}],"collection":[{"href":"https:\/\/www.espacegraphique.com\/blog\/wp-json\/wp\/v2\/posts"}],"about":[{"href":"https:\/\/www.espacegraphique.com\/blog\/wp-json\/wp\/v2\/types\/post"}],"author":[{"embeddable":true,"href":"https:\/\/www.espacegraphique.com\/blog\/wp-json\/wp\/v2\/users\/1"}],"replies":[{"embeddable":true,"href":"https:\/\/www.espacegraphique.com\/blog\/wp-json\/wp\/v2\/comments?post=3479"}],"version-history":[{"count":2,"href":"https:\/\/www.espacegraphique.com\/blog\/wp-json\/wp\/v2\/posts\/3479\/revisions"}],"predecessor-version":[{"id":3483,"href":"https:\/\/www.espacegraphique.com\/blog\/wp-json\/wp\/v2\/posts\/3479\/revisions\/3483"}],"wp:featuredmedia":[{"embeddable":true,"href":"https:\/\/www.espacegraphique.com\/blog\/wp-json\/wp\/v2\/media\/3481"}],"wp:attachment":[{"href":"https:\/\/www.espacegraphique.com\/blog\/wp-json\/wp\/v2\/media?parent=3479"}],"wp:term":[{"taxonomy":"category","embeddable":true,"href":"https:\/\/www.espacegraphique.com\/blog\/wp-json\/wp\/v2\/categories?post=3479"},{"taxonomy":"post_tag","embeddable":true,"href":"https:\/\/www.espacegraphique.com\/blog\/wp-json\/wp\/v2\/tags?post=3479"}],"curies":[{"name":"wp","href":"https:\/\/api.w.org\/{rel}","templated":true}]}}