{"id":3509,"date":"2017-04-01T11:54:51","date_gmt":"2017-04-01T09:54:51","guid":{"rendered":"http:\/\/www.espacegraphique.com\/blog\/?p=3509"},"modified":"2017-04-02T15:16:42","modified_gmt":"2017-04-02T13:16:42","slug":"le-pygargue-a-la-lanterne","status":"publish","type":"post","link":"https:\/\/www.espacegraphique.com\/blog\/carton\/aquarelles\/le-pygargue-a-la-lanterne-3509","title":{"rendered":"Le pygargue \u00e0 la Lanterne"},"content":{"rendered":"<p>&nbsp;<\/p>\n<p>A l&rsquo;occasion de la cr\u00e9ation de quelques planches de BD pour le collectif de la <a href=\"http:\/\/lanterne-bd.blogspot.fr\/\">Lanterne \u00e0 BD<\/a>\u00a0sur le western, j&rsquo;ai dessin\u00e9\u00a0cet <a href=\"https:\/\/www.espacegraphique.com\/blog\/carton\/aigle-americain-3243\">aigle am\u00e9ricain<\/a>\u00a0connu sous le nom de PYGARGUE.<\/p>\n<p>La lanterne port\u00e9e par l&rsquo;aigle est un petit clin d&rsquo;oeil \u00e0 notre association car dans mon histoire c&rsquo;est un chapeau de cowboy qui est d\u00e9rob\u00e9.<\/p>\n<p><strong>Le collectif N\u00b0 9 vient d&rsquo;\u00eatre imprim\u00e9, voici la couverture de <a href=\"https:\/\/www.facebook.com\/guillaume.delacour?\">Guillaume Delacour<\/a> et la 4\u00e8me de couv de <a href=\"http:\/\/lily-fu.deviantart.com\/\">Lily-Fu<\/a> :<\/strong><\/p>\n<p><a href=\"https:\/\/www.espacegraphique.com\/blog\/wp-content\/uploads\/2017\/04\/bull.jpg\"><img loading=\"lazy\" decoding=\"async\" class=\"aligncenter size-medium wp-image-3511\" src=\"https:\/\/www.espacegraphique.com\/blog\/wp-content\/uploads\/2017\/04\/bull-300x202.jpg\" alt=\"Couverture du collectif 9\" width=\"300\" height=\"202\" srcset=\"https:\/\/www.espacegraphique.com\/blog\/wp-content\/uploads\/2017\/04\/bull-300x202.jpg 300w, https:\/\/www.espacegraphique.com\/blog\/wp-content\/uploads\/2017\/04\/bull.jpg 640w\" sizes=\"auto, (max-width: 300px) 100vw, 300px\" \/><\/a><\/p>\n<p>&nbsp;<\/p>\n<p><iframe loading=\"lazy\" src=\"\/\/www.dailymotion.com\/embed\/video\/x5gxzhf\" width=\"480\" height=\"270\" frameborder=\"0\" allowfullscreen=\"allowfullscreen\"><\/iframe><br \/>\n<a href=\"http:\/\/www.dailymotion.com\/video\/x5gxzhf_la-lanterne-a-l-ouest_creation\" target=\"_blank\">La lanterne \u00e0 l&rsquo;ouest<\/a> <i>par <a href=\"http:\/\/www.dailymotion.com\/lanterneBD\" target=\"_blank\">lanterneBD<\/a><\/i><\/p>\n<p>Depuis la parution de ce volume, il y a des s\u00e9ances de d\u00e9dicaces presque chaque semaine, mais heureusement on est plus d&rsquo;une quinzaine \u00e0 couvrir les diff\u00e9rents salons, c&rsquo;est l&rsquo;avantage du collectif.<\/p>\n<p>Demain dimanche 2 avril se sera \u00e0 <a href=\"https:\/\/www.facebook.com\/events\/205639366506975\/\">Saint-Gobain<\/a> dans l&rsquo;Aisne qu&rsquo;une bonne partie de l&rsquo;asso se retrouvera autour du stand.<\/p>\n<p>Je n&rsquo;y serais pas mais je continue \u00e0 m&rsquo;entrainer \u00e0 dessiner l&rsquo;aigle sous tous les angles pour bien r\u00e9ussir mes prochaines d\u00e9dicaces.<\/p>\n<p><a href=\"https:\/\/www.espacegraphique.com\/blog\/wp-content\/uploads\/2017\/04\/pygargue.jpg\"><img loading=\"lazy\" decoding=\"async\" class=\"aligncenter size-medium wp-image-3513\" src=\"https:\/\/www.espacegraphique.com\/blog\/wp-content\/uploads\/2017\/04\/pygargue-225x300.jpg\" alt=\"Croquis Pygargue\" width=\"225\" height=\"300\" srcset=\"https:\/\/www.espacegraphique.com\/blog\/wp-content\/uploads\/2017\/04\/pygargue-225x300.jpg 225w, https:\/\/www.espacegraphique.com\/blog\/wp-content\/uploads\/2017\/04\/pygargue.jpg 480w\" sizes=\"auto, (max-width: 225px) 100vw, 225px\" \/><\/a><\/p>\n<p>J&rsquo;ai mis environ 4h a r\u00e9aliser cette\u00a0illustration. M\u00eame si c&rsquo;est assez compliqu\u00e9 de dessiner un oiseau en vol, il faut comme un acteur ou un pilote int\u00e9rioriser le mouvement pour bien le restituer.<\/p>\n<p><a href=\"https:\/\/www.espacegraphique.com\/blog\/wp-content\/uploads\/2017\/04\/pygargue-aquarelle.jpg\"><img loading=\"lazy\" decoding=\"async\" class=\"aligncenter size-full wp-image-3517\" src=\"https:\/\/www.espacegraphique.com\/blog\/wp-content\/uploads\/2017\/04\/pygargue-aquarelle.jpg\" alt=\"Pygargue aquarelle\" width=\"600\" height=\"450\" srcset=\"https:\/\/www.espacegraphique.com\/blog\/wp-content\/uploads\/2017\/04\/pygargue-aquarelle.jpg 600w, https:\/\/www.espacegraphique.com\/blog\/wp-content\/uploads\/2017\/04\/pygargue-aquarelle-300x225.jpg 300w\" sizes=\"auto, (max-width: 600px) 100vw, 600px\" \/><\/a><\/p>\n","protected":false},"excerpt":{"rendered":"<p>j&rsquo;ai dessin\u00e9 cet aigle am\u00e9ricain connu sous le nom de PYGARGUE.<\/p>\n","protected":false},"author":1,"featured_media":3510,"comment_status":"open","ping_status":"open","sticky":false,"template":"","format":"standard","meta":{"footnotes":""},"categories":[3,252,191],"tags":[33,193,298],"class_list":["post-3509","post","type-post","status-publish","format-standard","has-post-thumbnail","hentry","category-aquarelles","category-bd-carton","category-carton","tag-aquarelle","tag-bd","tag-pygargue"],"aioseo_notices":[],"_links":{"self":[{"href":"https:\/\/www.espacegraphique.com\/blog\/wp-json\/wp\/v2\/posts\/3509","targetHints":{"allow":["GET"]}}],"collection":[{"href":"https:\/\/www.espacegraphique.com\/blog\/wp-json\/wp\/v2\/posts"}],"about":[{"href":"https:\/\/www.espacegraphique.com\/blog\/wp-json\/wp\/v2\/types\/post"}],"author":[{"embeddable":true,"href":"https:\/\/www.espacegraphique.com\/blog\/wp-json\/wp\/v2\/users\/1"}],"replies":[{"embeddable":true,"href":"https:\/\/www.espacegraphique.com\/blog\/wp-json\/wp\/v2\/comments?post=3509"}],"version-history":[{"count":10,"href":"https:\/\/www.espacegraphique.com\/blog\/wp-json\/wp\/v2\/posts\/3509\/revisions"}],"predecessor-version":[{"id":3524,"href":"https:\/\/www.espacegraphique.com\/blog\/wp-json\/wp\/v2\/posts\/3509\/revisions\/3524"}],"wp:featuredmedia":[{"embeddable":true,"href":"https:\/\/www.espacegraphique.com\/blog\/wp-json\/wp\/v2\/media\/3510"}],"wp:attachment":[{"href":"https:\/\/www.espacegraphique.com\/blog\/wp-json\/wp\/v2\/media?parent=3509"}],"wp:term":[{"taxonomy":"category","embeddable":true,"href":"https:\/\/www.espacegraphique.com\/blog\/wp-json\/wp\/v2\/categories?post=3509"},{"taxonomy":"post_tag","embeddable":true,"href":"https:\/\/www.espacegraphique.com\/blog\/wp-json\/wp\/v2\/tags?post=3509"}],"curies":[{"name":"wp","href":"https:\/\/api.w.org\/{rel}","templated":true}]}}