{"id":354,"date":"2010-11-08T19:55:16","date_gmt":"2010-11-08T18:55:16","guid":{"rendered":"http:\/\/www.espacegraphique.com\/blog\/?p=354"},"modified":"2010-11-12T13:19:41","modified_gmt":"2010-11-12T12:19:41","slug":"pierrefonds-un-chateau-a-escalier-double-et-des-lys","status":"publish","type":"post","link":"https:\/\/www.espacegraphique.com\/blog\/photos\/pierrefonds-un-chateau-a-escalier-double-et-des-lys-354","title":{"rendered":"Pierrefonds, un ch\u00e2teau \u00e0 escalier double et des Lys"},"content":{"rendered":"<p><a href=\"https:\/\/www.espacegraphique.com\/blog\/wp-content\/uploads\/2010\/11\/rose.jpg\"><img loading=\"lazy\" decoding=\"async\" class=\"alignleft size-medium wp-image-356\" title=\"Rose de pierre\" src=\"https:\/\/www.espacegraphique.com\/blog\/wp-content\/uploads\/2010\/11\/rose-300x225.jpg\" alt=\"Rose de pierre\" width=\"300\" height=\"225\" srcset=\"https:\/\/www.espacegraphique.com\/blog\/wp-content\/uploads\/2010\/11\/rose-300x225.jpg 300w, https:\/\/www.espacegraphique.com\/blog\/wp-content\/uploads\/2010\/11\/rose-1024x768.jpg 1024w, https:\/\/www.espacegraphique.com\/blog\/wp-content\/uploads\/2010\/11\/rose.jpg 1420w\" sizes=\"auto, (max-width: 300px) 100vw, 300px\" \/><\/a> Apr\u00e8s <a href=\"https:\/\/www.espacegraphique.com\/blog\/element\/chambord\">Chambord<\/a> et son escalier \u00e0 double r\u00e9volution, je d\u00e9couvre qu&rsquo;un escalier similaire existe \u00e0 Pierrefonds (Picardie).<\/p>\n<p>Plus compact, celui-ci tient dans un quadrilat\u00e8re sans colonne centrale.<\/p>\n<p>Ce ch\u00e2teau \u00e0 \u00e9t\u00e9 recompos\u00e9 par Viollet-le-Duc suite \u00e0 une longue p\u00e9riode tragique.<\/p>\n<p>Dans la chambre de l&#8217;empereur, l&rsquo;abeille de Napol\u00e9on d\u00e9core la chemin\u00e9e \u00e0   la place traditionnelle de la fleur de Lys royale (L&rsquo;iris des marais).<\/p>\n<p>Une rose avec des entrelacs m\u00ealant une \u00e9toile de David et un hexa\u00e8dre (Lys) ornent la fa\u00e7ade de la chapelle.<\/p>\n<p>Un Lis \u00e0 6 p\u00e9tales est repr\u00e9sent\u00e9 avec r\u00e9alisme sur un des 4 montants du portail, chaque montant repr\u00e9sente une famille botanique diff\u00e9rente.<\/p>\n<p>Les <a href=\"https:\/\/www.espacegraphique.com\/liliacees\/liliaceae.php\">liliac\u00e9es<\/a>, les <a href=\"https:\/\/www.espacegraphique.com\/asteracees\/gerbera.php\">ast\u00e9rac\u00e9es<\/a>, les <a href=\"https:\/\/www.espacegraphique.com\/rosacees\/rubus-idaeus.php\">rosac\u00e9es<\/a> (avec les \u00e9pines), et une famille \u00e0 5 p\u00e9tales.<\/p>\n<p><a href=\"https:\/\/www.espacegraphique.com\/blog\/wp-content\/uploads\/2010\/11\/lys-pierre.jpg\"><img loading=\"lazy\" decoding=\"async\" class=\"alignleft size-medium wp-image-358\" title=\"Lys de pierre\" src=\"https:\/\/www.espacegraphique.com\/blog\/wp-content\/uploads\/2010\/11\/lys-pierre-225x300.jpg\" alt=\"Lys de pierre\" width=\"225\" height=\"300\" srcset=\"https:\/\/www.espacegraphique.com\/blog\/wp-content\/uploads\/2010\/11\/lys-pierre-225x300.jpg 225w, https:\/\/www.espacegraphique.com\/blog\/wp-content\/uploads\/2010\/11\/lys-pierre-768x1024.jpg 768w, https:\/\/www.espacegraphique.com\/blog\/wp-content\/uploads\/2010\/11\/lys-pierre.jpg 1920w\" sizes=\"auto, (max-width: 225px) 100vw, 225px\" \/><\/a> <a href=\"https:\/\/www.espacegraphique.com\/blog\/wp-content\/uploads\/2010\/11\/aster.jpg\"><img loading=\"lazy\" decoding=\"async\" class=\"alignleft size-medium wp-image-367\" title=\"Aster de pierre\" src=\"https:\/\/www.espacegraphique.com\/blog\/wp-content\/uploads\/2010\/11\/aster-225x300.jpg\" alt=\"Aster de pierre\" width=\"225\" height=\"300\" srcset=\"https:\/\/www.espacegraphique.com\/blog\/wp-content\/uploads\/2010\/11\/aster-225x300.jpg 225w, https:\/\/www.espacegraphique.com\/blog\/wp-content\/uploads\/2010\/11\/aster-768x1024.jpg 768w, https:\/\/www.espacegraphique.com\/blog\/wp-content\/uploads\/2010\/11\/aster.jpg 1920w\" sizes=\"auto, (max-width: 225px) 100vw, 225px\" \/><\/a><\/p>\n<p style=\"text-align: left;\"><a href=\"https:\/\/www.espacegraphique.com\/blog\/wp-content\/uploads\/2010\/11\/pierrefonds.jpg\"><img loading=\"lazy\" decoding=\"async\" class=\"alignleft size-medium wp-image-357\" title=\"Pierrefonds\" src=\"https:\/\/www.espacegraphique.com\/blog\/wp-content\/uploads\/2010\/11\/pierrefonds-300x225.jpg\" alt=\"Pierrefonds\" width=\"300\" height=\"225\" srcset=\"https:\/\/www.espacegraphique.com\/blog\/wp-content\/uploads\/2010\/11\/pierrefonds-300x225.jpg 300w, https:\/\/www.espacegraphique.com\/blog\/wp-content\/uploads\/2010\/11\/pierrefonds-1024x768.jpg 1024w\" sizes=\"auto, (max-width: 300px) 100vw, 300px\" \/><\/a> <a href=\"https:\/\/www.espacegraphique.com\/blog\/wp-content\/uploads\/2010\/11\/escalier-double.jpg\"><img loading=\"lazy\" decoding=\"async\" class=\"alignleft size-medium wp-image-355\" title=\"Escalier double de Pierrefonds\" src=\"https:\/\/www.espacegraphique.com\/blog\/wp-content\/uploads\/2010\/11\/escalier-double-225x300.jpg\" alt=\"Escalier double de Pierrefonds\" width=\"225\" height=\"300\" srcset=\"https:\/\/www.espacegraphique.com\/blog\/wp-content\/uploads\/2010\/11\/escalier-double-225x300.jpg 225w, https:\/\/www.espacegraphique.com\/blog\/wp-content\/uploads\/2010\/11\/escalier-double-768x1024.jpg 768w, https:\/\/www.espacegraphique.com\/blog\/wp-content\/uploads\/2010\/11\/escalier-double.jpg 1920w\" sizes=\"auto, (max-width: 225px) 100vw, 225px\" \/><\/a><\/p>\n<p style=\"text-align: left;\">\n","protected":false},"excerpt":{"rendered":"<p>Apr\u00e8s Chambord et son escalier \u00e0 double r\u00e9volution, je d\u00e9couvre qu&rsquo;un escalier similaire existe \u00e0 Pierrefonds (Picardie). Plus compact, celui-ci tient dans un quadrilat\u00e8re sans colonne centrale. Ce ch\u00e2teau \u00e0 \u00e9t\u00e9 recompos\u00e9 par Viollet-le-Duc suite \u00e0 une longue p\u00e9riode tragique. Dans la chambre de l&#8217;empereur, l&rsquo;abeille de Napol\u00e9on d\u00e9core la chemin\u00e9e \u00e0 la place traditionnelle &hellip; <a href=\"https:\/\/www.espacegraphique.com\/blog\/photos\/pierrefonds-un-chateau-a-escalier-double-et-des-lys-354\" class=\"more-link\">Continuer la lecture de <span class=\"screen-reader-text\">Pierrefonds, un ch\u00e2teau \u00e0 escalier double et des Lys<\/span>  <span class=\"meta-nav\">&rarr;<\/span><\/a><\/p>\n","protected":false},"author":1,"featured_media":0,"comment_status":"open","ping_status":"open","sticky":false,"template":"","format":"standard","meta":{"footnotes":""},"categories":[13],"tags":[162,142,140,12,161,96,163,160,159,126],"class_list":["post-354","post","type-post","status-publish","format-standard","hentry","category-photos","tag-abeille","tag-chateau","tag-escalier","tag-fleur","tag-lys","tag-petales","tag-picardie","tag-pierre","tag-pierrefonds","tag-rose"],"aioseo_notices":[],"_links":{"self":[{"href":"https:\/\/www.espacegraphique.com\/blog\/wp-json\/wp\/v2\/posts\/354","targetHints":{"allow":["GET"]}}],"collection":[{"href":"https:\/\/www.espacegraphique.com\/blog\/wp-json\/wp\/v2\/posts"}],"about":[{"href":"https:\/\/www.espacegraphique.com\/blog\/wp-json\/wp\/v2\/types\/post"}],"author":[{"embeddable":true,"href":"https:\/\/www.espacegraphique.com\/blog\/wp-json\/wp\/v2\/users\/1"}],"replies":[{"embeddable":true,"href":"https:\/\/www.espacegraphique.com\/blog\/wp-json\/wp\/v2\/comments?post=354"}],"version-history":[{"count":22,"href":"https:\/\/www.espacegraphique.com\/blog\/wp-json\/wp\/v2\/posts\/354\/revisions"}],"predecessor-version":[{"id":366,"href":"https:\/\/www.espacegraphique.com\/blog\/wp-json\/wp\/v2\/posts\/354\/revisions\/366"}],"wp:attachment":[{"href":"https:\/\/www.espacegraphique.com\/blog\/wp-json\/wp\/v2\/media?parent=354"}],"wp:term":[{"taxonomy":"category","embeddable":true,"href":"https:\/\/www.espacegraphique.com\/blog\/wp-json\/wp\/v2\/categories?post=354"},{"taxonomy":"post_tag","embeddable":true,"href":"https:\/\/www.espacegraphique.com\/blog\/wp-json\/wp\/v2\/tags?post=354"}],"curies":[{"name":"wp","href":"https:\/\/api.w.org\/{rel}","templated":true}]}}