{"id":384,"date":"2010-11-16T19:42:58","date_gmt":"2010-11-16T18:42:58","guid":{"rendered":"http:\/\/www.espacegraphique.com\/blog\/?p=384"},"modified":"2014-08-31T19:12:17","modified_gmt":"2014-08-31T17:12:17","slug":"buste-huile-portrait","status":"publish","type":"post","link":"https:\/\/www.espacegraphique.com\/blog\/peintures\/huiles\/buste-huile-portrait-384","title":{"rendered":"Buste \u00e0 l&rsquo;huile (Portait)"},"content":{"rendered":"<p><a href=\"https:\/\/www.espacegraphique.com\/blog\/wp-content\/uploads\/2010\/11\/buste-huile.jpg\"><img loading=\"lazy\" decoding=\"async\" class=\"size-medium wp-image-385 aligncenter\" title=\"Buste \u00e0 l'huile\" src=\"https:\/\/www.espacegraphique.com\/blog\/wp-content\/uploads\/2010\/11\/buste-huile-225x300.jpg\" alt=\"Buste \u00e0 l'huile\" width=\"225\" height=\"300\" srcset=\"https:\/\/www.espacegraphique.com\/blog\/wp-content\/uploads\/2010\/11\/buste-huile-225x300.jpg 225w, https:\/\/www.espacegraphique.com\/blog\/wp-content\/uploads\/2010\/11\/buste-huile-768x1024.jpg 768w, https:\/\/www.espacegraphique.com\/blog\/wp-content\/uploads\/2010\/11\/buste-huile.jpg 1920w\" sizes=\"auto, (max-width: 225px) 100vw, 225px\" \/><\/a>J&rsquo;ai r\u00e9alis\u00e9 ce portrait quelques jours apr\u00e8s avoir vu un reportage \u00e0 la t\u00e9l\u00e9 sur une personne qui r\u00e9alisait une huile de 2m carr\u00e9 en 3 heures.<\/p>\n<p>Le r\u00e9sultat \u00e9tait du grand n&rsquo;importe quoi, mais il y a toujours des personnes pour admirer ce type d&rsquo;expression assez trash&#8230;<\/p>\n<p>Le positif dans l&rsquo;histoire c&rsquo;est que cela un peu piqu\u00e9 mon ego et je me suis dit que je pouvais quand m\u00eame peindre \u00e0 l&rsquo;huile avec plus d&rsquo;expressivit\u00e9, histoire de voir ce que cela donne.<\/p>\n<p>J&rsquo;ai d\u00e9marr\u00e9 ce portrait par un crayonn\u00e9 de 3h, puis ensuite 3 s\u00e9ances de 4h environ pour l&rsquo;huile.<\/p>\n<p><strong>J&rsquo;ai essay\u00e9 de maintenir des couleurs assez pures en \u00e9vitant de trop m\u00e9langer les teintes sur la palette, ce que je fais d&rsquo;habitude.<\/strong><\/p>\n<p><a href=\"http:\/\/lecomtegwenael.blogspot.com\/\">Gwena\u00ebl<\/a> qui fait toujours de superbes ambiances, m&rsquo;avait dit que je pouvais faire ce portrait \u00e0 l&rsquo;huile. Pari relev\u00e9 !<\/p>\n<p>C&rsquo;est \u00e0 mon tour d&rsquo;\u00eatre critiqu\u00e9, le tableau n&rsquo;est pas encore sign\u00e9, il y aura peut-\u00eatre des retouches \ud83d\ude09<\/p>\n<p>&nbsp;<\/p>\n","protected":false},"excerpt":{"rendered":"<p>J&rsquo;ai r\u00e9alis\u00e9 ce portrait quelques jours apr\u00e8s avoir vu un reportage \u00e0 la t\u00e9l\u00e9 sur une personne qui r\u00e9alisait une huile de 2m carr\u00e9 en 3 heures.<\/p>\n","protected":false},"author":1,"featured_media":2491,"comment_status":"open","ping_status":"open","sticky":false,"template":"","format":"standard","meta":{"footnotes":""},"categories":[69],"tags":[8,36,11,71,130,70],"class_list":["post-384","post","type-post","status-publish","format-standard","has-post-thumbnail","hentry","category-huiles","tag-couleur","tag-crayonne","tag-huile","tag-peinture","tag-portrait","tag-tableaux"],"aioseo_notices":[],"_links":{"self":[{"href":"https:\/\/www.espacegraphique.com\/blog\/wp-json\/wp\/v2\/posts\/384","targetHints":{"allow":["GET"]}}],"collection":[{"href":"https:\/\/www.espacegraphique.com\/blog\/wp-json\/wp\/v2\/posts"}],"about":[{"href":"https:\/\/www.espacegraphique.com\/blog\/wp-json\/wp\/v2\/types\/post"}],"author":[{"embeddable":true,"href":"https:\/\/www.espacegraphique.com\/blog\/wp-json\/wp\/v2\/users\/1"}],"replies":[{"embeddable":true,"href":"https:\/\/www.espacegraphique.com\/blog\/wp-json\/wp\/v2\/comments?post=384"}],"version-history":[{"count":7,"href":"https:\/\/www.espacegraphique.com\/blog\/wp-json\/wp\/v2\/posts\/384\/revisions"}],"predecessor-version":[{"id":2811,"href":"https:\/\/www.espacegraphique.com\/blog\/wp-json\/wp\/v2\/posts\/384\/revisions\/2811"}],"wp:featuredmedia":[{"embeddable":true,"href":"https:\/\/www.espacegraphique.com\/blog\/wp-json\/wp\/v2\/media\/2491"}],"wp:attachment":[{"href":"https:\/\/www.espacegraphique.com\/blog\/wp-json\/wp\/v2\/media?parent=384"}],"wp:term":[{"taxonomy":"category","embeddable":true,"href":"https:\/\/www.espacegraphique.com\/blog\/wp-json\/wp\/v2\/categories?post=384"},{"taxonomy":"post_tag","embeddable":true,"href":"https:\/\/www.espacegraphique.com\/blog\/wp-json\/wp\/v2\/tags?post=384"}],"curies":[{"name":"wp","href":"https:\/\/api.w.org\/{rel}","templated":true}]}}