{"id":398,"date":"2010-12-01T19:37:02","date_gmt":"2010-12-01T18:37:02","guid":{"rendered":"http:\/\/www.espacegraphique.com\/blog\/?p=398"},"modified":"2013-12-21T15:42:44","modified_gmt":"2013-12-21T13:42:44","slug":"double-melon-dans-mon-jardin","status":"publish","type":"post","link":"https:\/\/www.espacegraphique.com\/blog\/photos\/double-melon-dans-mon-jardin-398","title":{"rendered":"Double melon dans mon jardin"},"content":{"rendered":"<p><a href=\"https:\/\/www.espacegraphique.com\/blog\/wp-content\/uploads\/2010\/12\/double-melon-8.jpg\"><img loading=\"lazy\" decoding=\"async\" class=\"size-medium wp-image-399 aligncenter\" title=\"Double melon\" alt=\"Double melon\" src=\"https:\/\/www.espacegraphique.com\/blog\/wp-content\/uploads\/2010\/12\/double-melon-8-300x224.jpg\" width=\"300\" height=\"224\" srcset=\"https:\/\/www.espacegraphique.com\/blog\/wp-content\/uploads\/2010\/12\/double-melon-8-300x224.jpg 300w, https:\/\/www.espacegraphique.com\/blog\/wp-content\/uploads\/2010\/12\/double-melon-8-1024x767.jpg 1024w\" sizes=\"auto, (max-width: 300px) 100vw, 300px\" \/><\/a><strong>Le melon fait partie de la famille des <a href=\"https:\/\/www.espacegraphique.com\/cucurbitacees\/cucurbitaceae.php\">cucurbitac\u00e9es<\/a>, c&rsquo;est assez connu.<\/strong><\/p>\n<p>Ce cucumis melo est un peu particulier vu qu&rsquo;il est double (la photo n&rsquo;est pas truqu\u00e9e).<\/p>\n<p>Il y a peu de chances que ce melon mutant soit arriv\u00e9 \u00e0 d\u00e9tromper la vigilance des producteurs. Les cagettes sont standardis\u00e9es, le gabarit aussi. Ce melon est donc le petit plaisir du\u00a0 jardinier.<\/p>\n<p>Je n&rsquo;ai pas r\u00e9ussi \u00e0 d\u00e9terminer si il \u00e9tait wisigoth ou ostrogoth, mais il avait du go\u00fbt \ud83d\ude09<\/p>\n","protected":false},"excerpt":{"rendered":"<p>Le melon fait partie de la famille des cucurbitac\u00e9es.<\/p>\n","protected":false},"author":1,"featured_media":0,"comment_status":"open","ping_status":"open","sticky":false,"template":"","format":"standard","meta":{"footnotes":""},"categories":[13],"tags":[166,110,165,178,167],"class_list":["post-398","post","type-post","status-publish","format-standard","hentry","category-photos","tag-double","tag-jardin","tag-melon","tag-mutation","tag-orange"],"aioseo_notices":[],"aioseo_head":"\n\t\t<!-- All in One SEO 5.0.0.1 - aioseo.com -->\n\t<meta name=\"description\" content=\"Ce cucumis melo est un peu particulier vu qu&#039;il est double (la photo n&#039;est pas truqu\u00e9e).\" \/>\n\t<meta name=\"robots\" content=\"max-image-preview:large\" \/>\n\t<meta name=\"author\" content=\"Yann\"\/>\n\t<link rel=\"canonical\" href=\"https:\/\/www.espacegraphique.com\/blog\/photos\/double-melon-dans-mon-jardin-398\" \/>\n\t<meta name=\"generator\" content=\"All in One SEO (AIOSEO) 5.0.0.1\" \/>\n\t\t<meta property=\"og:locale\" content=\"fr_FR\" \/>\n\t\t<meta property=\"og:site_name\" content=\"Espace Graphique | Mon petit journal graphique\" \/>\n\t\t<meta property=\"og:type\" content=\"article\" \/>\n\t\t<meta property=\"og:title\" content=\"Double melon dans mon jardin | Espace Graphique\" \/>\n\t\t<meta property=\"og:description\" content=\"Ce cucumis melo est un peu particulier vu qu&#039;il est double (la photo n&#039;est pas truqu\u00e9e).\" \/>\n\t\t<meta property=\"og:url\" content=\"https:\/\/www.espacegraphique.com\/blog\/photos\/double-melon-dans-mon-jardin-398\" \/>\n\t\t<meta property=\"article:published_time\" content=\"2010-12-01T18:37:02+00:00\" \/>\n\t\t<meta property=\"article:modified_time\" content=\"2013-12-21T13:42:44+00:00\" \/>\n\t\t<meta name=\"twitter:card\" content=\"summary\" \/>\n\t\t<meta name=\"twitter:title\" content=\"Double melon dans mon jardin | Espace Graphique\" \/>\n\t\t<meta name=\"twitter:description\" content=\"Ce cucumis melo est un peu particulier vu qu&#039;il est double (la photo n&#039;est pas truqu\u00e9e).\" \/>\n\t\t<script type=\"application\/ld+json\" class=\"aioseo-schema\">\n\t\t\t{\"@context\":\"https:\\\/\\\/schema.org\",\"@graph\":[{\"@type\":\"Article\",\"@id\":\"https:\\\/\\\/www.espacegraphique.com\\\/blog\\\/photos\\\/double-melon-dans-mon-jardin-398#article\",\"name\":\"Double melon dans mon jardin | Espace Graphique\",\"headline\":\"Double melon dans mon jardin\",\"author\":{\"@id\":\"https:\\\/\\\/www.espacegraphique.com\\\/blog\\\/author\\\/admin#author\"},\"publisher\":{\"@id\":\"https:\\\/\\\/www.espacegraphique.com\\\/blog\\\/#organization\"},\"image\":{\"@type\":\"ImageObject\",\"url\":\"https:\\\/\\\/www.espacegraphique.com\\\/blog\\\/wp-content\\\/uploads\\\/2010\\\/12\\\/double-melon-8.jpg\",\"@id\":\"https:\\\/\\\/www.espacegraphique.com\\\/blog\\\/photos\\\/double-melon-dans-mon-jardin-398\\\/#articleImage\",\"width\":2534,\"height\":1900,\"caption\":\"Double melon\"},\"datePublished\":\"2010-12-01T19:37:02+02:00\",\"dateModified\":\"2013-12-21T15:42:44+02:00\",\"inLanguage\":\"fr-FR\",\"commentCount\":5,\"mainEntityOfPage\":{\"@id\":\"https:\\\/\\\/www.espacegraphique.com\\\/blog\\\/photos\\\/double-melon-dans-mon-jardin-398#webpage\"},\"isPartOf\":{\"@id\":\"https:\\\/\\\/www.espacegraphique.com\\\/blog\\\/photos\\\/double-melon-dans-mon-jardin-398#webpage\"},\"articleSection\":\"Photos, double, jardin, melon, mutation, orange\"},{\"@type\":\"BreadcrumbList\",\"@id\":\"https:\\\/\\\/www.espacegraphique.com\\\/blog\\\/photos\\\/double-melon-dans-mon-jardin-398#breadcrumblist\",\"itemListElement\":[{\"@type\":\"ListItem\",\"@id\":\"https:\\\/\\\/www.espacegraphique.com\\\/blog#listItem\",\"position\":1,\"name\":\"Accueil\",\"item\":\"https:\\\/\\\/www.espacegraphique.com\\\/blog\",\"nextItem\":{\"@type\":\"ListItem\",\"@id\":\"https:\\\/\\\/www.espacegraphique.com\\\/blog\\\/planche\\\/photos#listItem\",\"name\":\"Photos\"}},{\"@type\":\"ListItem\",\"@id\":\"https:\\\/\\\/www.espacegraphique.com\\\/blog\\\/planche\\\/photos#listItem\",\"position\":2,\"name\":\"Photos\",\"item\":\"https:\\\/\\\/www.espacegraphique.com\\\/blog\\\/planche\\\/photos\",\"nextItem\":{\"@type\":\"ListItem\",\"@id\":\"https:\\\/\\\/www.espacegraphique.com\\\/blog\\\/photos\\\/double-melon-dans-mon-jardin-398#listItem\",\"name\":\"Double melon dans mon jardin\"},\"previousItem\":{\"@type\":\"ListItem\",\"@id\":\"https:\\\/\\\/www.espacegraphique.com\\\/blog#listItem\",\"name\":\"Accueil\"}},{\"@type\":\"ListItem\",\"@id\":\"https:\\\/\\\/www.espacegraphique.com\\\/blog\\\/photos\\\/double-melon-dans-mon-jardin-398#listItem\",\"position\":3,\"name\":\"Double melon dans mon jardin\",\"previousItem\":{\"@type\":\"ListItem\",\"@id\":\"https:\\\/\\\/www.espacegraphique.com\\\/blog\\\/planche\\\/photos#listItem\",\"name\":\"Photos\"}}]},{\"@type\":\"Organization\",\"@id\":\"https:\\\/\\\/www.espacegraphique.com\\\/blog\\\/#organization\",\"name\":\"Espace Graphique\",\"description\":\"Mon petit journal graphique\",\"url\":\"https:\\\/\\\/www.espacegraphique.com\\\/blog\\\/\"},{\"@type\":\"Person\",\"@id\":\"https:\\\/\\\/www.espacegraphique.com\\\/blog\\\/author\\\/admin#author\",\"url\":\"https:\\\/\\\/www.espacegraphique.com\\\/blog\\\/author\\\/admin\",\"name\":\"Yann\",\"image\":{\"@type\":\"ImageObject\",\"@id\":\"https:\\\/\\\/www.espacegraphique.com\\\/blog\\\/photos\\\/double-melon-dans-mon-jardin-398#authorImage\",\"url\":\"https:\\\/\\\/secure.gravatar.com\\\/avatar\\\/05f8f89222152d60c127ff66d91f94e5ad916730aa5d5be07144ab977018dd0d?s=96&r=g\",\"width\":96,\"height\":96,\"caption\":\"Yann\"}},{\"@type\":\"WebPage\",\"@id\":\"https:\\\/\\\/www.espacegraphique.com\\\/blog\\\/photos\\\/double-melon-dans-mon-jardin-398#webpage\",\"url\":\"https:\\\/\\\/www.espacegraphique.com\\\/blog\\\/photos\\\/double-melon-dans-mon-jardin-398\",\"name\":\"Double melon dans mon jardin | Espace Graphique\",\"description\":\"Ce cucumis melo est un peu particulier vu qu'il est double (la photo n'est pas truqu\\u00e9e).\",\"inLanguage\":\"fr-FR\",\"isPartOf\":{\"@id\":\"https:\\\/\\\/www.espacegraphique.com\\\/blog\\\/#website\"},\"breadcrumb\":{\"@id\":\"https:\\\/\\\/www.espacegraphique.com\\\/blog\\\/photos\\\/double-melon-dans-mon-jardin-398#breadcrumblist\"},\"author\":{\"@id\":\"https:\\\/\\\/www.espacegraphique.com\\\/blog\\\/author\\\/admin#author\"},\"creator\":{\"@id\":\"https:\\\/\\\/www.espacegraphique.com\\\/blog\\\/author\\\/admin#author\"},\"datePublished\":\"2010-12-01T19:37:02+02:00\",\"dateModified\":\"2013-12-21T15:42:44+02:00\"},{\"@type\":\"WebSite\",\"@id\":\"https:\\\/\\\/www.espacegraphique.com\\\/blog\\\/#website\",\"url\":\"https:\\\/\\\/www.espacegraphique.com\\\/blog\\\/\",\"name\":\"Espace Graphique\",\"description\":\"Mon petit journal graphique\",\"inLanguage\":\"fr-FR\",\"publisher\":{\"@id\":\"https:\\\/\\\/www.espacegraphique.com\\\/blog\\\/#organization\"}}]}\n\t\t<\/script>\n\t\t<!-- All in One SEO -->\n\n","aioseo_head_json":{"title":"Double melon dans mon jardin | Espace Graphique","description":"Ce cucumis melo est un peu particulier vu qu'il est double (la photo n'est pas truqu\u00e9e).","canonical_url":"https:\/\/www.espacegraphique.com\/blog\/photos\/double-melon-dans-mon-jardin-398","robots":"max-image-preview:large","keywords":"","webmasterTools":{"miscellaneous":""},"schema":{"@context":"https:\/\/schema.org","@graph":[{"@type":"Article","@id":"https:\/\/www.espacegraphique.com\/blog\/photos\/double-melon-dans-mon-jardin-398#article","name":"Double melon dans mon jardin | Espace Graphique","headline":"Double melon dans mon jardin","author":{"@id":"https:\/\/www.espacegraphique.com\/blog\/author\/admin#author"},"publisher":{"@id":"https:\/\/www.espacegraphique.com\/blog\/#organization"},"image":{"@type":"ImageObject","url":"https:\/\/www.espacegraphique.com\/blog\/wp-content\/uploads\/2010\/12\/double-melon-8.jpg","@id":"https:\/\/www.espacegraphique.com\/blog\/photos\/double-melon-dans-mon-jardin-398\/#articleImage","width":2534,"height":1900,"caption":"Double melon"},"datePublished":"2010-12-01T19:37:02+02:00","dateModified":"2013-12-21T15:42:44+02:00","inLanguage":"fr-FR","commentCount":5,"mainEntityOfPage":{"@id":"https:\/\/www.espacegraphique.com\/blog\/photos\/double-melon-dans-mon-jardin-398#webpage"},"isPartOf":{"@id":"https:\/\/www.espacegraphique.com\/blog\/photos\/double-melon-dans-mon-jardin-398#webpage"},"articleSection":"Photos, double, jardin, melon, mutation, orange"},{"@type":"BreadcrumbList","@id":"https:\/\/www.espacegraphique.com\/blog\/photos\/double-melon-dans-mon-jardin-398#breadcrumblist","itemListElement":[{"@type":"ListItem","@id":"https:\/\/www.espacegraphique.com\/blog#listItem","position":1,"name":"Accueil","item":"https:\/\/www.espacegraphique.com\/blog","nextItem":{"@type":"ListItem","@id":"https:\/\/www.espacegraphique.com\/blog\/planche\/photos#listItem","name":"Photos"}},{"@type":"ListItem","@id":"https:\/\/www.espacegraphique.com\/blog\/planche\/photos#listItem","position":2,"name":"Photos","item":"https:\/\/www.espacegraphique.com\/blog\/planche\/photos","nextItem":{"@type":"ListItem","@id":"https:\/\/www.espacegraphique.com\/blog\/photos\/double-melon-dans-mon-jardin-398#listItem","name":"Double melon dans mon jardin"},"previousItem":{"@type":"ListItem","@id":"https:\/\/www.espacegraphique.com\/blog#listItem","name":"Accueil"}},{"@type":"ListItem","@id":"https:\/\/www.espacegraphique.com\/blog\/photos\/double-melon-dans-mon-jardin-398#listItem","position":3,"name":"Double melon dans mon jardin","previousItem":{"@type":"ListItem","@id":"https:\/\/www.espacegraphique.com\/blog\/planche\/photos#listItem","name":"Photos"}}]},{"@type":"Organization","@id":"https:\/\/www.espacegraphique.com\/blog\/#organization","name":"Espace Graphique","description":"Mon petit journal graphique","url":"https:\/\/www.espacegraphique.com\/blog\/"},{"@type":"Person","@id":"https:\/\/www.espacegraphique.com\/blog\/author\/admin#author","url":"https:\/\/www.espacegraphique.com\/blog\/author\/admin","name":"Yann","image":{"@type":"ImageObject","@id":"https:\/\/www.espacegraphique.com\/blog\/photos\/double-melon-dans-mon-jardin-398#authorImage","url":"https:\/\/secure.gravatar.com\/avatar\/05f8f89222152d60c127ff66d91f94e5ad916730aa5d5be07144ab977018dd0d?s=96&r=g","width":96,"height":96,"caption":"Yann"}},{"@type":"WebPage","@id":"https:\/\/www.espacegraphique.com\/blog\/photos\/double-melon-dans-mon-jardin-398#webpage","url":"https:\/\/www.espacegraphique.com\/blog\/photos\/double-melon-dans-mon-jardin-398","name":"Double melon dans mon jardin | Espace Graphique","description":"Ce cucumis melo est un peu particulier vu qu'il est double (la photo n'est pas truqu\u00e9e).","inLanguage":"fr-FR","isPartOf":{"@id":"https:\/\/www.espacegraphique.com\/blog\/#website"},"breadcrumb":{"@id":"https:\/\/www.espacegraphique.com\/blog\/photos\/double-melon-dans-mon-jardin-398#breadcrumblist"},"author":{"@id":"https:\/\/www.espacegraphique.com\/blog\/author\/admin#author"},"creator":{"@id":"https:\/\/www.espacegraphique.com\/blog\/author\/admin#author"},"datePublished":"2010-12-01T19:37:02+02:00","dateModified":"2013-12-21T15:42:44+02:00"},{"@type":"WebSite","@id":"https:\/\/www.espacegraphique.com\/blog\/#website","url":"https:\/\/www.espacegraphique.com\/blog\/","name":"Espace Graphique","description":"Mon petit journal graphique","inLanguage":"fr-FR","publisher":{"@id":"https:\/\/www.espacegraphique.com\/blog\/#organization"}}]},"og:locale":"fr_FR","og:site_name":"Espace Graphique | Mon petit journal graphique","og:type":"article","og:title":"Double melon dans mon jardin | Espace Graphique","og:description":"Ce cucumis melo est un peu particulier vu qu'il est double (la photo n'est pas truqu\u00e9e).","og:url":"https:\/\/www.espacegraphique.com\/blog\/photos\/double-melon-dans-mon-jardin-398","article:published_time":"2010-12-01T18:37:02+00:00","article:modified_time":"2013-12-21T13:42:44+00:00","twitter:card":"summary","twitter:title":"Double melon dans mon jardin | Espace Graphique","twitter:description":"Ce cucumis melo est un peu particulier vu qu'il est double (la photo n'est pas truqu\u00e9e)."},"aioseo_meta_data":{"post_id":"398","title":"Double melon dans mon jardin | #site_title","description":"Ce cucumis melo est un peu particulier vu qu'il est double (la photo n'est pas truqu\u00e9e).","keywords":[{"label":"Double","value":"Double"},{"label":"melon","value":"melon"},{"label":"jardin","value":"jardin"}],"keyphrases":null,"primary_term":null,"canonical_url":null,"og_title":null,"og_description":null,"og_object_type":"default","og_image_type":"default","og_image_url":null,"og_image_width":null,"og_image_height":null,"og_image_custom_url":null,"og_image_custom_fields":null,"og_video":null,"og_custom_url":null,"og_article_section":null,"og_article_tags":null,"twitter_use_og":false,"twitter_card":"default","twitter_image_type":"default","twitter_image_url":null,"twitter_image_custom_url":null,"twitter_image_custom_fields":null,"twitter_title":null,"twitter_description":null,"schema":{"blockGraphs":[],"customGraphs":[],"default":{"data":{"Article":[],"Course":[],"Dataset":[],"FAQPage":[],"Movie":[],"Person":[],"Product":[],"ProductReview":[],"Car":[],"Recipe":[],"Service":[],"SoftwareApplication":[],"WebPage":[]},"graphName":"","isEnabled":true},"graphs":[]},"schema_type":"default","schema_type_options":null,"pillar_content":false,"robots_default":true,"robots_noindex":false,"robots_noarchive":false,"robots_nosnippet":false,"robots_nofollow":false,"robots_noimageindex":false,"robots_noodp":false,"robots_notranslate":false,"robots_max_snippet":null,"robots_max_videopreview":null,"robots_max_imagepreview":"large","priority":null,"frequency":null,"local_seo":null,"limit_modified_date":false,"created":"2022-03-30 17:22:22","updated":"2026-08-22 00:49:22","focus_keyword":null,"additional_keywords":null,"truseo_locale":null,"ai":null,"breadcrumb_settings":null,"seo_analyzer_scan_date":null},"aioseo_breadcrumb":"<div class=\"aioseo-breadcrumbs\"><span class=\"aioseo-breadcrumb\">\n\t\t\t<a href=\"https:\/\/www.espacegraphique.com\/blog\" title=\"Accueil\">Accueil<\/a>\n\t\t<\/span><span class=\"aioseo-breadcrumb-separator\">&raquo;<\/span><span class=\"aioseo-breadcrumb\">\n\t\t\t<a href=\"https:\/\/www.espacegraphique.com\/blog\/planche\/photos\" title=\"Photos\">Photos<\/a>\n\t\t<\/span><span class=\"aioseo-breadcrumb-separator\">&raquo;<\/span><span class=\"aioseo-breadcrumb\">\n\t\t\tDouble melon dans mon jardin\n\t\t<\/span><\/div>","aioseo_breadcrumb_json":[{"label":"Accueil","link":"https:\/\/www.espacegraphique.com\/blog"},{"label":"Photos","link":"https:\/\/www.espacegraphique.com\/blog\/planche\/photos"},{"label":"Double melon dans mon jardin","link":"https:\/\/www.espacegraphique.com\/blog\/photos\/double-melon-dans-mon-jardin-398"}],"_links":{"self":[{"href":"https:\/\/www.espacegraphique.com\/blog\/wp-json\/wp\/v2\/posts\/398","targetHints":{"allow":["GET"]}}],"collection":[{"href":"https:\/\/www.espacegraphique.com\/blog\/wp-json\/wp\/v2\/posts"}],"about":[{"href":"https:\/\/www.espacegraphique.com\/blog\/wp-json\/wp\/v2\/types\/post"}],"author":[{"embeddable":true,"href":"https:\/\/www.espacegraphique.com\/blog\/wp-json\/wp\/v2\/users\/1"}],"replies":[{"embeddable":true,"href":"https:\/\/www.espacegraphique.com\/blog\/wp-json\/wp\/v2\/comments?post=398"}],"version-history":[{"count":7,"href":"https:\/\/www.espacegraphique.com\/blog\/wp-json\/wp\/v2\/posts\/398\/revisions"}],"predecessor-version":[{"id":2487,"href":"https:\/\/www.espacegraphique.com\/blog\/wp-json\/wp\/v2\/posts\/398\/revisions\/2487"}],"wp:attachment":[{"href":"https:\/\/www.espacegraphique.com\/blog\/wp-json\/wp\/v2\/media?parent=398"}],"wp:term":[{"taxonomy":"category","embeddable":true,"href":"https:\/\/www.espacegraphique.com\/blog\/wp-json\/wp\/v2\/categories?post=398"},{"taxonomy":"post_tag","embeddable":true,"href":"https:\/\/www.espacegraphique.com\/blog\/wp-json\/wp\/v2\/tags?post=398"}],"curies":[{"name":"wp","href":"https:\/\/api.w.org\/{rel}","templated":true}]}}