{"id":558,"date":"2011-02-23T18:08:52","date_gmt":"2011-02-23T17:08:52","guid":{"rendered":"http:\/\/www.espacegraphique.com\/blog\/?p=558"},"modified":"2013-12-21T11:03:26","modified_gmt":"2013-12-21T09:03:26","slug":"aquarelle-de-nymphea-rose","status":"publish","type":"post","link":"https:\/\/www.espacegraphique.com\/blog\/carton\/aquarelles\/aquarelle-de-nymphea-rose-558","title":{"rendered":"Aquarelle de nymph\u00e9a rose"},"content":{"rendered":"<p><strong>En classant les familles botaniques par nombre de p\u00e9tales, je ne pouvais pas faire l&rsquo;impasse sur les <a href=\"https:\/\/www.espacegraphique.com\/nympheacees\/nymphaeaceae.php\">nymph\u00e9ac\u00e9es<\/a>.<\/strong><\/p>\n<p>En effet apr\u00e8s la <a href=\"https:\/\/www.espacegraphique.com\/renonculacees\/ficaire-fausse-renoncule.php\">Ficaire Fausse renoncule<\/a> qui pr\u00e9sente 8 p\u00e9tales, j&rsquo;ai bien du mal \u00e0 trouver un repr\u00e9sentant avec une g\u00e9om\u00e9trie stable au dessus.<\/p>\n<p>Je lorgnais donc du cot\u00e9 du nymph\u00e9a qui va royalement se stabiliser \u00e0 28 p\u00e9tales (pour celui de cette aquarelle).<\/p>\n<p>Bien qu&rsquo;habitant dans une ville travers\u00e9e par un marais (et il y a des nymph\u00e9as) il n&rsquo;est pas forc\u00e9ment \u00e9vident de les prendre en photo. Celui-ci est le fruit de la composition d&rsquo;un jardinier sur les bords de Loire.<\/p>\n<p><strong>Apr\u00e8s avoir recherche dans la documentation, je pense que cette fleur rose est un Nymph\u00e9a &lsquo;Attraction&rsquo;.<\/strong><\/p>\n<p>La lettre phi serait une composante du mot \u00ab\u00a0n\u00e9nufar\u00a0\u00bb ce qui est un appel direct au nombre d&rsquo;or (1,61803399) en cherchant bien la fleur doit ob\u00e9ir \u00e0 une r\u00e9partition bas\u00e9e sur ce nombre.<\/p>\n<p>Plus s\u00e9rieusement, la nymphe personnage l\u00e9gendaire et aquatique nous donne plus de pistes pour la s\u00e9mantique du nymph\u00e9a. A vouloir trop s&rsquo;approcher de ces fleurs on finit bien souvent par tomber dans l&rsquo;eau, la nymphe est donc bien gard\u00e9e.<\/p>\n<p>Je termine cet article en remerciant Claire Felloni pour ses explications sur le fond sombre dans ses <a href=\"http:\/\/www.aquarelle-bota-clairefelloni.com\/\" target=\"_blank\">aquarelles<\/a>.<\/p>\n","protected":false},"excerpt":{"rendered":"<p>En classant les familles botaniques par nombre de p\u00e9tales, je ne pouvais pas faire l&rsquo;impasse sur les nymph\u00e9ac\u00e9es.<\/p>\n","protected":false},"author":1,"featured_media":560,"comment_status":"open","ping_status":"open","sticky":false,"template":"","format":"standard","meta":{"footnotes":""},"categories":[3],"tags":[33,47,189,126],"class_list":["post-558","post","type-post","status-publish","format-standard","has-post-thumbnail","hentry","category-aquarelles","tag-aquarelle","tag-eau","tag-nymphea","tag-rose"],"aioseo_notices":[],"_links":{"self":[{"href":"https:\/\/www.espacegraphique.com\/blog\/wp-json\/wp\/v2\/posts\/558","targetHints":{"allow":["GET"]}}],"collection":[{"href":"https:\/\/www.espacegraphique.com\/blog\/wp-json\/wp\/v2\/posts"}],"about":[{"href":"https:\/\/www.espacegraphique.com\/blog\/wp-json\/wp\/v2\/types\/post"}],"author":[{"embeddable":true,"href":"https:\/\/www.espacegraphique.com\/blog\/wp-json\/wp\/v2\/users\/1"}],"replies":[{"embeddable":true,"href":"https:\/\/www.espacegraphique.com\/blog\/wp-json\/wp\/v2\/comments?post=558"}],"version-history":[{"count":6,"href":"https:\/\/www.espacegraphique.com\/blog\/wp-json\/wp\/v2\/posts\/558\/revisions"}],"predecessor-version":[{"id":2462,"href":"https:\/\/www.espacegraphique.com\/blog\/wp-json\/wp\/v2\/posts\/558\/revisions\/2462"}],"wp:featuredmedia":[{"embeddable":true,"href":"https:\/\/www.espacegraphique.com\/blog\/wp-json\/wp\/v2\/media\/560"}],"wp:attachment":[{"href":"https:\/\/www.espacegraphique.com\/blog\/wp-json\/wp\/v2\/media?parent=558"}],"wp:term":[{"taxonomy":"category","embeddable":true,"href":"https:\/\/www.espacegraphique.com\/blog\/wp-json\/wp\/v2\/categories?post=558"},{"taxonomy":"post_tag","embeddable":true,"href":"https:\/\/www.espacegraphique.com\/blog\/wp-json\/wp\/v2\/tags?post=558"}],"curies":[{"name":"wp","href":"https:\/\/api.w.org\/{rel}","templated":true}]}}