{"id":618,"date":"2011-03-26T13:49:50","date_gmt":"2011-03-26T12:49:50","guid":{"rendered":"http:\/\/www.espacegraphique.com\/blog\/?p=618"},"modified":"2013-12-21T10:52:51","modified_gmt":"2013-12-21T08:52:51","slug":"histoire-de-la-coccinelle-des-fourmis-et-des-cochenilles","status":"publish","type":"post","link":"https:\/\/www.espacegraphique.com\/blog\/photos\/histoire-de-la-coccinelle-des-fourmis-et-des-cochenilles-618","title":{"rendered":"Histoire de la coccinelle des fourmis et des cochenilles"},"content":{"rendered":"<p>&nbsp;<\/p>\n<p>Ce n&rsquo;est pas super glamour comme photo, mais c&rsquo;est \u00e0 mon avis un bon exemple des petits riens qui se passent dans notre quotidien.<\/p>\n<p>Lors du rempotage d&rsquo;une orchid\u00e9e <a href=\"https:\/\/www.espacegraphique.com\/orchidacees\/zygopetalum.php\">Zygopetalum<\/a>, j&rsquo;ai d\u00e9couvert qu&rsquo;une colonie de fourmis y avait \u00e9lu domicile. Les pseudo-bulbes semblent propices \u00e0 cette installation, inutile d&rsquo;aller en Amazonie.<\/p>\n<p>Des cochenilles sont venues avec un Phalaenopsis, j&rsquo;ai mis en quarantaine la plante un peu tard, les cochenilles se sont r\u00e9parties sur plusieurs plantes.<\/p>\n<p>J&rsquo;ai donc essay\u00e9 d&rsquo;utiliser des coccinelles pour \u00e9viter des produits phytosanitaires lourds (les cochenilles sont tr\u00e8s r\u00e9sistantes).<\/p>\n<p>C&rsquo;est l\u00e0 que je me suis rendu compte du petit man\u00e8ge des fourmis.<\/p>\n<p>Elle utilisent le miellat des cochenilles dans un \u00e9levage tr\u00e8s organis\u00e9, qui comprend le d\u00e9placement du \u00ab\u00a0b\u00e9tail\u00a0\u00bb quand une nouvelle plante est \u00e0 port\u00e9&#8230;<\/p>\n<p>A l&rsquo;arriv\u00e9e d&rsquo;une coccinelle, les petites fourmis on litt\u00e9ralement attaqu\u00e9 le gros col\u00e9opt\u00e8re pour d\u00e9fendre les cochenilles.<\/p>\n<p>La coccinelle est remont\u00e9e un peu plus loin sur la feuille, battant en retraite provisoirement.<\/p>\n<p>Tout cela s&rsquo;est pass\u00e9 dans un bac en alu de 30cm sur 50cm, je vais devoir profiter du printemps pour nettoyer ce biotope trop bien install\u00e9.<\/p>\n","protected":false},"excerpt":{"rendered":"<p>A l&rsquo;arriv\u00e9e d&rsquo;une coccinelle, les petites fourmis on litt\u00e9ralement attaqu\u00e9 le gros col\u00e9opt\u00e8re pour d\u00e9fendre les cochenilles.<\/p>\n","protected":false},"author":1,"featured_media":619,"comment_status":"open","ping_status":"open","sticky":false,"template":"","format":"standard","meta":{"footnotes":""},"categories":[13],"tags":[153,23,45],"class_list":["post-618","post","type-post","status-publish","format-standard","has-post-thumbnail","hentry","category-photos","tag-feuille","tag-insecte","tag-orchidee"],"aioseo_notices":[],"aioseo_head":"\n\t\t<!-- All in One SEO 5.0.0.1 - aioseo.com -->\n\t<meta name=\"description\" content=\"A l&#039;arriv\u00e9e d&#039;une coccinelle, les petites fourmis on litt\u00e9ralement attaqu\u00e9 le gros col\u00e9opt\u00e8re pour d\u00e9fendre les cochenilles.\" \/>\n\t<meta name=\"robots\" content=\"max-image-preview:large\" \/>\n\t<meta name=\"author\" content=\"Yann\"\/>\n\t<link rel=\"canonical\" href=\"https:\/\/www.espacegraphique.com\/blog\/photos\/histoire-de-la-coccinelle-des-fourmis-et-des-cochenilles-618\" \/>\n\t<meta name=\"generator\" content=\"All in One SEO (AIOSEO) 5.0.0.1\" \/>\n\t\t<meta property=\"og:locale\" content=\"fr_FR\" \/>\n\t\t<meta property=\"og:site_name\" content=\"Espace Graphique | Mon petit journal graphique\" \/>\n\t\t<meta property=\"og:type\" content=\"article\" \/>\n\t\t<meta property=\"og:title\" content=\"Histoire de la coccinelle des fourmis et des cochenilles | Espace Graphique\" \/>\n\t\t<meta property=\"og:description\" content=\"A l&#039;arriv\u00e9e d&#039;une coccinelle, les petites fourmis on litt\u00e9ralement attaqu\u00e9 le gros col\u00e9opt\u00e8re pour d\u00e9fendre les cochenilles.\" \/>\n\t\t<meta property=\"og:url\" content=\"https:\/\/www.espacegraphique.com\/blog\/photos\/histoire-de-la-coccinelle-des-fourmis-et-des-cochenilles-618\" \/>\n\t\t<meta property=\"article:published_time\" content=\"2011-03-26T12:49:50+00:00\" \/>\n\t\t<meta property=\"article:modified_time\" content=\"2013-12-21T08:52:51+00:00\" \/>\n\t\t<meta name=\"twitter:card\" content=\"summary\" \/>\n\t\t<meta name=\"twitter:title\" content=\"Histoire de la coccinelle des fourmis et des cochenilles | Espace Graphique\" \/>\n\t\t<meta name=\"twitter:description\" content=\"A l&#039;arriv\u00e9e d&#039;une coccinelle, les petites fourmis on litt\u00e9ralement attaqu\u00e9 le gros col\u00e9opt\u00e8re pour d\u00e9fendre les cochenilles.\" \/>\n\t\t<script type=\"application\/ld+json\" class=\"aioseo-schema\">\n\t\t\t{\"@context\":\"https:\\\/\\\/schema.org\",\"@graph\":[{\"@type\":\"Article\",\"@id\":\"https:\\\/\\\/www.espacegraphique.com\\\/blog\\\/photos\\\/histoire-de-la-coccinelle-des-fourmis-et-des-cochenilles-618#article\",\"name\":\"Histoire de la coccinelle des fourmis et des cochenilles | Espace Graphique\",\"headline\":\"Histoire de la coccinelle des fourmis et des cochenilles\",\"author\":{\"@id\":\"https:\\\/\\\/www.espacegraphique.com\\\/blog\\\/author\\\/admin#author\"},\"publisher\":{\"@id\":\"https:\\\/\\\/www.espacegraphique.com\\\/blog\\\/#organization\"},\"image\":{\"@type\":\"ImageObject\",\"url\":\"https:\\\/\\\/www.espacegraphique.com\\\/blog\\\/wp-content\\\/uploads\\\/2011\\\/03\\\/Coccinelle-fourmis.jpg\",\"width\":630,\"height\":239,\"caption\":\"Coccinelle contre fourmis\"},\"datePublished\":\"2011-03-26T13:49:50+02:00\",\"dateModified\":\"2013-12-21T10:52:51+02:00\",\"inLanguage\":\"fr-FR\",\"commentCount\":2,\"mainEntityOfPage\":{\"@id\":\"https:\\\/\\\/www.espacegraphique.com\\\/blog\\\/photos\\\/histoire-de-la-coccinelle-des-fourmis-et-des-cochenilles-618#webpage\"},\"isPartOf\":{\"@id\":\"https:\\\/\\\/www.espacegraphique.com\\\/blog\\\/photos\\\/histoire-de-la-coccinelle-des-fourmis-et-des-cochenilles-618#webpage\"},\"articleSection\":\"Photos, feuille, insecte, orchid\\u00e9e\"},{\"@type\":\"BreadcrumbList\",\"@id\":\"https:\\\/\\\/www.espacegraphique.com\\\/blog\\\/photos\\\/histoire-de-la-coccinelle-des-fourmis-et-des-cochenilles-618#breadcrumblist\",\"itemListElement\":[{\"@type\":\"ListItem\",\"@id\":\"https:\\\/\\\/www.espacegraphique.com\\\/blog#listItem\",\"position\":1,\"name\":\"Accueil\",\"item\":\"https:\\\/\\\/www.espacegraphique.com\\\/blog\",\"nextItem\":{\"@type\":\"ListItem\",\"@id\":\"https:\\\/\\\/www.espacegraphique.com\\\/blog\\\/planche\\\/photos#listItem\",\"name\":\"Photos\"}},{\"@type\":\"ListItem\",\"@id\":\"https:\\\/\\\/www.espacegraphique.com\\\/blog\\\/planche\\\/photos#listItem\",\"position\":2,\"name\":\"Photos\",\"item\":\"https:\\\/\\\/www.espacegraphique.com\\\/blog\\\/planche\\\/photos\",\"nextItem\":{\"@type\":\"ListItem\",\"@id\":\"https:\\\/\\\/www.espacegraphique.com\\\/blog\\\/photos\\\/histoire-de-la-coccinelle-des-fourmis-et-des-cochenilles-618#listItem\",\"name\":\"Histoire de la coccinelle des fourmis et des cochenilles\"},\"previousItem\":{\"@type\":\"ListItem\",\"@id\":\"https:\\\/\\\/www.espacegraphique.com\\\/blog#listItem\",\"name\":\"Accueil\"}},{\"@type\":\"ListItem\",\"@id\":\"https:\\\/\\\/www.espacegraphique.com\\\/blog\\\/photos\\\/histoire-de-la-coccinelle-des-fourmis-et-des-cochenilles-618#listItem\",\"position\":3,\"name\":\"Histoire de la coccinelle des fourmis et des cochenilles\",\"previousItem\":{\"@type\":\"ListItem\",\"@id\":\"https:\\\/\\\/www.espacegraphique.com\\\/blog\\\/planche\\\/photos#listItem\",\"name\":\"Photos\"}}]},{\"@type\":\"Organization\",\"@id\":\"https:\\\/\\\/www.espacegraphique.com\\\/blog\\\/#organization\",\"name\":\"Espace Graphique\",\"description\":\"Mon petit journal graphique\",\"url\":\"https:\\\/\\\/www.espacegraphique.com\\\/blog\\\/\"},{\"@type\":\"Person\",\"@id\":\"https:\\\/\\\/www.espacegraphique.com\\\/blog\\\/author\\\/admin#author\",\"url\":\"https:\\\/\\\/www.espacegraphique.com\\\/blog\\\/author\\\/admin\",\"name\":\"Yann\",\"image\":{\"@type\":\"ImageObject\",\"@id\":\"https:\\\/\\\/www.espacegraphique.com\\\/blog\\\/photos\\\/histoire-de-la-coccinelle-des-fourmis-et-des-cochenilles-618#authorImage\",\"url\":\"https:\\\/\\\/secure.gravatar.com\\\/avatar\\\/05f8f89222152d60c127ff66d91f94e5ad916730aa5d5be07144ab977018dd0d?s=96&r=g\",\"width\":96,\"height\":96,\"caption\":\"Yann\"}},{\"@type\":\"WebPage\",\"@id\":\"https:\\\/\\\/www.espacegraphique.com\\\/blog\\\/photos\\\/histoire-de-la-coccinelle-des-fourmis-et-des-cochenilles-618#webpage\",\"url\":\"https:\\\/\\\/www.espacegraphique.com\\\/blog\\\/photos\\\/histoire-de-la-coccinelle-des-fourmis-et-des-cochenilles-618\",\"name\":\"Histoire de la coccinelle des fourmis et des cochenilles | Espace Graphique\",\"description\":\"A l'arriv\\u00e9e d'une coccinelle, les petites fourmis on litt\\u00e9ralement attaqu\\u00e9 le gros col\\u00e9opt\\u00e8re pour d\\u00e9fendre les cochenilles.\",\"inLanguage\":\"fr-FR\",\"isPartOf\":{\"@id\":\"https:\\\/\\\/www.espacegraphique.com\\\/blog\\\/#website\"},\"breadcrumb\":{\"@id\":\"https:\\\/\\\/www.espacegraphique.com\\\/blog\\\/photos\\\/histoire-de-la-coccinelle-des-fourmis-et-des-cochenilles-618#breadcrumblist\"},\"author\":{\"@id\":\"https:\\\/\\\/www.espacegraphique.com\\\/blog\\\/author\\\/admin#author\"},\"creator\":{\"@id\":\"https:\\\/\\\/www.espacegraphique.com\\\/blog\\\/author\\\/admin#author\"},\"image\":{\"@type\":\"ImageObject\",\"url\":\"https:\\\/\\\/www.espacegraphique.com\\\/blog\\\/wp-content\\\/uploads\\\/2011\\\/03\\\/Coccinelle-fourmis.jpg\",\"@id\":\"https:\\\/\\\/www.espacegraphique.com\\\/blog\\\/photos\\\/histoire-de-la-coccinelle-des-fourmis-et-des-cochenilles-618\\\/#mainImage\",\"width\":630,\"height\":239,\"caption\":\"Coccinelle contre fourmis\"},\"primaryImageOfPage\":{\"@id\":\"https:\\\/\\\/www.espacegraphique.com\\\/blog\\\/photos\\\/histoire-de-la-coccinelle-des-fourmis-et-des-cochenilles-618#mainImage\"},\"datePublished\":\"2011-03-26T13:49:50+02:00\",\"dateModified\":\"2013-12-21T10:52:51+02:00\"},{\"@type\":\"WebSite\",\"@id\":\"https:\\\/\\\/www.espacegraphique.com\\\/blog\\\/#website\",\"url\":\"https:\\\/\\\/www.espacegraphique.com\\\/blog\\\/\",\"name\":\"Espace Graphique\",\"description\":\"Mon petit journal graphique\",\"inLanguage\":\"fr-FR\",\"publisher\":{\"@id\":\"https:\\\/\\\/www.espacegraphique.com\\\/blog\\\/#organization\"}}]}\n\t\t<\/script>\n\t\t<!-- All in One SEO -->\n\n","aioseo_head_json":{"title":"Histoire de la coccinelle des fourmis et des cochenilles | Espace Graphique","description":"A l'arriv\u00e9e d'une coccinelle, les petites fourmis on litt\u00e9ralement attaqu\u00e9 le gros col\u00e9opt\u00e8re pour d\u00e9fendre les cochenilles.","canonical_url":"https:\/\/www.espacegraphique.com\/blog\/photos\/histoire-de-la-coccinelle-des-fourmis-et-des-cochenilles-618","robots":"max-image-preview:large","keywords":"","webmasterTools":{"miscellaneous":""},"schema":{"@context":"https:\/\/schema.org","@graph":[{"@type":"Article","@id":"https:\/\/www.espacegraphique.com\/blog\/photos\/histoire-de-la-coccinelle-des-fourmis-et-des-cochenilles-618#article","name":"Histoire de la coccinelle des fourmis et des cochenilles | Espace Graphique","headline":"Histoire de la coccinelle des fourmis et des cochenilles","author":{"@id":"https:\/\/www.espacegraphique.com\/blog\/author\/admin#author"},"publisher":{"@id":"https:\/\/www.espacegraphique.com\/blog\/#organization"},"image":{"@type":"ImageObject","url":"https:\/\/www.espacegraphique.com\/blog\/wp-content\/uploads\/2011\/03\/Coccinelle-fourmis.jpg","width":630,"height":239,"caption":"Coccinelle contre fourmis"},"datePublished":"2011-03-26T13:49:50+02:00","dateModified":"2013-12-21T10:52:51+02:00","inLanguage":"fr-FR","commentCount":2,"mainEntityOfPage":{"@id":"https:\/\/www.espacegraphique.com\/blog\/photos\/histoire-de-la-coccinelle-des-fourmis-et-des-cochenilles-618#webpage"},"isPartOf":{"@id":"https:\/\/www.espacegraphique.com\/blog\/photos\/histoire-de-la-coccinelle-des-fourmis-et-des-cochenilles-618#webpage"},"articleSection":"Photos, feuille, insecte, orchid\u00e9e"},{"@type":"BreadcrumbList","@id":"https:\/\/www.espacegraphique.com\/blog\/photos\/histoire-de-la-coccinelle-des-fourmis-et-des-cochenilles-618#breadcrumblist","itemListElement":[{"@type":"ListItem","@id":"https:\/\/www.espacegraphique.com\/blog#listItem","position":1,"name":"Accueil","item":"https:\/\/www.espacegraphique.com\/blog","nextItem":{"@type":"ListItem","@id":"https:\/\/www.espacegraphique.com\/blog\/planche\/photos#listItem","name":"Photos"}},{"@type":"ListItem","@id":"https:\/\/www.espacegraphique.com\/blog\/planche\/photos#listItem","position":2,"name":"Photos","item":"https:\/\/www.espacegraphique.com\/blog\/planche\/photos","nextItem":{"@type":"ListItem","@id":"https:\/\/www.espacegraphique.com\/blog\/photos\/histoire-de-la-coccinelle-des-fourmis-et-des-cochenilles-618#listItem","name":"Histoire de la coccinelle des fourmis et des cochenilles"},"previousItem":{"@type":"ListItem","@id":"https:\/\/www.espacegraphique.com\/blog#listItem","name":"Accueil"}},{"@type":"ListItem","@id":"https:\/\/www.espacegraphique.com\/blog\/photos\/histoire-de-la-coccinelle-des-fourmis-et-des-cochenilles-618#listItem","position":3,"name":"Histoire de la coccinelle des fourmis et des cochenilles","previousItem":{"@type":"ListItem","@id":"https:\/\/www.espacegraphique.com\/blog\/planche\/photos#listItem","name":"Photos"}}]},{"@type":"Organization","@id":"https:\/\/www.espacegraphique.com\/blog\/#organization","name":"Espace Graphique","description":"Mon petit journal graphique","url":"https:\/\/www.espacegraphique.com\/blog\/"},{"@type":"Person","@id":"https:\/\/www.espacegraphique.com\/blog\/author\/admin#author","url":"https:\/\/www.espacegraphique.com\/blog\/author\/admin","name":"Yann","image":{"@type":"ImageObject","@id":"https:\/\/www.espacegraphique.com\/blog\/photos\/histoire-de-la-coccinelle-des-fourmis-et-des-cochenilles-618#authorImage","url":"https:\/\/secure.gravatar.com\/avatar\/05f8f89222152d60c127ff66d91f94e5ad916730aa5d5be07144ab977018dd0d?s=96&r=g","width":96,"height":96,"caption":"Yann"}},{"@type":"WebPage","@id":"https:\/\/www.espacegraphique.com\/blog\/photos\/histoire-de-la-coccinelle-des-fourmis-et-des-cochenilles-618#webpage","url":"https:\/\/www.espacegraphique.com\/blog\/photos\/histoire-de-la-coccinelle-des-fourmis-et-des-cochenilles-618","name":"Histoire de la coccinelle des fourmis et des cochenilles | Espace Graphique","description":"A l'arriv\u00e9e d'une coccinelle, les petites fourmis on litt\u00e9ralement attaqu\u00e9 le gros col\u00e9opt\u00e8re pour d\u00e9fendre les cochenilles.","inLanguage":"fr-FR","isPartOf":{"@id":"https:\/\/www.espacegraphique.com\/blog\/#website"},"breadcrumb":{"@id":"https:\/\/www.espacegraphique.com\/blog\/photos\/histoire-de-la-coccinelle-des-fourmis-et-des-cochenilles-618#breadcrumblist"},"author":{"@id":"https:\/\/www.espacegraphique.com\/blog\/author\/admin#author"},"creator":{"@id":"https:\/\/www.espacegraphique.com\/blog\/author\/admin#author"},"image":{"@type":"ImageObject","url":"https:\/\/www.espacegraphique.com\/blog\/wp-content\/uploads\/2011\/03\/Coccinelle-fourmis.jpg","@id":"https:\/\/www.espacegraphique.com\/blog\/photos\/histoire-de-la-coccinelle-des-fourmis-et-des-cochenilles-618\/#mainImage","width":630,"height":239,"caption":"Coccinelle contre fourmis"},"primaryImageOfPage":{"@id":"https:\/\/www.espacegraphique.com\/blog\/photos\/histoire-de-la-coccinelle-des-fourmis-et-des-cochenilles-618#mainImage"},"datePublished":"2011-03-26T13:49:50+02:00","dateModified":"2013-12-21T10:52:51+02:00"},{"@type":"WebSite","@id":"https:\/\/www.espacegraphique.com\/blog\/#website","url":"https:\/\/www.espacegraphique.com\/blog\/","name":"Espace Graphique","description":"Mon petit journal graphique","inLanguage":"fr-FR","publisher":{"@id":"https:\/\/www.espacegraphique.com\/blog\/#organization"}}]},"og:locale":"fr_FR","og:site_name":"Espace Graphique | Mon petit journal graphique","og:type":"article","og:title":"Histoire de la coccinelle des fourmis et des cochenilles | Espace Graphique","og:description":"A l'arriv\u00e9e d'une coccinelle, les petites fourmis on litt\u00e9ralement attaqu\u00e9 le gros col\u00e9opt\u00e8re pour d\u00e9fendre les cochenilles.","og:url":"https:\/\/www.espacegraphique.com\/blog\/photos\/histoire-de-la-coccinelle-des-fourmis-et-des-cochenilles-618","article:published_time":"2011-03-26T12:49:50+00:00","article:modified_time":"2013-12-21T08:52:51+00:00","twitter:card":"summary","twitter:title":"Histoire de la coccinelle des fourmis et des cochenilles | Espace Graphique","twitter:description":"A l'arriv\u00e9e d'une coccinelle, les petites fourmis on litt\u00e9ralement attaqu\u00e9 le gros col\u00e9opt\u00e8re pour d\u00e9fendre les cochenilles."},"aioseo_meta_data":{"post_id":"618","title":null,"description":null,"keywords":null,"keyphrases":null,"primary_term":null,"canonical_url":null,"og_title":null,"og_description":null,"og_object_type":"default","og_image_type":"default","og_image_url":null,"og_image_width":null,"og_image_height":null,"og_image_custom_url":null,"og_image_custom_fields":null,"og_video":null,"og_custom_url":null,"og_article_section":null,"og_article_tags":null,"twitter_use_og":false,"twitter_card":"default","twitter_image_type":"default","twitter_image_url":null,"twitter_image_custom_url":null,"twitter_image_custom_fields":null,"twitter_title":null,"twitter_description":null,"schema":{"blockGraphs":[],"customGraphs":[],"default":{"data":{"Article":[],"Course":[],"Dataset":[],"FAQPage":[],"Movie":[],"Person":[],"Product":[],"ProductReview":[],"Car":[],"Recipe":[],"Service":[],"SoftwareApplication":[],"WebPage":[]},"graphName":"","isEnabled":true},"graphs":[]},"schema_type":"default","schema_type_options":null,"pillar_content":false,"robots_default":true,"robots_noindex":false,"robots_noarchive":false,"robots_nosnippet":false,"robots_nofollow":false,"robots_noimageindex":false,"robots_noodp":false,"robots_notranslate":false,"robots_max_snippet":null,"robots_max_videopreview":null,"robots_max_imagepreview":"large","priority":null,"frequency":null,"local_seo":null,"limit_modified_date":false,"created":"2022-03-30 17:21:21","updated":"2026-08-22 00:56:31","focus_keyword":null,"additional_keywords":null,"truseo_locale":null,"ai":null,"breadcrumb_settings":null,"seo_analyzer_scan_date":null},"aioseo_breadcrumb":"<div class=\"aioseo-breadcrumbs\"><span class=\"aioseo-breadcrumb\">\n\t\t\t<a href=\"https:\/\/www.espacegraphique.com\/blog\" title=\"Accueil\">Accueil<\/a>\n\t\t<\/span><span class=\"aioseo-breadcrumb-separator\">&raquo;<\/span><span class=\"aioseo-breadcrumb\">\n\t\t\t<a href=\"https:\/\/www.espacegraphique.com\/blog\/planche\/photos\" title=\"Photos\">Photos<\/a>\n\t\t<\/span><span class=\"aioseo-breadcrumb-separator\">&raquo;<\/span><span class=\"aioseo-breadcrumb\">\n\t\t\tHistoire de la coccinelle des fourmis et des cochenilles\n\t\t<\/span><\/div>","aioseo_breadcrumb_json":[{"label":"Accueil","link":"https:\/\/www.espacegraphique.com\/blog"},{"label":"Photos","link":"https:\/\/www.espacegraphique.com\/blog\/planche\/photos"},{"label":"Histoire de la coccinelle des fourmis et des cochenilles","link":"https:\/\/www.espacegraphique.com\/blog\/photos\/histoire-de-la-coccinelle-des-fourmis-et-des-cochenilles-618"}],"_links":{"self":[{"href":"https:\/\/www.espacegraphique.com\/blog\/wp-json\/wp\/v2\/posts\/618","targetHints":{"allow":["GET"]}}],"collection":[{"href":"https:\/\/www.espacegraphique.com\/blog\/wp-json\/wp\/v2\/posts"}],"about":[{"href":"https:\/\/www.espacegraphique.com\/blog\/wp-json\/wp\/v2\/types\/post"}],"author":[{"embeddable":true,"href":"https:\/\/www.espacegraphique.com\/blog\/wp-json\/wp\/v2\/users\/1"}],"replies":[{"embeddable":true,"href":"https:\/\/www.espacegraphique.com\/blog\/wp-json\/wp\/v2\/comments?post=618"}],"version-history":[{"count":7,"href":"https:\/\/www.espacegraphique.com\/blog\/wp-json\/wp\/v2\/posts\/618\/revisions"}],"predecessor-version":[{"id":622,"href":"https:\/\/www.espacegraphique.com\/blog\/wp-json\/wp\/v2\/posts\/618\/revisions\/622"}],"wp:featuredmedia":[{"embeddable":true,"href":"https:\/\/www.espacegraphique.com\/blog\/wp-json\/wp\/v2\/media\/619"}],"wp:attachment":[{"href":"https:\/\/www.espacegraphique.com\/blog\/wp-json\/wp\/v2\/media?parent=618"}],"wp:term":[{"taxonomy":"category","embeddable":true,"href":"https:\/\/www.espacegraphique.com\/blog\/wp-json\/wp\/v2\/categories?post=618"},{"taxonomy":"post_tag","embeddable":true,"href":"https:\/\/www.espacegraphique.com\/blog\/wp-json\/wp\/v2\/tags?post=618"}],"curies":[{"name":"wp","href":"https:\/\/api.w.org\/{rel}","templated":true}]}}