{"id":706,"date":"2011-05-19T18:22:40","date_gmt":"2011-05-19T17:22:40","guid":{"rendered":"http:\/\/www.espacegraphique.com\/blog\/?p=706"},"modified":"2013-12-21T10:35:47","modified_gmt":"2013-12-21T08:35:47","slug":"seance-de-dedicaces-a-laon","status":"publish","type":"post","link":"https:\/\/www.espacegraphique.com\/blog\/photos\/seance-de-dedicaces-a-laon-706","title":{"rendered":"S\u00e9ance de d\u00e9dicaces \u00e0 Laon"},"content":{"rendered":"<p>C&rsquo;est un exercice assez amusant de d\u00e9dicacer \u00e0 plusieurs le m\u00eame album. Ici \u00e0 Laon on \u00e9tait 8 dessinateurs ce qui n\u00e9cessite une certaine organisation.<\/p>\n<p>En g\u00e9n\u00e9ral on commence un th\u00e8me (ici le poulpe) et apr\u00e8s on continue (ou pas). C&rsquo;est pas toujours facile de suivre, selon les sujets, mais c&rsquo;est cela qui est dr\u00f4le&#8230;<\/p>\n<p>D&rsquo;autre part les 10 membres de l&rsquo;association sont rarement l\u00e0 tous le m\u00eame jour, les albums sont donc tous uniques.<\/p>\n<p>Cela \u00e9tonne toujours de voir que le dessin peut \u00eatre r\u00e9alis\u00e9 en groupe et en live.<\/p>\n<p>Je terminerais sur une photo plus s\u00e9rieuse, celle de la Cath\u00e9drale de Laon au coucher du soleil.<\/p>\n<p>Apr\u00e8s toutes ces d\u00e9dicaces, je n&rsquo;ai pas ressorti les aquarelles, mais faut-il vraiment reprendre la r\u00e9alit\u00e9 dans des cas comme cela ?<\/p>\n<p><a href=\"https:\/\/www.espacegraphique.com\/blog\/wp-content\/uploads\/2011\/05\/Cathedrale.jpg\"><img loading=\"lazy\" decoding=\"async\" class=\"size-medium wp-image-708 aligncenter\" title=\"Coucher de soleil sur la Cath\u00e9drale de Laon\" alt=\"Coucher de soleil sur la Cath\u00e9drale de Laon\" src=\"https:\/\/www.espacegraphique.com\/blog\/wp-content\/uploads\/2011\/05\/Cathedrale-225x300.jpg\" width=\"225\" height=\"300\" srcset=\"https:\/\/www.espacegraphique.com\/blog\/wp-content\/uploads\/2011\/05\/Cathedrale-225x300.jpg 225w, https:\/\/www.espacegraphique.com\/blog\/wp-content\/uploads\/2011\/05\/Cathedrale.jpg 480w\" sizes=\"auto, (max-width: 225px) 100vw, 225px\" \/><\/a><\/p>\n","protected":false},"excerpt":{"rendered":"<p>C&rsquo;est un exercice assez amusant de d\u00e9dicacer \u00e0 plusieurs le m\u00eame album.<\/p>\n","protected":false},"author":1,"featured_media":707,"comment_status":"open","ping_status":"open","sticky":false,"template":"","format":"standard","meta":{"footnotes":""},"categories":[13],"tags":[193,5,201,51],"class_list":["post-706","post","type-post","status-publish","format-standard","has-post-thumbnail","hentry","category-photos","tag-bd","tag-dessin","tag-laon","tag-photo"],"aioseo_notices":[],"aioseo_head":"\n\t\t<!-- All in One SEO 5.0.0.1 - aioseo.com -->\n\t<meta name=\"description\" content=\"C&#039;est un exercice assez amusant de d\u00e9dicacer \u00e0 plusieurs le m\u00eame album.\" \/>\n\t<meta name=\"robots\" content=\"max-image-preview:large\" \/>\n\t<meta name=\"author\" content=\"Yann\"\/>\n\t<link rel=\"canonical\" href=\"https:\/\/www.espacegraphique.com\/blog\/photos\/seance-de-dedicaces-a-laon-706\" \/>\n\t<meta name=\"generator\" content=\"All in One SEO (AIOSEO) 5.0.0.1\" \/>\n\t\t<meta property=\"og:locale\" content=\"fr_FR\" \/>\n\t\t<meta property=\"og:site_name\" content=\"Espace Graphique | Mon petit journal graphique\" \/>\n\t\t<meta property=\"og:type\" content=\"article\" \/>\n\t\t<meta property=\"og:title\" content=\"S\u00e9ance de d\u00e9dicaces \u00e0 Laon | Espace Graphique\" \/>\n\t\t<meta property=\"og:description\" content=\"C&#039;est un exercice assez amusant de d\u00e9dicacer \u00e0 plusieurs le m\u00eame album.\" \/>\n\t\t<meta property=\"og:url\" content=\"https:\/\/www.espacegraphique.com\/blog\/photos\/seance-de-dedicaces-a-laon-706\" \/>\n\t\t<meta property=\"article:published_time\" content=\"2011-05-19T17:22:40+00:00\" \/>\n\t\t<meta property=\"article:modified_time\" content=\"2013-12-21T08:35:47+00:00\" \/>\n\t\t<meta name=\"twitter:card\" content=\"summary\" \/>\n\t\t<meta name=\"twitter:title\" content=\"S\u00e9ance de d\u00e9dicaces \u00e0 Laon | Espace Graphique\" \/>\n\t\t<meta name=\"twitter:description\" content=\"C&#039;est un exercice assez amusant de d\u00e9dicacer \u00e0 plusieurs le m\u00eame album.\" \/>\n\t\t<script type=\"application\/ld+json\" class=\"aioseo-schema\">\n\t\t\t{\"@context\":\"https:\\\/\\\/schema.org\",\"@graph\":[{\"@type\":\"Article\",\"@id\":\"https:\\\/\\\/www.espacegraphique.com\\\/blog\\\/photos\\\/seance-de-dedicaces-a-laon-706#article\",\"name\":\"S\\u00e9ance de d\\u00e9dicaces \\u00e0 Laon | Espace Graphique\",\"headline\":\"S\\u00e9ance de d\\u00e9dicaces \\u00e0 Laon\",\"author\":{\"@id\":\"https:\\\/\\\/www.espacegraphique.com\\\/blog\\\/author\\\/admin#author\"},\"publisher\":{\"@id\":\"https:\\\/\\\/www.espacegraphique.com\\\/blog\\\/#organization\"},\"image\":{\"@type\":\"ImageObject\",\"url\":\"https:\\\/\\\/www.espacegraphique.com\\\/blog\\\/wp-content\\\/uploads\\\/2011\\\/05\\\/dedicace-mal.jpg\",\"width\":640,\"height\":244,\"caption\":\"D\\u00e9dicaces de l'album\"},\"datePublished\":\"2011-05-19T18:22:40+02:00\",\"dateModified\":\"2013-12-21T10:35:47+02:00\",\"inLanguage\":\"fr-FR\",\"mainEntityOfPage\":{\"@id\":\"https:\\\/\\\/www.espacegraphique.com\\\/blog\\\/photos\\\/seance-de-dedicaces-a-laon-706#webpage\"},\"isPartOf\":{\"@id\":\"https:\\\/\\\/www.espacegraphique.com\\\/blog\\\/photos\\\/seance-de-dedicaces-a-laon-706#webpage\"},\"articleSection\":\"Photos, bd, dessin, laon, photo\"},{\"@type\":\"BreadcrumbList\",\"@id\":\"https:\\\/\\\/www.espacegraphique.com\\\/blog\\\/photos\\\/seance-de-dedicaces-a-laon-706#breadcrumblist\",\"itemListElement\":[{\"@type\":\"ListItem\",\"@id\":\"https:\\\/\\\/www.espacegraphique.com\\\/blog#listItem\",\"position\":1,\"name\":\"Accueil\",\"item\":\"https:\\\/\\\/www.espacegraphique.com\\\/blog\",\"nextItem\":{\"@type\":\"ListItem\",\"@id\":\"https:\\\/\\\/www.espacegraphique.com\\\/blog\\\/planche\\\/photos#listItem\",\"name\":\"Photos\"}},{\"@type\":\"ListItem\",\"@id\":\"https:\\\/\\\/www.espacegraphique.com\\\/blog\\\/planche\\\/photos#listItem\",\"position\":2,\"name\":\"Photos\",\"item\":\"https:\\\/\\\/www.espacegraphique.com\\\/blog\\\/planche\\\/photos\",\"nextItem\":{\"@type\":\"ListItem\",\"@id\":\"https:\\\/\\\/www.espacegraphique.com\\\/blog\\\/photos\\\/seance-de-dedicaces-a-laon-706#listItem\",\"name\":\"S\\u00e9ance de d\\u00e9dicaces \\u00e0 Laon\"},\"previousItem\":{\"@type\":\"ListItem\",\"@id\":\"https:\\\/\\\/www.espacegraphique.com\\\/blog#listItem\",\"name\":\"Accueil\"}},{\"@type\":\"ListItem\",\"@id\":\"https:\\\/\\\/www.espacegraphique.com\\\/blog\\\/photos\\\/seance-de-dedicaces-a-laon-706#listItem\",\"position\":3,\"name\":\"S\\u00e9ance de d\\u00e9dicaces \\u00e0 Laon\",\"previousItem\":{\"@type\":\"ListItem\",\"@id\":\"https:\\\/\\\/www.espacegraphique.com\\\/blog\\\/planche\\\/photos#listItem\",\"name\":\"Photos\"}}]},{\"@type\":\"Organization\",\"@id\":\"https:\\\/\\\/www.espacegraphique.com\\\/blog\\\/#organization\",\"name\":\"Espace Graphique\",\"description\":\"Mon petit journal graphique\",\"url\":\"https:\\\/\\\/www.espacegraphique.com\\\/blog\\\/\"},{\"@type\":\"Person\",\"@id\":\"https:\\\/\\\/www.espacegraphique.com\\\/blog\\\/author\\\/admin#author\",\"url\":\"https:\\\/\\\/www.espacegraphique.com\\\/blog\\\/author\\\/admin\",\"name\":\"Yann\",\"image\":{\"@type\":\"ImageObject\",\"@id\":\"https:\\\/\\\/www.espacegraphique.com\\\/blog\\\/photos\\\/seance-de-dedicaces-a-laon-706#authorImage\",\"url\":\"https:\\\/\\\/secure.gravatar.com\\\/avatar\\\/05f8f89222152d60c127ff66d91f94e5ad916730aa5d5be07144ab977018dd0d?s=96&r=g\",\"width\":96,\"height\":96,\"caption\":\"Yann\"}},{\"@type\":\"WebPage\",\"@id\":\"https:\\\/\\\/www.espacegraphique.com\\\/blog\\\/photos\\\/seance-de-dedicaces-a-laon-706#webpage\",\"url\":\"https:\\\/\\\/www.espacegraphique.com\\\/blog\\\/photos\\\/seance-de-dedicaces-a-laon-706\",\"name\":\"S\\u00e9ance de d\\u00e9dicaces \\u00e0 Laon | Espace Graphique\",\"description\":\"C'est un exercice assez amusant de d\\u00e9dicacer \\u00e0 plusieurs le m\\u00eame album.\",\"inLanguage\":\"fr-FR\",\"isPartOf\":{\"@id\":\"https:\\\/\\\/www.espacegraphique.com\\\/blog\\\/#website\"},\"breadcrumb\":{\"@id\":\"https:\\\/\\\/www.espacegraphique.com\\\/blog\\\/photos\\\/seance-de-dedicaces-a-laon-706#breadcrumblist\"},\"author\":{\"@id\":\"https:\\\/\\\/www.espacegraphique.com\\\/blog\\\/author\\\/admin#author\"},\"creator\":{\"@id\":\"https:\\\/\\\/www.espacegraphique.com\\\/blog\\\/author\\\/admin#author\"},\"image\":{\"@type\":\"ImageObject\",\"url\":\"https:\\\/\\\/www.espacegraphique.com\\\/blog\\\/wp-content\\\/uploads\\\/2011\\\/05\\\/dedicace-mal.jpg\",\"@id\":\"https:\\\/\\\/www.espacegraphique.com\\\/blog\\\/photos\\\/seance-de-dedicaces-a-laon-706\\\/#mainImage\",\"width\":640,\"height\":244,\"caption\":\"D\\u00e9dicaces de l'album\"},\"primaryImageOfPage\":{\"@id\":\"https:\\\/\\\/www.espacegraphique.com\\\/blog\\\/photos\\\/seance-de-dedicaces-a-laon-706#mainImage\"},\"datePublished\":\"2011-05-19T18:22:40+02:00\",\"dateModified\":\"2013-12-21T10:35:47+02:00\"},{\"@type\":\"WebSite\",\"@id\":\"https:\\\/\\\/www.espacegraphique.com\\\/blog\\\/#website\",\"url\":\"https:\\\/\\\/www.espacegraphique.com\\\/blog\\\/\",\"name\":\"Espace Graphique\",\"description\":\"Mon petit journal graphique\",\"inLanguage\":\"fr-FR\",\"publisher\":{\"@id\":\"https:\\\/\\\/www.espacegraphique.com\\\/blog\\\/#organization\"}}]}\n\t\t<\/script>\n\t\t<!-- All in One SEO -->\n\n","aioseo_head_json":{"title":"S\u00e9ance de d\u00e9dicaces \u00e0 Laon | Espace Graphique","description":"C'est un exercice assez amusant de d\u00e9dicacer \u00e0 plusieurs le m\u00eame album.","canonical_url":"https:\/\/www.espacegraphique.com\/blog\/photos\/seance-de-dedicaces-a-laon-706","robots":"max-image-preview:large","keywords":"","webmasterTools":{"miscellaneous":""},"schema":{"@context":"https:\/\/schema.org","@graph":[{"@type":"Article","@id":"https:\/\/www.espacegraphique.com\/blog\/photos\/seance-de-dedicaces-a-laon-706#article","name":"S\u00e9ance de d\u00e9dicaces \u00e0 Laon | Espace Graphique","headline":"S\u00e9ance de d\u00e9dicaces \u00e0 Laon","author":{"@id":"https:\/\/www.espacegraphique.com\/blog\/author\/admin#author"},"publisher":{"@id":"https:\/\/www.espacegraphique.com\/blog\/#organization"},"image":{"@type":"ImageObject","url":"https:\/\/www.espacegraphique.com\/blog\/wp-content\/uploads\/2011\/05\/dedicace-mal.jpg","width":640,"height":244,"caption":"D\u00e9dicaces de l'album"},"datePublished":"2011-05-19T18:22:40+02:00","dateModified":"2013-12-21T10:35:47+02:00","inLanguage":"fr-FR","mainEntityOfPage":{"@id":"https:\/\/www.espacegraphique.com\/blog\/photos\/seance-de-dedicaces-a-laon-706#webpage"},"isPartOf":{"@id":"https:\/\/www.espacegraphique.com\/blog\/photos\/seance-de-dedicaces-a-laon-706#webpage"},"articleSection":"Photos, bd, dessin, laon, photo"},{"@type":"BreadcrumbList","@id":"https:\/\/www.espacegraphique.com\/blog\/photos\/seance-de-dedicaces-a-laon-706#breadcrumblist","itemListElement":[{"@type":"ListItem","@id":"https:\/\/www.espacegraphique.com\/blog#listItem","position":1,"name":"Accueil","item":"https:\/\/www.espacegraphique.com\/blog","nextItem":{"@type":"ListItem","@id":"https:\/\/www.espacegraphique.com\/blog\/planche\/photos#listItem","name":"Photos"}},{"@type":"ListItem","@id":"https:\/\/www.espacegraphique.com\/blog\/planche\/photos#listItem","position":2,"name":"Photos","item":"https:\/\/www.espacegraphique.com\/blog\/planche\/photos","nextItem":{"@type":"ListItem","@id":"https:\/\/www.espacegraphique.com\/blog\/photos\/seance-de-dedicaces-a-laon-706#listItem","name":"S\u00e9ance de d\u00e9dicaces \u00e0 Laon"},"previousItem":{"@type":"ListItem","@id":"https:\/\/www.espacegraphique.com\/blog#listItem","name":"Accueil"}},{"@type":"ListItem","@id":"https:\/\/www.espacegraphique.com\/blog\/photos\/seance-de-dedicaces-a-laon-706#listItem","position":3,"name":"S\u00e9ance de d\u00e9dicaces \u00e0 Laon","previousItem":{"@type":"ListItem","@id":"https:\/\/www.espacegraphique.com\/blog\/planche\/photos#listItem","name":"Photos"}}]},{"@type":"Organization","@id":"https:\/\/www.espacegraphique.com\/blog\/#organization","name":"Espace Graphique","description":"Mon petit journal graphique","url":"https:\/\/www.espacegraphique.com\/blog\/"},{"@type":"Person","@id":"https:\/\/www.espacegraphique.com\/blog\/author\/admin#author","url":"https:\/\/www.espacegraphique.com\/blog\/author\/admin","name":"Yann","image":{"@type":"ImageObject","@id":"https:\/\/www.espacegraphique.com\/blog\/photos\/seance-de-dedicaces-a-laon-706#authorImage","url":"https:\/\/secure.gravatar.com\/avatar\/05f8f89222152d60c127ff66d91f94e5ad916730aa5d5be07144ab977018dd0d?s=96&r=g","width":96,"height":96,"caption":"Yann"}},{"@type":"WebPage","@id":"https:\/\/www.espacegraphique.com\/blog\/photos\/seance-de-dedicaces-a-laon-706#webpage","url":"https:\/\/www.espacegraphique.com\/blog\/photos\/seance-de-dedicaces-a-laon-706","name":"S\u00e9ance de d\u00e9dicaces \u00e0 Laon | Espace Graphique","description":"C'est un exercice assez amusant de d\u00e9dicacer \u00e0 plusieurs le m\u00eame album.","inLanguage":"fr-FR","isPartOf":{"@id":"https:\/\/www.espacegraphique.com\/blog\/#website"},"breadcrumb":{"@id":"https:\/\/www.espacegraphique.com\/blog\/photos\/seance-de-dedicaces-a-laon-706#breadcrumblist"},"author":{"@id":"https:\/\/www.espacegraphique.com\/blog\/author\/admin#author"},"creator":{"@id":"https:\/\/www.espacegraphique.com\/blog\/author\/admin#author"},"image":{"@type":"ImageObject","url":"https:\/\/www.espacegraphique.com\/blog\/wp-content\/uploads\/2011\/05\/dedicace-mal.jpg","@id":"https:\/\/www.espacegraphique.com\/blog\/photos\/seance-de-dedicaces-a-laon-706\/#mainImage","width":640,"height":244,"caption":"D\u00e9dicaces de l'album"},"primaryImageOfPage":{"@id":"https:\/\/www.espacegraphique.com\/blog\/photos\/seance-de-dedicaces-a-laon-706#mainImage"},"datePublished":"2011-05-19T18:22:40+02:00","dateModified":"2013-12-21T10:35:47+02:00"},{"@type":"WebSite","@id":"https:\/\/www.espacegraphique.com\/blog\/#website","url":"https:\/\/www.espacegraphique.com\/blog\/","name":"Espace Graphique","description":"Mon petit journal graphique","inLanguage":"fr-FR","publisher":{"@id":"https:\/\/www.espacegraphique.com\/blog\/#organization"}}]},"og:locale":"fr_FR","og:site_name":"Espace Graphique | Mon petit journal graphique","og:type":"article","og:title":"S\u00e9ance de d\u00e9dicaces \u00e0 Laon | Espace Graphique","og:description":"C'est un exercice assez amusant de d\u00e9dicacer \u00e0 plusieurs le m\u00eame album.","og:url":"https:\/\/www.espacegraphique.com\/blog\/photos\/seance-de-dedicaces-a-laon-706","article:published_time":"2011-05-19T17:22:40+00:00","article:modified_time":"2013-12-21T08:35:47+00:00","twitter:card":"summary","twitter:title":"S\u00e9ance de d\u00e9dicaces \u00e0 Laon | Espace Graphique","twitter:description":"C'est un exercice assez amusant de d\u00e9dicacer \u00e0 plusieurs le m\u00eame album."},"aioseo_meta_data":{"post_id":"706","title":null,"description":null,"keywords":null,"keyphrases":null,"primary_term":null,"canonical_url":null,"og_title":null,"og_description":null,"og_object_type":"default","og_image_type":"default","og_image_url":null,"og_image_width":null,"og_image_height":null,"og_image_custom_url":null,"og_image_custom_fields":null,"og_video":null,"og_custom_url":null,"og_article_section":null,"og_article_tags":null,"twitter_use_og":false,"twitter_card":"default","twitter_image_type":"default","twitter_image_url":null,"twitter_image_custom_url":null,"twitter_image_custom_fields":null,"twitter_title":null,"twitter_description":null,"schema":{"blockGraphs":[],"customGraphs":[],"default":{"data":{"Article":[],"Course":[],"Dataset":[],"FAQPage":[],"Movie":[],"Person":[],"Product":[],"ProductReview":[],"Car":[],"Recipe":[],"Service":[],"SoftwareApplication":[],"WebPage":[]},"graphName":"","isEnabled":true},"graphs":[],"defaultGraph":"","defaultPostTypeGraph":""},"schema_type":"default","schema_type_options":null,"pillar_content":false,"robots_default":true,"robots_noindex":false,"robots_noarchive":false,"robots_nosnippet":false,"robots_nofollow":false,"robots_noimageindex":false,"robots_noodp":false,"robots_notranslate":false,"robots_max_snippet":null,"robots_max_videopreview":null,"robots_max_imagepreview":"large","priority":null,"frequency":null,"local_seo":null,"limit_modified_date":false,"created":"2022-03-30 17:20:22","updated":"2026-08-22 00:57:58","focus_keyword":null,"additional_keywords":null,"truseo_locale":null,"ai":null,"breadcrumb_settings":null,"seo_analyzer_scan_date":null},"aioseo_breadcrumb":"<div class=\"aioseo-breadcrumbs\"><span class=\"aioseo-breadcrumb\">\n\t\t\t<a href=\"https:\/\/www.espacegraphique.com\/blog\" title=\"Accueil\">Accueil<\/a>\n\t\t<\/span><span class=\"aioseo-breadcrumb-separator\">&raquo;<\/span><span class=\"aioseo-breadcrumb\">\n\t\t\t<a href=\"https:\/\/www.espacegraphique.com\/blog\/planche\/photos\" title=\"Photos\">Photos<\/a>\n\t\t<\/span><span class=\"aioseo-breadcrumb-separator\">&raquo;<\/span><span class=\"aioseo-breadcrumb\">\n\t\t\tS\u00e9ance de d\u00e9dicaces \u00e0 Laon\n\t\t<\/span><\/div>","aioseo_breadcrumb_json":[{"label":"Accueil","link":"https:\/\/www.espacegraphique.com\/blog"},{"label":"Photos","link":"https:\/\/www.espacegraphique.com\/blog\/planche\/photos"},{"label":"S\u00e9ance de d\u00e9dicaces \u00e0 Laon","link":"https:\/\/www.espacegraphique.com\/blog\/photos\/seance-de-dedicaces-a-laon-706"}],"_links":{"self":[{"href":"https:\/\/www.espacegraphique.com\/blog\/wp-json\/wp\/v2\/posts\/706","targetHints":{"allow":["GET"]}}],"collection":[{"href":"https:\/\/www.espacegraphique.com\/blog\/wp-json\/wp\/v2\/posts"}],"about":[{"href":"https:\/\/www.espacegraphique.com\/blog\/wp-json\/wp\/v2\/types\/post"}],"author":[{"embeddable":true,"href":"https:\/\/www.espacegraphique.com\/blog\/wp-json\/wp\/v2\/users\/1"}],"replies":[{"embeddable":true,"href":"https:\/\/www.espacegraphique.com\/blog\/wp-json\/wp\/v2\/comments?post=706"}],"version-history":[{"count":3,"href":"https:\/\/www.espacegraphique.com\/blog\/wp-json\/wp\/v2\/posts\/706\/revisions"}],"predecessor-version":[{"id":2442,"href":"https:\/\/www.espacegraphique.com\/blog\/wp-json\/wp\/v2\/posts\/706\/revisions\/2442"}],"wp:featuredmedia":[{"embeddable":true,"href":"https:\/\/www.espacegraphique.com\/blog\/wp-json\/wp\/v2\/media\/707"}],"wp:attachment":[{"href":"https:\/\/www.espacegraphique.com\/blog\/wp-json\/wp\/v2\/media?parent=706"}],"wp:term":[{"taxonomy":"category","embeddable":true,"href":"https:\/\/www.espacegraphique.com\/blog\/wp-json\/wp\/v2\/categories?post=706"},{"taxonomy":"post_tag","embeddable":true,"href":"https:\/\/www.espacegraphique.com\/blog\/wp-json\/wp\/v2\/tags?post=706"}],"curies":[{"name":"wp","href":"https:\/\/api.w.org\/{rel}","templated":true}]}}