{"id":751,"date":"2011-06-03T15:58:47","date_gmt":"2011-06-03T14:58:47","guid":{"rendered":"http:\/\/www.espacegraphique.com\/blog\/?p=751"},"modified":"2013-12-21T10:29:48","modified_gmt":"2013-12-21T08:29:48","slug":"allium-giganteum-pour-une-abeille-noire","status":"publish","type":"post","link":"https:\/\/www.espacegraphique.com\/blog\/photos\/allium-giganteum-pour-une-abeille-noire-751","title":{"rendered":"Allium giganteum pour une abeille noire"},"content":{"rendered":"<p>Et bien oui, j&rsquo;ai repost\u00e9 une news sans attendre la fin de l&rsquo;\u00e9closion des oeufs de mon <a href=\"https:\/\/www.espacegraphique.com\/blog\/photos\/qui-en-veut-a-mon-kiwi-712\">Kiwi<\/a> (pas l&rsquo;animal, mais l&rsquo;actinidia).<\/p>\n<p>Il en faut pour tout le monde et l&rsquo;\u00e9closion peut prendre un certain temps, donc action&#8230;<\/p>\n<p><strong>Passons donc \u00e0 une autre plante, \u00e0 bulbe cette fois : Un ail gigantesque dont l&rsquo;explosion florale \u00e0 retenue l&rsquo;attention de cette grosse abeille noire (coutumi\u00e8re de mon jardin).<\/strong><\/p>\n<p>A la mani\u00e8re de <a href=\"http:\/\/namelieouletempsdevantsoi.blogspot.com\">Nam\u00e9lie<\/a>, on peut \u00e9crire des choses sombres sans pour autant avoir le bourdon, je trouve cette grosse abeille tr\u00e8s sympathique.<\/p>\n<p>Ce Xylocope pond normalement dans le bois, ce n&rsquo;est donc pas lui qui a d\u00e9pos\u00e9 ses \u0153ufs sur le kiwi. Comme l&rsquo;a not\u00e9 <a href=\"http:\/\/www.aquarelle-bota-clairefelloni.com\">Claire<\/a>, ce serait plut\u00f4t un papillon.<\/p>\n<p><strong>Voici un individu plus proche de notre enqu\u00eate :<\/strong><\/p>\n<p><a href=\"https:\/\/www.espacegraphique.com\/blog\/wp-content\/uploads\/2011\/06\/papillon.jpg\"><img loading=\"lazy\" decoding=\"async\" class=\"size-medium wp-image-753 aligncenter\" title=\"Papillon\" alt=\"Papillon\" src=\"https:\/\/www.espacegraphique.com\/blog\/wp-content\/uploads\/2011\/06\/papillon-300x225.jpg\" width=\"300\" height=\"225\" srcset=\"https:\/\/www.espacegraphique.com\/blog\/wp-content\/uploads\/2011\/06\/papillon-300x225.jpg 300w, https:\/\/www.espacegraphique.com\/blog\/wp-content\/uploads\/2011\/06\/papillon.jpg 640w\" sizes=\"auto, (max-width: 300px) 100vw, 300px\" \/><\/a><\/p>\n","protected":false},"excerpt":{"rendered":"<p>Un ail gigantesque dont l&rsquo;explosion florale \u00e0 retenue l&rsquo;attention de cette grosse abeille noire<\/p>\n","protected":false},"author":1,"featured_media":752,"comment_status":"open","ping_status":"open","sticky":false,"template":"","format":"standard","meta":{"footnotes":""},"categories":[13],"tags":[162,12,23,17,202],"class_list":["post-751","post","type-post","status-publish","format-standard","has-post-thumbnail","hentry","category-photos","tag-abeille","tag-fleur","tag-insecte","tag-noir","tag-papillon"],"aioseo_notices":[],"aioseo_head":"\n\t\t<!-- All in One SEO 5.0.0.1 - aioseo.com -->\n\t<meta name=\"description\" content=\"Un ail gigantesque dont l&#039;explosion florale \u00e0 retenue l&#039;attention de cette grosse abeille noire\" \/>\n\t<meta name=\"robots\" content=\"max-image-preview:large\" \/>\n\t<meta name=\"author\" content=\"Yann\"\/>\n\t<link rel=\"canonical\" href=\"https:\/\/www.espacegraphique.com\/blog\/photos\/allium-giganteum-pour-une-abeille-noire-751\" \/>\n\t<meta name=\"generator\" content=\"All in One SEO (AIOSEO) 5.0.0.1\" \/>\n\t\t<meta property=\"og:locale\" content=\"fr_FR\" \/>\n\t\t<meta property=\"og:site_name\" content=\"Espace Graphique | Mon petit journal graphique\" \/>\n\t\t<meta property=\"og:type\" content=\"article\" \/>\n\t\t<meta property=\"og:title\" content=\"Allium giganteum pour une abeille noire | Espace Graphique\" \/>\n\t\t<meta property=\"og:description\" content=\"Un ail gigantesque dont l&#039;explosion florale \u00e0 retenue l&#039;attention de cette grosse abeille noire\" \/>\n\t\t<meta property=\"og:url\" content=\"https:\/\/www.espacegraphique.com\/blog\/photos\/allium-giganteum-pour-une-abeille-noire-751\" \/>\n\t\t<meta property=\"article:published_time\" content=\"2011-06-03T14:58:47+00:00\" \/>\n\t\t<meta property=\"article:modified_time\" content=\"2013-12-21T08:29:48+00:00\" \/>\n\t\t<meta name=\"twitter:card\" content=\"summary\" \/>\n\t\t<meta name=\"twitter:title\" content=\"Allium giganteum pour une abeille noire | Espace Graphique\" \/>\n\t\t<meta name=\"twitter:description\" content=\"Un ail gigantesque dont l&#039;explosion florale \u00e0 retenue l&#039;attention de cette grosse abeille noire\" \/>\n\t\t<script type=\"application\/ld+json\" class=\"aioseo-schema\">\n\t\t\t{\"@context\":\"https:\\\/\\\/schema.org\",\"@graph\":[{\"@type\":\"Article\",\"@id\":\"https:\\\/\\\/www.espacegraphique.com\\\/blog\\\/photos\\\/allium-giganteum-pour-une-abeille-noire-751#article\",\"name\":\"Allium giganteum pour une abeille noire | Espace Graphique\",\"headline\":\"Allium giganteum pour une abeille noire\",\"author\":{\"@id\":\"https:\\\/\\\/www.espacegraphique.com\\\/blog\\\/author\\\/admin#author\"},\"publisher\":{\"@id\":\"https:\\\/\\\/www.espacegraphique.com\\\/blog\\\/#organization\"},\"image\":{\"@type\":\"ImageObject\",\"url\":\"https:\\\/\\\/www.espacegraphique.com\\\/blog\\\/wp-content\\\/uploads\\\/2011\\\/06\\\/allium-giganteum.jpg\",\"width\":630,\"height\":244,\"caption\":\"Allium Giganteum\"},\"datePublished\":\"2011-06-03T15:58:47+02:00\",\"dateModified\":\"2013-12-21T10:29:48+02:00\",\"inLanguage\":\"fr-FR\",\"commentCount\":2,\"mainEntityOfPage\":{\"@id\":\"https:\\\/\\\/www.espacegraphique.com\\\/blog\\\/photos\\\/allium-giganteum-pour-une-abeille-noire-751#webpage\"},\"isPartOf\":{\"@id\":\"https:\\\/\\\/www.espacegraphique.com\\\/blog\\\/photos\\\/allium-giganteum-pour-une-abeille-noire-751#webpage\"},\"articleSection\":\"Photos, abeille, fleur, insecte, noir, papillon\"},{\"@type\":\"BreadcrumbList\",\"@id\":\"https:\\\/\\\/www.espacegraphique.com\\\/blog\\\/photos\\\/allium-giganteum-pour-une-abeille-noire-751#breadcrumblist\",\"itemListElement\":[{\"@type\":\"ListItem\",\"@id\":\"https:\\\/\\\/www.espacegraphique.com\\\/blog#listItem\",\"position\":1,\"name\":\"Accueil\",\"item\":\"https:\\\/\\\/www.espacegraphique.com\\\/blog\",\"nextItem\":{\"@type\":\"ListItem\",\"@id\":\"https:\\\/\\\/www.espacegraphique.com\\\/blog\\\/planche\\\/photos#listItem\",\"name\":\"Photos\"}},{\"@type\":\"ListItem\",\"@id\":\"https:\\\/\\\/www.espacegraphique.com\\\/blog\\\/planche\\\/photos#listItem\",\"position\":2,\"name\":\"Photos\",\"item\":\"https:\\\/\\\/www.espacegraphique.com\\\/blog\\\/planche\\\/photos\",\"nextItem\":{\"@type\":\"ListItem\",\"@id\":\"https:\\\/\\\/www.espacegraphique.com\\\/blog\\\/photos\\\/allium-giganteum-pour-une-abeille-noire-751#listItem\",\"name\":\"Allium giganteum pour une abeille noire\"},\"previousItem\":{\"@type\":\"ListItem\",\"@id\":\"https:\\\/\\\/www.espacegraphique.com\\\/blog#listItem\",\"name\":\"Accueil\"}},{\"@type\":\"ListItem\",\"@id\":\"https:\\\/\\\/www.espacegraphique.com\\\/blog\\\/photos\\\/allium-giganteum-pour-une-abeille-noire-751#listItem\",\"position\":3,\"name\":\"Allium giganteum pour une abeille noire\",\"previousItem\":{\"@type\":\"ListItem\",\"@id\":\"https:\\\/\\\/www.espacegraphique.com\\\/blog\\\/planche\\\/photos#listItem\",\"name\":\"Photos\"}}]},{\"@type\":\"Organization\",\"@id\":\"https:\\\/\\\/www.espacegraphique.com\\\/blog\\\/#organization\",\"name\":\"Espace Graphique\",\"description\":\"Mon petit journal graphique\",\"url\":\"https:\\\/\\\/www.espacegraphique.com\\\/blog\\\/\"},{\"@type\":\"Person\",\"@id\":\"https:\\\/\\\/www.espacegraphique.com\\\/blog\\\/author\\\/admin#author\",\"url\":\"https:\\\/\\\/www.espacegraphique.com\\\/blog\\\/author\\\/admin\",\"name\":\"Yann\",\"image\":{\"@type\":\"ImageObject\",\"@id\":\"https:\\\/\\\/www.espacegraphique.com\\\/blog\\\/photos\\\/allium-giganteum-pour-une-abeille-noire-751#authorImage\",\"url\":\"https:\\\/\\\/secure.gravatar.com\\\/avatar\\\/05f8f89222152d60c127ff66d91f94e5ad916730aa5d5be07144ab977018dd0d?s=96&r=g\",\"width\":96,\"height\":96,\"caption\":\"Yann\"}},{\"@type\":\"WebPage\",\"@id\":\"https:\\\/\\\/www.espacegraphique.com\\\/blog\\\/photos\\\/allium-giganteum-pour-une-abeille-noire-751#webpage\",\"url\":\"https:\\\/\\\/www.espacegraphique.com\\\/blog\\\/photos\\\/allium-giganteum-pour-une-abeille-noire-751\",\"name\":\"Allium giganteum pour une abeille noire | Espace Graphique\",\"description\":\"Un ail gigantesque dont l'explosion florale \\u00e0 retenue l'attention de cette grosse abeille noire\",\"inLanguage\":\"fr-FR\",\"isPartOf\":{\"@id\":\"https:\\\/\\\/www.espacegraphique.com\\\/blog\\\/#website\"},\"breadcrumb\":{\"@id\":\"https:\\\/\\\/www.espacegraphique.com\\\/blog\\\/photos\\\/allium-giganteum-pour-une-abeille-noire-751#breadcrumblist\"},\"author\":{\"@id\":\"https:\\\/\\\/www.espacegraphique.com\\\/blog\\\/author\\\/admin#author\"},\"creator\":{\"@id\":\"https:\\\/\\\/www.espacegraphique.com\\\/blog\\\/author\\\/admin#author\"},\"image\":{\"@type\":\"ImageObject\",\"url\":\"https:\\\/\\\/www.espacegraphique.com\\\/blog\\\/wp-content\\\/uploads\\\/2011\\\/06\\\/allium-giganteum.jpg\",\"@id\":\"https:\\\/\\\/www.espacegraphique.com\\\/blog\\\/photos\\\/allium-giganteum-pour-une-abeille-noire-751\\\/#mainImage\",\"width\":630,\"height\":244,\"caption\":\"Allium Giganteum\"},\"primaryImageOfPage\":{\"@id\":\"https:\\\/\\\/www.espacegraphique.com\\\/blog\\\/photos\\\/allium-giganteum-pour-une-abeille-noire-751#mainImage\"},\"datePublished\":\"2011-06-03T15:58:47+02:00\",\"dateModified\":\"2013-12-21T10:29:48+02:00\"},{\"@type\":\"WebSite\",\"@id\":\"https:\\\/\\\/www.espacegraphique.com\\\/blog\\\/#website\",\"url\":\"https:\\\/\\\/www.espacegraphique.com\\\/blog\\\/\",\"name\":\"Espace Graphique\",\"description\":\"Mon petit journal graphique\",\"inLanguage\":\"fr-FR\",\"publisher\":{\"@id\":\"https:\\\/\\\/www.espacegraphique.com\\\/blog\\\/#organization\"}}]}\n\t\t<\/script>\n\t\t<!-- All in One SEO -->\n\n","aioseo_head_json":{"title":"Allium giganteum pour une abeille noire | Espace Graphique","description":"Un ail gigantesque dont l'explosion florale \u00e0 retenue l'attention de cette grosse abeille noire","canonical_url":"https:\/\/www.espacegraphique.com\/blog\/photos\/allium-giganteum-pour-une-abeille-noire-751","robots":"max-image-preview:large","keywords":"","webmasterTools":{"miscellaneous":""},"schema":{"@context":"https:\/\/schema.org","@graph":[{"@type":"Article","@id":"https:\/\/www.espacegraphique.com\/blog\/photos\/allium-giganteum-pour-une-abeille-noire-751#article","name":"Allium giganteum pour une abeille noire | Espace Graphique","headline":"Allium giganteum pour une abeille noire","author":{"@id":"https:\/\/www.espacegraphique.com\/blog\/author\/admin#author"},"publisher":{"@id":"https:\/\/www.espacegraphique.com\/blog\/#organization"},"image":{"@type":"ImageObject","url":"https:\/\/www.espacegraphique.com\/blog\/wp-content\/uploads\/2011\/06\/allium-giganteum.jpg","width":630,"height":244,"caption":"Allium Giganteum"},"datePublished":"2011-06-03T15:58:47+02:00","dateModified":"2013-12-21T10:29:48+02:00","inLanguage":"fr-FR","commentCount":2,"mainEntityOfPage":{"@id":"https:\/\/www.espacegraphique.com\/blog\/photos\/allium-giganteum-pour-une-abeille-noire-751#webpage"},"isPartOf":{"@id":"https:\/\/www.espacegraphique.com\/blog\/photos\/allium-giganteum-pour-une-abeille-noire-751#webpage"},"articleSection":"Photos, abeille, fleur, insecte, noir, papillon"},{"@type":"BreadcrumbList","@id":"https:\/\/www.espacegraphique.com\/blog\/photos\/allium-giganteum-pour-une-abeille-noire-751#breadcrumblist","itemListElement":[{"@type":"ListItem","@id":"https:\/\/www.espacegraphique.com\/blog#listItem","position":1,"name":"Accueil","item":"https:\/\/www.espacegraphique.com\/blog","nextItem":{"@type":"ListItem","@id":"https:\/\/www.espacegraphique.com\/blog\/planche\/photos#listItem","name":"Photos"}},{"@type":"ListItem","@id":"https:\/\/www.espacegraphique.com\/blog\/planche\/photos#listItem","position":2,"name":"Photos","item":"https:\/\/www.espacegraphique.com\/blog\/planche\/photos","nextItem":{"@type":"ListItem","@id":"https:\/\/www.espacegraphique.com\/blog\/photos\/allium-giganteum-pour-une-abeille-noire-751#listItem","name":"Allium giganteum pour une abeille noire"},"previousItem":{"@type":"ListItem","@id":"https:\/\/www.espacegraphique.com\/blog#listItem","name":"Accueil"}},{"@type":"ListItem","@id":"https:\/\/www.espacegraphique.com\/blog\/photos\/allium-giganteum-pour-une-abeille-noire-751#listItem","position":3,"name":"Allium giganteum pour une abeille noire","previousItem":{"@type":"ListItem","@id":"https:\/\/www.espacegraphique.com\/blog\/planche\/photos#listItem","name":"Photos"}}]},{"@type":"Organization","@id":"https:\/\/www.espacegraphique.com\/blog\/#organization","name":"Espace Graphique","description":"Mon petit journal graphique","url":"https:\/\/www.espacegraphique.com\/blog\/"},{"@type":"Person","@id":"https:\/\/www.espacegraphique.com\/blog\/author\/admin#author","url":"https:\/\/www.espacegraphique.com\/blog\/author\/admin","name":"Yann","image":{"@type":"ImageObject","@id":"https:\/\/www.espacegraphique.com\/blog\/photos\/allium-giganteum-pour-une-abeille-noire-751#authorImage","url":"https:\/\/secure.gravatar.com\/avatar\/05f8f89222152d60c127ff66d91f94e5ad916730aa5d5be07144ab977018dd0d?s=96&r=g","width":96,"height":96,"caption":"Yann"}},{"@type":"WebPage","@id":"https:\/\/www.espacegraphique.com\/blog\/photos\/allium-giganteum-pour-une-abeille-noire-751#webpage","url":"https:\/\/www.espacegraphique.com\/blog\/photos\/allium-giganteum-pour-une-abeille-noire-751","name":"Allium giganteum pour une abeille noire | Espace Graphique","description":"Un ail gigantesque dont l'explosion florale \u00e0 retenue l'attention de cette grosse abeille noire","inLanguage":"fr-FR","isPartOf":{"@id":"https:\/\/www.espacegraphique.com\/blog\/#website"},"breadcrumb":{"@id":"https:\/\/www.espacegraphique.com\/blog\/photos\/allium-giganteum-pour-une-abeille-noire-751#breadcrumblist"},"author":{"@id":"https:\/\/www.espacegraphique.com\/blog\/author\/admin#author"},"creator":{"@id":"https:\/\/www.espacegraphique.com\/blog\/author\/admin#author"},"image":{"@type":"ImageObject","url":"https:\/\/www.espacegraphique.com\/blog\/wp-content\/uploads\/2011\/06\/allium-giganteum.jpg","@id":"https:\/\/www.espacegraphique.com\/blog\/photos\/allium-giganteum-pour-une-abeille-noire-751\/#mainImage","width":630,"height":244,"caption":"Allium Giganteum"},"primaryImageOfPage":{"@id":"https:\/\/www.espacegraphique.com\/blog\/photos\/allium-giganteum-pour-une-abeille-noire-751#mainImage"},"datePublished":"2011-06-03T15:58:47+02:00","dateModified":"2013-12-21T10:29:48+02:00"},{"@type":"WebSite","@id":"https:\/\/www.espacegraphique.com\/blog\/#website","url":"https:\/\/www.espacegraphique.com\/blog\/","name":"Espace Graphique","description":"Mon petit journal graphique","inLanguage":"fr-FR","publisher":{"@id":"https:\/\/www.espacegraphique.com\/blog\/#organization"}}]},"og:locale":"fr_FR","og:site_name":"Espace Graphique | Mon petit journal graphique","og:type":"article","og:title":"Allium giganteum pour une abeille noire | Espace Graphique","og:description":"Un ail gigantesque dont l'explosion florale \u00e0 retenue l'attention de cette grosse abeille noire","og:url":"https:\/\/www.espacegraphique.com\/blog\/photos\/allium-giganteum-pour-une-abeille-noire-751","article:published_time":"2011-06-03T14:58:47+00:00","article:modified_time":"2013-12-21T08:29:48+00:00","twitter:card":"summary","twitter:title":"Allium giganteum pour une abeille noire | Espace Graphique","twitter:description":"Un ail gigantesque dont l'explosion florale \u00e0 retenue l'attention de cette grosse abeille noire"},"aioseo_meta_data":{"post_id":"751","title":null,"description":null,"keywords":null,"keyphrases":null,"primary_term":null,"canonical_url":null,"og_title":null,"og_description":null,"og_object_type":"default","og_image_type":"default","og_image_url":null,"og_image_width":null,"og_image_height":null,"og_image_custom_url":null,"og_image_custom_fields":null,"og_video":null,"og_custom_url":null,"og_article_section":null,"og_article_tags":null,"twitter_use_og":false,"twitter_card":"default","twitter_image_type":"default","twitter_image_url":null,"twitter_image_custom_url":null,"twitter_image_custom_fields":null,"twitter_title":null,"twitter_description":null,"schema":{"blockGraphs":[],"customGraphs":[],"default":{"data":{"Article":[],"Course":[],"Dataset":[],"FAQPage":[],"Movie":[],"Person":[],"Product":[],"ProductReview":[],"Car":[],"Recipe":[],"Service":[],"SoftwareApplication":[],"WebPage":[]},"graphName":"","isEnabled":true},"graphs":[]},"schema_type":"default","schema_type_options":null,"pillar_content":false,"robots_default":true,"robots_noindex":false,"robots_noarchive":false,"robots_nosnippet":false,"robots_nofollow":false,"robots_noimageindex":false,"robots_noodp":false,"robots_notranslate":false,"robots_max_snippet":null,"robots_max_videopreview":null,"robots_max_imagepreview":"large","priority":null,"frequency":null,"local_seo":null,"limit_modified_date":false,"created":"2022-03-30 17:20:22","updated":"2026-08-22 00:57:58","focus_keyword":null,"additional_keywords":null,"truseo_locale":null,"ai":null,"breadcrumb_settings":null,"seo_analyzer_scan_date":null},"aioseo_breadcrumb":"<div class=\"aioseo-breadcrumbs\"><span class=\"aioseo-breadcrumb\">\n\t\t\t<a href=\"https:\/\/www.espacegraphique.com\/blog\" title=\"Accueil\">Accueil<\/a>\n\t\t<\/span><span class=\"aioseo-breadcrumb-separator\">&raquo;<\/span><span class=\"aioseo-breadcrumb\">\n\t\t\t<a href=\"https:\/\/www.espacegraphique.com\/blog\/planche\/photos\" title=\"Photos\">Photos<\/a>\n\t\t<\/span><span class=\"aioseo-breadcrumb-separator\">&raquo;<\/span><span class=\"aioseo-breadcrumb\">\n\t\t\tAllium giganteum pour une abeille noire\n\t\t<\/span><\/div>","aioseo_breadcrumb_json":[{"label":"Accueil","link":"https:\/\/www.espacegraphique.com\/blog"},{"label":"Photos","link":"https:\/\/www.espacegraphique.com\/blog\/planche\/photos"},{"label":"Allium giganteum pour une abeille noire","link":"https:\/\/www.espacegraphique.com\/blog\/photos\/allium-giganteum-pour-une-abeille-noire-751"}],"_links":{"self":[{"href":"https:\/\/www.espacegraphique.com\/blog\/wp-json\/wp\/v2\/posts\/751","targetHints":{"allow":["GET"]}}],"collection":[{"href":"https:\/\/www.espacegraphique.com\/blog\/wp-json\/wp\/v2\/posts"}],"about":[{"href":"https:\/\/www.espacegraphique.com\/blog\/wp-json\/wp\/v2\/types\/post"}],"author":[{"embeddable":true,"href":"https:\/\/www.espacegraphique.com\/blog\/wp-json\/wp\/v2\/users\/1"}],"replies":[{"embeddable":true,"href":"https:\/\/www.espacegraphique.com\/blog\/wp-json\/wp\/v2\/comments?post=751"}],"version-history":[{"count":5,"href":"https:\/\/www.espacegraphique.com\/blog\/wp-json\/wp\/v2\/posts\/751\/revisions"}],"predecessor-version":[{"id":2439,"href":"https:\/\/www.espacegraphique.com\/blog\/wp-json\/wp\/v2\/posts\/751\/revisions\/2439"}],"wp:featuredmedia":[{"embeddable":true,"href":"https:\/\/www.espacegraphique.com\/blog\/wp-json\/wp\/v2\/media\/752"}],"wp:attachment":[{"href":"https:\/\/www.espacegraphique.com\/blog\/wp-json\/wp\/v2\/media?parent=751"}],"wp:term":[{"taxonomy":"category","embeddable":true,"href":"https:\/\/www.espacegraphique.com\/blog\/wp-json\/wp\/v2\/categories?post=751"},{"taxonomy":"post_tag","embeddable":true,"href":"https:\/\/www.espacegraphique.com\/blog\/wp-json\/wp\/v2\/tags?post=751"}],"curies":[{"name":"wp","href":"https:\/\/api.w.org\/{rel}","templated":true}]}}