{"id":846,"date":"2011-07-15T11:09:29","date_gmt":"2011-07-15T10:09:29","guid":{"rendered":"http:\/\/www.espacegraphique.com\/blog\/?p=846"},"modified":"2013-12-20T14:10:37","modified_gmt":"2013-12-20T12:10:37","slug":"aquarelle-du-pavot-somnifere","status":"publish","type":"post","link":"https:\/\/www.espacegraphique.com\/blog\/carton\/aquarelles\/aquarelle-du-pavot-somnifere-846","title":{"rendered":"Aquarelle du pavot somnif\u00e8re"},"content":{"rendered":"<p>C&rsquo;est \u00e0 ma grande surprise que le nom de\u00a0 <a href=\"https:\/\/www.espacegraphique.com\/blog\/photos\/plantes-carnivores-piegees-820\">N\u00e9penthes<\/a> est utilis\u00e9 pour d\u00e9crire le Pavot dans l&rsquo;<a href=\"http:\/\/mieux-se-connaitre.com\/?p=1924\">Odyss\u00e9e<\/a>. Il est vrai que pour un moustique l&rsquo;exploration de l&rsquo;urne\u00a0 du N\u00e9penthes se traduit sans doute par une trag\u00e9die similaire aux mammif\u00e8res qui tenteraient de consommer les fruits du pavot.<\/p>\n<p>Je parle du fruit et pas des graines, vu que c&rsquo;est le fruit du pavot qui \u00ab\u00a0pleure\u00a0\u00bb du latex comme le ferait votre ficus d&rsquo;appartement, un pissenlit et je ne sais trop quoi d&rsquo;autre encore \ud83d\ude42<\/p>\n<p>J&rsquo;ai donc soulev\u00e9 une grosse documentation pour constituer ma nouvelle rubrique sur les <a href=\"https:\/\/www.espacegraphique.com\/papaveracees\/papaver.php\">Papaverac\u00e9es<\/a>.\u00a0 Le vrai probl\u00e8me \u00e9tait pour moi de faire une aquarelle \u00e0 partir d&rsquo;une plante qui ne garde pas ses p\u00e9tales longtemps apr\u00e8s la coupe, c&rsquo;est une fleur qui n&rsquo;a pas sa place chez le fleuriste, sauf de superbes reproductions en tergal.<\/p>\n<p><strong>Pour ma part j&rsquo;ai pr\u00e9f\u00e9r\u00e9 un agrandissement d&rsquo;une photo d&rsquo;un pavot somnif\u00e8re comme base, c&rsquo;est moins agr\u00e9able, mais bien plus stable.<\/strong><\/p>\n<p>Je n&rsquo;ai pas r\u00e9sist\u00e9 \u00e0 rechercher ensuite sur le blog d&rsquo;aquarelles de Claire Felloni une <a href=\"http:\/\/www.aquarelle-bota-clairefelloni.com\/article-17937598.html\">aquarelle sur le pavot<\/a>, j&rsquo;ai constat\u00e9 une fois de plus mon manque de pr\u00e9cision dans les d\u00e9tails.<\/p>\n<p>C&rsquo;est un m\u00e9tier, je dois rester modeste.<\/p>\n<p>Je terminerais sur la description de la couleur du pavot somnif\u00e8re, dans certains livres il est blanc, dans d&rsquo;autres il est lilas. Je ne trancherais pas la question, il y a sans doute des variations.<\/p>\n","protected":false},"excerpt":{"rendered":"<p>C&rsquo;est \u00e0 ma grande surprise que le nom de  N\u00e9penthes est utilis\u00e9 pour d\u00e9crire le Pavot dans l&rsquo;Odyss\u00e9e<\/p>\n","protected":false},"author":1,"featured_media":847,"comment_status":"open","ping_status":"open","sticky":false,"template":"","format":"standard","meta":{"footnotes":""},"categories":[3],"tags":[33,8,97,176,84],"class_list":["post-846","post","type-post","status-publish","format-standard","has-post-thumbnail","hentry","category-aquarelles","tag-aquarelle","tag-couleur","tag-fleuriste","tag-fruit","tag-lilas"],"aioseo_notices":[],"_links":{"self":[{"href":"https:\/\/www.espacegraphique.com\/blog\/wp-json\/wp\/v2\/posts\/846","targetHints":{"allow":["GET"]}}],"collection":[{"href":"https:\/\/www.espacegraphique.com\/blog\/wp-json\/wp\/v2\/posts"}],"about":[{"href":"https:\/\/www.espacegraphique.com\/blog\/wp-json\/wp\/v2\/types\/post"}],"author":[{"embeddable":true,"href":"https:\/\/www.espacegraphique.com\/blog\/wp-json\/wp\/v2\/users\/1"}],"replies":[{"embeddable":true,"href":"https:\/\/www.espacegraphique.com\/blog\/wp-json\/wp\/v2\/comments?post=846"}],"version-history":[{"count":4,"href":"https:\/\/www.espacegraphique.com\/blog\/wp-json\/wp\/v2\/posts\/846\/revisions"}],"predecessor-version":[{"id":849,"href":"https:\/\/www.espacegraphique.com\/blog\/wp-json\/wp\/v2\/posts\/846\/revisions\/849"}],"wp:featuredmedia":[{"embeddable":true,"href":"https:\/\/www.espacegraphique.com\/blog\/wp-json\/wp\/v2\/media\/847"}],"wp:attachment":[{"href":"https:\/\/www.espacegraphique.com\/blog\/wp-json\/wp\/v2\/media?parent=846"}],"wp:term":[{"taxonomy":"category","embeddable":true,"href":"https:\/\/www.espacegraphique.com\/blog\/wp-json\/wp\/v2\/categories?post=846"},{"taxonomy":"post_tag","embeddable":true,"href":"https:\/\/www.espacegraphique.com\/blog\/wp-json\/wp\/v2\/tags?post=846"}],"curies":[{"name":"wp","href":"https:\/\/api.w.org\/{rel}","templated":true}]}}