{"id":89,"date":"2010-01-21T19:35:16","date_gmt":"2010-01-21T18:35:16","guid":{"rendered":"http:\/\/www.espacegraphique.com\/blog\/?p=89"},"modified":"2014-01-10T14:36:49","modified_gmt":"2014-01-10T12:36:49","slug":"integration-insecte-decor-acrylique","status":"publish","type":"post","link":"https:\/\/www.espacegraphique.com\/blog\/carton\/aquarelles\/integration-insecte-decor-acrylique-89","title":{"rendered":"Int\u00e9gration de l&rsquo;insecte dans le d\u00e9cor acrylique"},"content":{"rendered":"<figure id=\"attachment_90\" aria-describedby=\"caption-attachment-90\" style=\"width: 300px\" class=\"wp-caption aligncenter\"><a href=\"https:\/\/www.espacegraphique.com\/blog\/aquarelles\/integration-insecte-decor-acrylique-89\/attachment\/sans-effets\" rel=\"attachment wp-att-90\"><img loading=\"lazy\" decoding=\"async\" class=\"size-medium wp-image-90\" title=\"Int\u00e9ration de l'insecte sur le d\u00e9cor\" alt=\"Mise en place des calques dans Photoshop\" src=\"https:\/\/www.espacegraphique.com\/blog\/wp-content\/uploads\/2010\/01\/sans-effets-300x200.jpg\" width=\"300\" height=\"200\" srcset=\"https:\/\/www.espacegraphique.com\/blog\/wp-content\/uploads\/2010\/01\/sans-effets-300x200.jpg 300w, https:\/\/www.espacegraphique.com\/blog\/wp-content\/uploads\/2010\/01\/sans-effets-1024x685.jpg 1024w, https:\/\/www.espacegraphique.com\/blog\/wp-content\/uploads\/2010\/01\/sans-effets.jpg 2041w\" sizes=\"auto, (max-width: 300px) 100vw, 300px\" \/><\/a><figcaption id=\"caption-attachment-90\" class=\"wp-caption-text\">Mise en place des calques dans Photoshop<\/figcaption><\/figure>\n<p>Apr\u00e8s avoir scann\u00e9 le d\u00e9cor r\u00e9alis\u00e9 \u00e0 l&rsquo;acrylique, d\u00e9tour\u00e9 l&rsquo;insecte avec la baguette magique (40%), je peux enfin organiser mes calques sur Photoshop.<\/p>\n<p>J&rsquo;ai int\u00e9gr\u00e9 les ailes avec des calques semi-transparents, plac\u00e9 quelques ombres propres sur l&rsquo;insecte.<\/p>\n<p>A ce stade la composition n&rsquo;est pas encore bien \u00e9quilibr\u00e9e, il faut orienter le regard le centre de l&rsquo;action.<\/p>\n<p>Alors je vais commencer \u00e0 masquer des zones, r\u00e9aliser des voiles color\u00e9s sur mon d\u00e9cor pour focaliser et cr\u00e9er une ambiance plus dense.<\/p>\n","protected":false},"excerpt":{"rendered":"<p>Apr\u00e8s avoir scann\u00e9 le d\u00e9cor r\u00e9alis\u00e9 \u00e0 l&rsquo;acrylique, d\u00e9tour\u00e9 l&rsquo;insecte avec la baguette magique (40%), je peux enfin organiser mes calques sur Photoshop.<\/p>\n","protected":false},"author":1,"featured_media":116,"comment_status":"open","ping_status":"open","sticky":false,"template":"","format":"standard","meta":{"footnotes":""},"categories":[3,21],"tags":[22,26,24,23,25],"class_list":["post-89","post","type-post","status-publish","format-standard","has-post-thumbnail","hentry","category-aquarelles","category-decors","tag-acrylique","tag-composition","tag-decor","tag-insecte","tag-integration"],"aioseo_notices":[],"aioseo_head":"\n\t\t<!-- All in One SEO 5.0.0.1 - aioseo.com -->\n\t<meta name=\"description\" content=\"Apr\u00e8s avoir scann\u00e9 le d\u00e9cor r\u00e9alis\u00e9 \u00e0 l&#039;acrylique, d\u00e9tour\u00e9 l&#039;insecte avec la baguette magique (40%), je peux enfin organiser mes calques sur Photoshop.\" \/>\n\t<meta name=\"robots\" content=\"max-image-preview:large\" \/>\n\t<meta name=\"author\" content=\"Yann\"\/>\n\t<link rel=\"canonical\" href=\"https:\/\/www.espacegraphique.com\/blog\/carton\/aquarelles\/integration-insecte-decor-acrylique-89\" \/>\n\t<meta name=\"generator\" content=\"All in One SEO (AIOSEO) 5.0.0.1\" \/>\n\t\t<meta property=\"og:locale\" content=\"fr_FR\" \/>\n\t\t<meta property=\"og:site_name\" content=\"Espace Graphique | Mon petit journal graphique\" \/>\n\t\t<meta property=\"og:type\" content=\"article\" \/>\n\t\t<meta property=\"og:title\" content=\"Int\u00e9gration de l&#039;insecte dans le d\u00e9cor acrylique | Espace Graphique\" \/>\n\t\t<meta property=\"og:description\" content=\"Apr\u00e8s avoir scann\u00e9 le d\u00e9cor r\u00e9alis\u00e9 \u00e0 l&#039;acrylique, d\u00e9tour\u00e9 l&#039;insecte avec la baguette magique (40%), je peux enfin organiser mes calques sur Photoshop.\" \/>\n\t\t<meta property=\"og:url\" content=\"https:\/\/www.espacegraphique.com\/blog\/carton\/aquarelles\/integration-insecte-decor-acrylique-89\" \/>\n\t\t<meta property=\"article:published_time\" content=\"2010-01-21T18:35:16+00:00\" \/>\n\t\t<meta property=\"article:modified_time\" content=\"2014-01-10T12:36:49+00:00\" \/>\n\t\t<meta name=\"twitter:card\" content=\"summary\" \/>\n\t\t<meta name=\"twitter:title\" content=\"Int\u00e9gration de l&#039;insecte dans le d\u00e9cor acrylique | Espace Graphique\" \/>\n\t\t<meta name=\"twitter:description\" content=\"Apr\u00e8s avoir scann\u00e9 le d\u00e9cor r\u00e9alis\u00e9 \u00e0 l&#039;acrylique, d\u00e9tour\u00e9 l&#039;insecte avec la baguette magique (40%), je peux enfin organiser mes calques sur Photoshop.\" \/>\n\t\t<script type=\"application\/ld+json\" class=\"aioseo-schema\">\n\t\t\t{\"@context\":\"https:\\\/\\\/schema.org\",\"@graph\":[{\"@type\":\"Article\",\"@id\":\"https:\\\/\\\/www.espacegraphique.com\\\/blog\\\/carton\\\/aquarelles\\\/integration-insecte-decor-acrylique-89#article\",\"name\":\"Int\\u00e9gration de l'insecte dans le d\\u00e9cor acrylique | Espace Graphique\",\"headline\":\"Int\\u00e9gration de l&rsquo;insecte dans le d\\u00e9cor acrylique\",\"author\":{\"@id\":\"https:\\\/\\\/www.espacegraphique.com\\\/blog\\\/author\\\/admin#author\"},\"publisher\":{\"@id\":\"https:\\\/\\\/www.espacegraphique.com\\\/blog\\\/#organization\"},\"image\":{\"@type\":\"ImageObject\",\"url\":\"https:\\\/\\\/www.espacegraphique.com\\\/blog\\\/wp-content\\\/uploads\\\/2010\\\/02\\\/fond-ruche-c.jpg\",\"width\":2041,\"height\":1366,\"caption\":\"Mise en place d'un plan de champignons\"},\"datePublished\":\"2010-01-21T19:35:16+02:00\",\"dateModified\":\"2014-01-10T14:36:49+02:00\",\"inLanguage\":\"fr-FR\",\"mainEntityOfPage\":{\"@id\":\"https:\\\/\\\/www.espacegraphique.com\\\/blog\\\/carton\\\/aquarelles\\\/integration-insecte-decor-acrylique-89#webpage\"},\"isPartOf\":{\"@id\":\"https:\\\/\\\/www.espacegraphique.com\\\/blog\\\/carton\\\/aquarelles\\\/integration-insecte-decor-acrylique-89#webpage\"},\"articleSection\":\"Aquarelles, D\\u00e9cors, acrylique, composition, d\\u00e9cor, insecte, int\\u00e9gration\"},{\"@type\":\"BreadcrumbList\",\"@id\":\"https:\\\/\\\/www.espacegraphique.com\\\/blog\\\/carton\\\/aquarelles\\\/integration-insecte-decor-acrylique-89#breadcrumblist\",\"itemListElement\":[{\"@type\":\"ListItem\",\"@id\":\"https:\\\/\\\/www.espacegraphique.com\\\/blog#listItem\",\"position\":1,\"name\":\"Accueil\",\"item\":\"https:\\\/\\\/www.espacegraphique.com\\\/blog\",\"nextItem\":{\"@type\":\"ListItem\",\"@id\":\"https:\\\/\\\/www.espacegraphique.com\\\/blog\\\/planche\\\/carton#listItem\",\"name\":\"Carton \\u00e0 dessin\"}},{\"@type\":\"ListItem\",\"@id\":\"https:\\\/\\\/www.espacegraphique.com\\\/blog\\\/planche\\\/carton#listItem\",\"position\":2,\"name\":\"Carton \\u00e0 dessin\",\"item\":\"https:\\\/\\\/www.espacegraphique.com\\\/blog\\\/planche\\\/carton\",\"nextItem\":{\"@type\":\"ListItem\",\"@id\":\"https:\\\/\\\/www.espacegraphique.com\\\/blog\\\/planche\\\/carton\\\/aquarelles#listItem\",\"name\":\"Aquarelles\"},\"previousItem\":{\"@type\":\"ListItem\",\"@id\":\"https:\\\/\\\/www.espacegraphique.com\\\/blog#listItem\",\"name\":\"Accueil\"}},{\"@type\":\"ListItem\",\"@id\":\"https:\\\/\\\/www.espacegraphique.com\\\/blog\\\/planche\\\/carton\\\/aquarelles#listItem\",\"position\":3,\"name\":\"Aquarelles\",\"item\":\"https:\\\/\\\/www.espacegraphique.com\\\/blog\\\/planche\\\/carton\\\/aquarelles\",\"nextItem\":{\"@type\":\"ListItem\",\"@id\":\"https:\\\/\\\/www.espacegraphique.com\\\/blog\\\/carton\\\/aquarelles\\\/integration-insecte-decor-acrylique-89#listItem\",\"name\":\"Int\\u00e9gration de l&rsquo;insecte dans le d\\u00e9cor acrylique\"},\"previousItem\":{\"@type\":\"ListItem\",\"@id\":\"https:\\\/\\\/www.espacegraphique.com\\\/blog\\\/planche\\\/carton#listItem\",\"name\":\"Carton \\u00e0 dessin\"}},{\"@type\":\"ListItem\",\"@id\":\"https:\\\/\\\/www.espacegraphique.com\\\/blog\\\/carton\\\/aquarelles\\\/integration-insecte-decor-acrylique-89#listItem\",\"position\":4,\"name\":\"Int\\u00e9gration de l&rsquo;insecte dans le d\\u00e9cor acrylique\",\"previousItem\":{\"@type\":\"ListItem\",\"@id\":\"https:\\\/\\\/www.espacegraphique.com\\\/blog\\\/planche\\\/carton\\\/aquarelles#listItem\",\"name\":\"Aquarelles\"}}]},{\"@type\":\"Organization\",\"@id\":\"https:\\\/\\\/www.espacegraphique.com\\\/blog\\\/#organization\",\"name\":\"Espace Graphique\",\"description\":\"Mon petit journal graphique\",\"url\":\"https:\\\/\\\/www.espacegraphique.com\\\/blog\\\/\"},{\"@type\":\"Person\",\"@id\":\"https:\\\/\\\/www.espacegraphique.com\\\/blog\\\/author\\\/admin#author\",\"url\":\"https:\\\/\\\/www.espacegraphique.com\\\/blog\\\/author\\\/admin\",\"name\":\"Yann\",\"image\":{\"@type\":\"ImageObject\",\"@id\":\"https:\\\/\\\/www.espacegraphique.com\\\/blog\\\/carton\\\/aquarelles\\\/integration-insecte-decor-acrylique-89#authorImage\",\"url\":\"https:\\\/\\\/secure.gravatar.com\\\/avatar\\\/05f8f89222152d60c127ff66d91f94e5ad916730aa5d5be07144ab977018dd0d?s=96&r=g\",\"width\":96,\"height\":96,\"caption\":\"Yann\"}},{\"@type\":\"WebPage\",\"@id\":\"https:\\\/\\\/www.espacegraphique.com\\\/blog\\\/carton\\\/aquarelles\\\/integration-insecte-decor-acrylique-89#webpage\",\"url\":\"https:\\\/\\\/www.espacegraphique.com\\\/blog\\\/carton\\\/aquarelles\\\/integration-insecte-decor-acrylique-89\",\"name\":\"Int\\u00e9gration de l'insecte dans le d\\u00e9cor acrylique | Espace Graphique\",\"description\":\"Apr\\u00e8s avoir scann\\u00e9 le d\\u00e9cor r\\u00e9alis\\u00e9 \\u00e0 l'acrylique, d\\u00e9tour\\u00e9 l'insecte avec la baguette magique (40%), je peux enfin organiser mes calques sur Photoshop.\",\"inLanguage\":\"fr-FR\",\"isPartOf\":{\"@id\":\"https:\\\/\\\/www.espacegraphique.com\\\/blog\\\/#website\"},\"breadcrumb\":{\"@id\":\"https:\\\/\\\/www.espacegraphique.com\\\/blog\\\/carton\\\/aquarelles\\\/integration-insecte-decor-acrylique-89#breadcrumblist\"},\"author\":{\"@id\":\"https:\\\/\\\/www.espacegraphique.com\\\/blog\\\/author\\\/admin#author\"},\"creator\":{\"@id\":\"https:\\\/\\\/www.espacegraphique.com\\\/blog\\\/author\\\/admin#author\"},\"image\":{\"@type\":\"ImageObject\",\"url\":\"https:\\\/\\\/www.espacegraphique.com\\\/blog\\\/wp-content\\\/uploads\\\/2010\\\/02\\\/fond-ruche-c.jpg\",\"@id\":\"https:\\\/\\\/www.espacegraphique.com\\\/blog\\\/carton\\\/aquarelles\\\/integration-insecte-decor-acrylique-89\\\/#mainImage\",\"width\":2041,\"height\":1366,\"caption\":\"Mise en place d'un plan de champignons\"},\"primaryImageOfPage\":{\"@id\":\"https:\\\/\\\/www.espacegraphique.com\\\/blog\\\/carton\\\/aquarelles\\\/integration-insecte-decor-acrylique-89#mainImage\"},\"datePublished\":\"2010-01-21T19:35:16+02:00\",\"dateModified\":\"2014-01-10T14:36:49+02:00\"},{\"@type\":\"WebSite\",\"@id\":\"https:\\\/\\\/www.espacegraphique.com\\\/blog\\\/#website\",\"url\":\"https:\\\/\\\/www.espacegraphique.com\\\/blog\\\/\",\"name\":\"Espace Graphique\",\"description\":\"Mon petit journal graphique\",\"inLanguage\":\"fr-FR\",\"publisher\":{\"@id\":\"https:\\\/\\\/www.espacegraphique.com\\\/blog\\\/#organization\"}}]}\n\t\t<\/script>\n\t\t<!-- All in One SEO -->\n\n","aioseo_head_json":{"title":"Int\u00e9gration de l'insecte dans le d\u00e9cor acrylique | Espace Graphique","description":"Apr\u00e8s avoir scann\u00e9 le d\u00e9cor r\u00e9alis\u00e9 \u00e0 l'acrylique, d\u00e9tour\u00e9 l'insecte avec la baguette magique (40%), je peux enfin organiser mes calques sur Photoshop.","canonical_url":"https:\/\/www.espacegraphique.com\/blog\/carton\/aquarelles\/integration-insecte-decor-acrylique-89","robots":"max-image-preview:large","keywords":"","webmasterTools":{"miscellaneous":""},"schema":{"@context":"https:\/\/schema.org","@graph":[{"@type":"Article","@id":"https:\/\/www.espacegraphique.com\/blog\/carton\/aquarelles\/integration-insecte-decor-acrylique-89#article","name":"Int\u00e9gration de l'insecte dans le d\u00e9cor acrylique | Espace Graphique","headline":"Int\u00e9gration de l&rsquo;insecte dans le d\u00e9cor acrylique","author":{"@id":"https:\/\/www.espacegraphique.com\/blog\/author\/admin#author"},"publisher":{"@id":"https:\/\/www.espacegraphique.com\/blog\/#organization"},"image":{"@type":"ImageObject","url":"https:\/\/www.espacegraphique.com\/blog\/wp-content\/uploads\/2010\/02\/fond-ruche-c.jpg","width":2041,"height":1366,"caption":"Mise en place d'un plan de champignons"},"datePublished":"2010-01-21T19:35:16+02:00","dateModified":"2014-01-10T14:36:49+02:00","inLanguage":"fr-FR","mainEntityOfPage":{"@id":"https:\/\/www.espacegraphique.com\/blog\/carton\/aquarelles\/integration-insecte-decor-acrylique-89#webpage"},"isPartOf":{"@id":"https:\/\/www.espacegraphique.com\/blog\/carton\/aquarelles\/integration-insecte-decor-acrylique-89#webpage"},"articleSection":"Aquarelles, D\u00e9cors, acrylique, composition, d\u00e9cor, insecte, int\u00e9gration"},{"@type":"BreadcrumbList","@id":"https:\/\/www.espacegraphique.com\/blog\/carton\/aquarelles\/integration-insecte-decor-acrylique-89#breadcrumblist","itemListElement":[{"@type":"ListItem","@id":"https:\/\/www.espacegraphique.com\/blog#listItem","position":1,"name":"Accueil","item":"https:\/\/www.espacegraphique.com\/blog","nextItem":{"@type":"ListItem","@id":"https:\/\/www.espacegraphique.com\/blog\/planche\/carton#listItem","name":"Carton \u00e0 dessin"}},{"@type":"ListItem","@id":"https:\/\/www.espacegraphique.com\/blog\/planche\/carton#listItem","position":2,"name":"Carton \u00e0 dessin","item":"https:\/\/www.espacegraphique.com\/blog\/planche\/carton","nextItem":{"@type":"ListItem","@id":"https:\/\/www.espacegraphique.com\/blog\/planche\/carton\/aquarelles#listItem","name":"Aquarelles"},"previousItem":{"@type":"ListItem","@id":"https:\/\/www.espacegraphique.com\/blog#listItem","name":"Accueil"}},{"@type":"ListItem","@id":"https:\/\/www.espacegraphique.com\/blog\/planche\/carton\/aquarelles#listItem","position":3,"name":"Aquarelles","item":"https:\/\/www.espacegraphique.com\/blog\/planche\/carton\/aquarelles","nextItem":{"@type":"ListItem","@id":"https:\/\/www.espacegraphique.com\/blog\/carton\/aquarelles\/integration-insecte-decor-acrylique-89#listItem","name":"Int\u00e9gration de l&rsquo;insecte dans le d\u00e9cor acrylique"},"previousItem":{"@type":"ListItem","@id":"https:\/\/www.espacegraphique.com\/blog\/planche\/carton#listItem","name":"Carton \u00e0 dessin"}},{"@type":"ListItem","@id":"https:\/\/www.espacegraphique.com\/blog\/carton\/aquarelles\/integration-insecte-decor-acrylique-89#listItem","position":4,"name":"Int\u00e9gration de l&rsquo;insecte dans le d\u00e9cor acrylique","previousItem":{"@type":"ListItem","@id":"https:\/\/www.espacegraphique.com\/blog\/planche\/carton\/aquarelles#listItem","name":"Aquarelles"}}]},{"@type":"Organization","@id":"https:\/\/www.espacegraphique.com\/blog\/#organization","name":"Espace Graphique","description":"Mon petit journal graphique","url":"https:\/\/www.espacegraphique.com\/blog\/"},{"@type":"Person","@id":"https:\/\/www.espacegraphique.com\/blog\/author\/admin#author","url":"https:\/\/www.espacegraphique.com\/blog\/author\/admin","name":"Yann","image":{"@type":"ImageObject","@id":"https:\/\/www.espacegraphique.com\/blog\/carton\/aquarelles\/integration-insecte-decor-acrylique-89#authorImage","url":"https:\/\/secure.gravatar.com\/avatar\/05f8f89222152d60c127ff66d91f94e5ad916730aa5d5be07144ab977018dd0d?s=96&r=g","width":96,"height":96,"caption":"Yann"}},{"@type":"WebPage","@id":"https:\/\/www.espacegraphique.com\/blog\/carton\/aquarelles\/integration-insecte-decor-acrylique-89#webpage","url":"https:\/\/www.espacegraphique.com\/blog\/carton\/aquarelles\/integration-insecte-decor-acrylique-89","name":"Int\u00e9gration de l'insecte dans le d\u00e9cor acrylique | Espace Graphique","description":"Apr\u00e8s avoir scann\u00e9 le d\u00e9cor r\u00e9alis\u00e9 \u00e0 l'acrylique, d\u00e9tour\u00e9 l'insecte avec la baguette magique (40%), je peux enfin organiser mes calques sur Photoshop.","inLanguage":"fr-FR","isPartOf":{"@id":"https:\/\/www.espacegraphique.com\/blog\/#website"},"breadcrumb":{"@id":"https:\/\/www.espacegraphique.com\/blog\/carton\/aquarelles\/integration-insecte-decor-acrylique-89#breadcrumblist"},"author":{"@id":"https:\/\/www.espacegraphique.com\/blog\/author\/admin#author"},"creator":{"@id":"https:\/\/www.espacegraphique.com\/blog\/author\/admin#author"},"image":{"@type":"ImageObject","url":"https:\/\/www.espacegraphique.com\/blog\/wp-content\/uploads\/2010\/02\/fond-ruche-c.jpg","@id":"https:\/\/www.espacegraphique.com\/blog\/carton\/aquarelles\/integration-insecte-decor-acrylique-89\/#mainImage","width":2041,"height":1366,"caption":"Mise en place d'un plan de champignons"},"primaryImageOfPage":{"@id":"https:\/\/www.espacegraphique.com\/blog\/carton\/aquarelles\/integration-insecte-decor-acrylique-89#mainImage"},"datePublished":"2010-01-21T19:35:16+02:00","dateModified":"2014-01-10T14:36:49+02:00"},{"@type":"WebSite","@id":"https:\/\/www.espacegraphique.com\/blog\/#website","url":"https:\/\/www.espacegraphique.com\/blog\/","name":"Espace Graphique","description":"Mon petit journal graphique","inLanguage":"fr-FR","publisher":{"@id":"https:\/\/www.espacegraphique.com\/blog\/#organization"}}]},"og:locale":"fr_FR","og:site_name":"Espace Graphique | Mon petit journal graphique","og:type":"article","og:title":"Int\u00e9gration de l'insecte dans le d\u00e9cor acrylique | Espace Graphique","og:description":"Apr\u00e8s avoir scann\u00e9 le d\u00e9cor r\u00e9alis\u00e9 \u00e0 l'acrylique, d\u00e9tour\u00e9 l'insecte avec la baguette magique (40%), je peux enfin organiser mes calques sur Photoshop.","og:url":"https:\/\/www.espacegraphique.com\/blog\/carton\/aquarelles\/integration-insecte-decor-acrylique-89","article:published_time":"2010-01-21T18:35:16+00:00","article:modified_time":"2014-01-10T12:36:49+00:00","twitter:card":"summary","twitter:title":"Int\u00e9gration de l'insecte dans le d\u00e9cor acrylique | Espace Graphique","twitter:description":"Apr\u00e8s avoir scann\u00e9 le d\u00e9cor r\u00e9alis\u00e9 \u00e0 l'acrylique, d\u00e9tour\u00e9 l'insecte avec la baguette magique (40%), je peux enfin organiser mes calques sur Photoshop."},"aioseo_meta_data":{"post_id":"89","title":"Int\u00e9gration de l'insecte dans le d\u00e9cor acrylique | #site_title","description":"Apr\u00e8s avoir scann\u00e9 le d\u00e9cor r\u00e9alis\u00e9 \u00e0 l'acrylique, d\u00e9tour\u00e9 l'insecte avec la baguette magique (40%), je peux enfin organiser mes calques sur Photoshop.","keywords":[{"label":"Int\u00e9gration","value":"Int\u00e9gration"},{"label":"insecte","value":"insecte"},{"label":"d\u00e9cor","value":"d\u00e9cor"},{"label":"acrylique","value":"acrylique"}],"keyphrases":null,"primary_term":null,"canonical_url":null,"og_title":null,"og_description":null,"og_object_type":"default","og_image_type":"default","og_image_url":null,"og_image_width":null,"og_image_height":null,"og_image_custom_url":null,"og_image_custom_fields":null,"og_video":null,"og_custom_url":null,"og_article_section":null,"og_article_tags":null,"twitter_use_og":false,"twitter_card":"default","twitter_image_type":"default","twitter_image_url":null,"twitter_image_custom_url":null,"twitter_image_custom_fields":null,"twitter_title":null,"twitter_description":null,"schema":{"blockGraphs":[],"customGraphs":[],"default":{"data":{"Article":[],"Course":[],"Dataset":[],"FAQPage":[],"Movie":[],"Person":[],"Product":[],"ProductReview":[],"Car":[],"Recipe":[],"Service":[],"SoftwareApplication":[],"WebPage":[]},"graphName":"","isEnabled":true},"graphs":[]},"schema_type":"default","schema_type_options":null,"pillar_content":false,"robots_default":true,"robots_noindex":false,"robots_noarchive":false,"robots_nosnippet":false,"robots_nofollow":false,"robots_noimageindex":false,"robots_noodp":false,"robots_notranslate":false,"robots_max_snippet":null,"robots_max_videopreview":null,"robots_max_imagepreview":"large","priority":null,"frequency":null,"local_seo":null,"limit_modified_date":false,"created":"2022-03-30 17:24:28","updated":"2026-08-22 00:42:14","focus_keyword":null,"additional_keywords":null,"truseo_locale":null,"ai":null,"breadcrumb_settings":null,"seo_analyzer_scan_date":null},"aioseo_breadcrumb":"<div class=\"aioseo-breadcrumbs\"><span class=\"aioseo-breadcrumb\">\n\t\t\t<a href=\"https:\/\/www.espacegraphique.com\/blog\" title=\"Accueil\">Accueil<\/a>\n\t\t<\/span><span class=\"aioseo-breadcrumb-separator\">&raquo;<\/span><span class=\"aioseo-breadcrumb\">\n\t\t\t<a href=\"https:\/\/www.espacegraphique.com\/blog\/planche\/carton\" title=\"Carton \u00e0 dessin\">Carton \u00e0 dessin<\/a>\n\t\t<\/span><span class=\"aioseo-breadcrumb-separator\">&raquo;<\/span><span class=\"aioseo-breadcrumb\">\n\t\t\t<a href=\"https:\/\/www.espacegraphique.com\/blog\/planche\/carton\/aquarelles\" title=\"Aquarelles\">Aquarelles<\/a>\n\t\t<\/span><span class=\"aioseo-breadcrumb-separator\">&raquo;<\/span><span class=\"aioseo-breadcrumb\">\n\t\t\tInt\u00e9gration de l\u2019insecte dans le d\u00e9cor acrylique\n\t\t<\/span><\/div>","aioseo_breadcrumb_json":[{"label":"Accueil","link":"https:\/\/www.espacegraphique.com\/blog"},{"label":"Carton \u00e0 dessin","link":"https:\/\/www.espacegraphique.com\/blog\/planche\/carton"},{"label":"Aquarelles","link":"https:\/\/www.espacegraphique.com\/blog\/planche\/carton\/aquarelles"},{"label":"Int\u00e9gration de l&rsquo;insecte dans le d\u00e9cor acrylique","link":"https:\/\/www.espacegraphique.com\/blog\/carton\/aquarelles\/integration-insecte-decor-acrylique-89"}],"_links":{"self":[{"href":"https:\/\/www.espacegraphique.com\/blog\/wp-json\/wp\/v2\/posts\/89","targetHints":{"allow":["GET"]}}],"collection":[{"href":"https:\/\/www.espacegraphique.com\/blog\/wp-json\/wp\/v2\/posts"}],"about":[{"href":"https:\/\/www.espacegraphique.com\/blog\/wp-json\/wp\/v2\/types\/post"}],"author":[{"embeddable":true,"href":"https:\/\/www.espacegraphique.com\/blog\/wp-json\/wp\/v2\/users\/1"}],"replies":[{"embeddable":true,"href":"https:\/\/www.espacegraphique.com\/blog\/wp-json\/wp\/v2\/comments?post=89"}],"version-history":[{"count":8,"href":"https:\/\/www.espacegraphique.com\/blog\/wp-json\/wp\/v2\/posts\/89\/revisions"}],"predecessor-version":[{"id":2531,"href":"https:\/\/www.espacegraphique.com\/blog\/wp-json\/wp\/v2\/posts\/89\/revisions\/2531"}],"wp:featuredmedia":[{"embeddable":true,"href":"https:\/\/www.espacegraphique.com\/blog\/wp-json\/wp\/v2\/media\/116"}],"wp:attachment":[{"href":"https:\/\/www.espacegraphique.com\/blog\/wp-json\/wp\/v2\/media?parent=89"}],"wp:term":[{"taxonomy":"category","embeddable":true,"href":"https:\/\/www.espacegraphique.com\/blog\/wp-json\/wp\/v2\/categories?post=89"},{"taxonomy":"post_tag","embeddable":true,"href":"https:\/\/www.espacegraphique.com\/blog\/wp-json\/wp\/v2\/tags?post=89"}],"curies":[{"name":"wp","href":"https:\/\/api.w.org\/{rel}","templated":true}]}}