{"id":929,"date":"2011-09-21T18:40:59","date_gmt":"2011-09-21T17:40:59","guid":{"rendered":"http:\/\/www.espacegraphique.com\/blog\/?p=929"},"modified":"2013-12-19T21:29:16","modified_gmt":"2013-12-19T19:29:16","slug":"le-secret-de-ledelweiss","status":"publish","type":"post","link":"https:\/\/www.espacegraphique.com\/blog\/photos\/le-secret-de-ledelweiss-929","title":{"rendered":"Le secret de l&rsquo;Edelweiss"},"content":{"rendered":"<p>Ce bouquet d&rsquo;Edelweiss m&rsquo;a tout de suite plu, au point d&rsquo;en faire une petite peinture (acrylique et crayon gras).<\/p>\n<p style=\"text-align: center;\"><a href=\"https:\/\/www.espacegraphique.com\/blog\/wp-content\/uploads\/2011\/09\/edelweiss.jpg\"><img loading=\"lazy\" decoding=\"async\" class=\"size-medium wp-image-931 aligncenter\" title=\"Peinture d'Edelweiss\" alt=\"Peinture d'Edelweiss\" src=\"https:\/\/www.espacegraphique.com\/blog\/wp-content\/uploads\/2011\/09\/edelweiss-217x300.jpg\" width=\"217\" height=\"300\" srcset=\"https:\/\/www.espacegraphique.com\/blog\/wp-content\/uploads\/2011\/09\/edelweiss-217x300.jpg 217w, https:\/\/www.espacegraphique.com\/blog\/wp-content\/uploads\/2011\/09\/edelweiss.jpg 465w\" sizes=\"auto, (max-width: 217px) 100vw, 217px\" \/><\/a> <strong><\/strong><\/p>\n<p style=\"text-align: left;\"><strong>J&rsquo;avais d\u00e9j\u00e0 dessin\u00e9 quelques <a title=\"Ast\u00e9rac\u00e9es\" href=\"https:\/\/www.espacegraphique.com\/asteracees\/gerbera.php\">Ast\u00e9rac\u00e9es<\/a> et logiquement je devais classer ensuite l&rsquo;Edelweiss avec les marguerites.<\/strong><\/p>\n<p>Les marguerites et les tournesols sont compos\u00e9s de minuscules fleurs coll\u00e9es les unes aux autres, avec sur le pourtour des fleurs en languette que nous prenons pour des p\u00e9tales.<\/p>\n<figure id=\"attachment_933\" aria-describedby=\"caption-attachment-933\" style=\"width: 300px\" class=\"wp-caption aligncenter\"><a href=\"https:\/\/www.espacegraphique.com\/blog\/wp-content\/uploads\/2011\/09\/tournesol.jpg\"><img loading=\"lazy\" decoding=\"async\" class=\"size-medium wp-image-933 \" title=\"Capitule de tournesol\" alt=\"Capitule de tournesol\" src=\"https:\/\/www.espacegraphique.com\/blog\/wp-content\/uploads\/2011\/09\/tournesol-300x225.jpg\" width=\"300\" height=\"225\" srcset=\"https:\/\/www.espacegraphique.com\/blog\/wp-content\/uploads\/2011\/09\/tournesol-300x225.jpg 300w, https:\/\/www.espacegraphique.com\/blog\/wp-content\/uploads\/2011\/09\/tournesol.jpg 640w\" sizes=\"auto, (max-width: 300px) 100vw, 300px\" \/><\/a><figcaption id=\"caption-attachment-933\" class=\"wp-caption-text\">Tournesol en gros plan<\/figcaption><\/figure>\n<p>Hors chez l&rsquo;Edelweiss le principe est r\u00e9cursif il se produit deux fois : Sur deux niveaux.<\/p>\n<p>Les niveaux se ramassent les uns sur les autres sur quelques millim\u00e8tres de hauteur,\u00a0 un vrai travail d&rsquo;orf\u00e8vrerie.<\/p>\n<p>Des bract\u00e9es qui ressemblent \u00e0 des p\u00e9tales viennent compl\u00e9ter le tableau pour nous donner cet aspect \u00e9toil\u00e9.<\/p>\n<p><strong>Ast\u00e9rac\u00e9e radi\u00e9e ou tubulaire ?<\/strong><\/p>\n<p>Les minuscules fleurs de l&rsquo;Edelweiss sont tubulaires, il n&rsquo;y a donc pas de fleurs en languette sur le pourtour, ce sont les bract\u00e9es (qui ne sont pas des fleurs) qui forment les rayons.<\/p>\n<p>Nous sommes donc plus pr\u00e8s de l&rsquo;artichaut (tubulaire) que de la marguerite (radi\u00e9e).<\/p>\n","protected":false},"excerpt":{"rendered":"<p>Ce bouquet d&rsquo;Edelweiss m&rsquo;a tout de suite plu, au point d&rsquo;en faire une petite peinture.<\/p>\n","protected":false},"author":1,"featured_media":930,"comment_status":"open","ping_status":"open","sticky":false,"template":"","format":"standard","meta":{"footnotes":""},"categories":[13],"tags":[22,5,12,71],"class_list":["post-929","post","type-post","status-publish","format-standard","has-post-thumbnail","hentry","category-photos","tag-acrylique","tag-dessin","tag-fleur","tag-peinture"],"aioseo_notices":[],"aioseo_head":"\n\t\t<!-- All in One SEO 5.0.0.1 - aioseo.com -->\n\t<meta name=\"description\" content=\"Ce bouquet d&#039;Edelweiss m&#039;a tout de suite plu, au point d&#039;en faire une petite peinture.\" \/>\n\t<meta name=\"robots\" content=\"max-image-preview:large\" \/>\n\t<meta name=\"author\" content=\"Yann\"\/>\n\t<link rel=\"canonical\" href=\"https:\/\/www.espacegraphique.com\/blog\/photos\/le-secret-de-ledelweiss-929\" \/>\n\t<meta name=\"generator\" content=\"All in One SEO (AIOSEO) 5.0.0.1\" \/>\n\t\t<meta property=\"og:locale\" content=\"fr_FR\" \/>\n\t\t<meta property=\"og:site_name\" content=\"Espace Graphique | Mon petit journal graphique\" \/>\n\t\t<meta property=\"og:type\" content=\"article\" \/>\n\t\t<meta property=\"og:title\" content=\"Le secret de l&#039;Edelweiss | Espace Graphique\" \/>\n\t\t<meta property=\"og:description\" content=\"Ce bouquet d&#039;Edelweiss m&#039;a tout de suite plu, au point d&#039;en faire une petite peinture.\" \/>\n\t\t<meta property=\"og:url\" content=\"https:\/\/www.espacegraphique.com\/blog\/photos\/le-secret-de-ledelweiss-929\" \/>\n\t\t<meta property=\"article:published_time\" content=\"2011-09-21T17:40:59+00:00\" \/>\n\t\t<meta property=\"article:modified_time\" content=\"2013-12-19T19:29:16+00:00\" \/>\n\t\t<meta name=\"twitter:card\" content=\"summary\" \/>\n\t\t<meta name=\"twitter:title\" content=\"Le secret de l&#039;Edelweiss | Espace Graphique\" \/>\n\t\t<meta name=\"twitter:description\" content=\"Ce bouquet d&#039;Edelweiss m&#039;a tout de suite plu, au point d&#039;en faire une petite peinture.\" \/>\n\t\t<script type=\"application\/ld+json\" class=\"aioseo-schema\">\n\t\t\t{\"@context\":\"https:\\\/\\\/schema.org\",\"@graph\":[{\"@type\":\"Article\",\"@id\":\"https:\\\/\\\/www.espacegraphique.com\\\/blog\\\/photos\\\/le-secret-de-ledelweiss-929#article\",\"name\":\"Le secret de l'Edelweiss | Espace Graphique\",\"headline\":\"Le secret de l&rsquo;Edelweiss\",\"author\":{\"@id\":\"https:\\\/\\\/www.espacegraphique.com\\\/blog\\\/author\\\/admin#author\"},\"publisher\":{\"@id\":\"https:\\\/\\\/www.espacegraphique.com\\\/blog\\\/#organization\"},\"image\":{\"@type\":\"ImageObject\",\"url\":\"https:\\\/\\\/www.espacegraphique.com\\\/blog\\\/wp-content\\\/uploads\\\/2011\\\/09\\\/fleur-edelweiss.jpg\",\"width\":630,\"height\":240,\"caption\":\"Fleur d'Edelweiss\"},\"datePublished\":\"2011-09-21T18:40:59+02:00\",\"dateModified\":\"2013-12-19T21:29:16+02:00\",\"inLanguage\":\"fr-FR\",\"commentCount\":3,\"mainEntityOfPage\":{\"@id\":\"https:\\\/\\\/www.espacegraphique.com\\\/blog\\\/photos\\\/le-secret-de-ledelweiss-929#webpage\"},\"isPartOf\":{\"@id\":\"https:\\\/\\\/www.espacegraphique.com\\\/blog\\\/photos\\\/le-secret-de-ledelweiss-929#webpage\"},\"articleSection\":\"Photos, acrylique, dessin, fleur, peinture\"},{\"@type\":\"BreadcrumbList\",\"@id\":\"https:\\\/\\\/www.espacegraphique.com\\\/blog\\\/photos\\\/le-secret-de-ledelweiss-929#breadcrumblist\",\"itemListElement\":[{\"@type\":\"ListItem\",\"@id\":\"https:\\\/\\\/www.espacegraphique.com\\\/blog#listItem\",\"position\":1,\"name\":\"Accueil\",\"item\":\"https:\\\/\\\/www.espacegraphique.com\\\/blog\",\"nextItem\":{\"@type\":\"ListItem\",\"@id\":\"https:\\\/\\\/www.espacegraphique.com\\\/blog\\\/planche\\\/photos#listItem\",\"name\":\"Photos\"}},{\"@type\":\"ListItem\",\"@id\":\"https:\\\/\\\/www.espacegraphique.com\\\/blog\\\/planche\\\/photos#listItem\",\"position\":2,\"name\":\"Photos\",\"item\":\"https:\\\/\\\/www.espacegraphique.com\\\/blog\\\/planche\\\/photos\",\"nextItem\":{\"@type\":\"ListItem\",\"@id\":\"https:\\\/\\\/www.espacegraphique.com\\\/blog\\\/photos\\\/le-secret-de-ledelweiss-929#listItem\",\"name\":\"Le secret de l&rsquo;Edelweiss\"},\"previousItem\":{\"@type\":\"ListItem\",\"@id\":\"https:\\\/\\\/www.espacegraphique.com\\\/blog#listItem\",\"name\":\"Accueil\"}},{\"@type\":\"ListItem\",\"@id\":\"https:\\\/\\\/www.espacegraphique.com\\\/blog\\\/photos\\\/le-secret-de-ledelweiss-929#listItem\",\"position\":3,\"name\":\"Le secret de l&rsquo;Edelweiss\",\"previousItem\":{\"@type\":\"ListItem\",\"@id\":\"https:\\\/\\\/www.espacegraphique.com\\\/blog\\\/planche\\\/photos#listItem\",\"name\":\"Photos\"}}]},{\"@type\":\"Organization\",\"@id\":\"https:\\\/\\\/www.espacegraphique.com\\\/blog\\\/#organization\",\"name\":\"Espace Graphique\",\"description\":\"Mon petit journal graphique\",\"url\":\"https:\\\/\\\/www.espacegraphique.com\\\/blog\\\/\"},{\"@type\":\"Person\",\"@id\":\"https:\\\/\\\/www.espacegraphique.com\\\/blog\\\/author\\\/admin#author\",\"url\":\"https:\\\/\\\/www.espacegraphique.com\\\/blog\\\/author\\\/admin\",\"name\":\"Yann\",\"image\":{\"@type\":\"ImageObject\",\"@id\":\"https:\\\/\\\/www.espacegraphique.com\\\/blog\\\/photos\\\/le-secret-de-ledelweiss-929#authorImage\",\"url\":\"https:\\\/\\\/secure.gravatar.com\\\/avatar\\\/05f8f89222152d60c127ff66d91f94e5ad916730aa5d5be07144ab977018dd0d?s=96&r=g\",\"width\":96,\"height\":96,\"caption\":\"Yann\"}},{\"@type\":\"WebPage\",\"@id\":\"https:\\\/\\\/www.espacegraphique.com\\\/blog\\\/photos\\\/le-secret-de-ledelweiss-929#webpage\",\"url\":\"https:\\\/\\\/www.espacegraphique.com\\\/blog\\\/photos\\\/le-secret-de-ledelweiss-929\",\"name\":\"Le secret de l'Edelweiss | Espace Graphique\",\"description\":\"Ce bouquet d'Edelweiss m'a tout de suite plu, au point d'en faire une petite peinture.\",\"inLanguage\":\"fr-FR\",\"isPartOf\":{\"@id\":\"https:\\\/\\\/www.espacegraphique.com\\\/blog\\\/#website\"},\"breadcrumb\":{\"@id\":\"https:\\\/\\\/www.espacegraphique.com\\\/blog\\\/photos\\\/le-secret-de-ledelweiss-929#breadcrumblist\"},\"author\":{\"@id\":\"https:\\\/\\\/www.espacegraphique.com\\\/blog\\\/author\\\/admin#author\"},\"creator\":{\"@id\":\"https:\\\/\\\/www.espacegraphique.com\\\/blog\\\/author\\\/admin#author\"},\"image\":{\"@type\":\"ImageObject\",\"url\":\"https:\\\/\\\/www.espacegraphique.com\\\/blog\\\/wp-content\\\/uploads\\\/2011\\\/09\\\/fleur-edelweiss.jpg\",\"@id\":\"https:\\\/\\\/www.espacegraphique.com\\\/blog\\\/photos\\\/le-secret-de-ledelweiss-929\\\/#mainImage\",\"width\":630,\"height\":240,\"caption\":\"Fleur d'Edelweiss\"},\"primaryImageOfPage\":{\"@id\":\"https:\\\/\\\/www.espacegraphique.com\\\/blog\\\/photos\\\/le-secret-de-ledelweiss-929#mainImage\"},\"datePublished\":\"2011-09-21T18:40:59+02:00\",\"dateModified\":\"2013-12-19T21:29:16+02:00\"},{\"@type\":\"WebSite\",\"@id\":\"https:\\\/\\\/www.espacegraphique.com\\\/blog\\\/#website\",\"url\":\"https:\\\/\\\/www.espacegraphique.com\\\/blog\\\/\",\"name\":\"Espace Graphique\",\"description\":\"Mon petit journal graphique\",\"inLanguage\":\"fr-FR\",\"publisher\":{\"@id\":\"https:\\\/\\\/www.espacegraphique.com\\\/blog\\\/#organization\"}}]}\n\t\t<\/script>\n\t\t<!-- All in One SEO -->\n\n","aioseo_head_json":{"title":"Le secret de l'Edelweiss | Espace Graphique","description":"Ce bouquet d'Edelweiss m'a tout de suite plu, au point d'en faire une petite peinture.","canonical_url":"https:\/\/www.espacegraphique.com\/blog\/photos\/le-secret-de-ledelweiss-929","robots":"max-image-preview:large","keywords":"","webmasterTools":{"miscellaneous":""},"schema":{"@context":"https:\/\/schema.org","@graph":[{"@type":"Article","@id":"https:\/\/www.espacegraphique.com\/blog\/photos\/le-secret-de-ledelweiss-929#article","name":"Le secret de l'Edelweiss | Espace Graphique","headline":"Le secret de l&rsquo;Edelweiss","author":{"@id":"https:\/\/www.espacegraphique.com\/blog\/author\/admin#author"},"publisher":{"@id":"https:\/\/www.espacegraphique.com\/blog\/#organization"},"image":{"@type":"ImageObject","url":"https:\/\/www.espacegraphique.com\/blog\/wp-content\/uploads\/2011\/09\/fleur-edelweiss.jpg","width":630,"height":240,"caption":"Fleur d'Edelweiss"},"datePublished":"2011-09-21T18:40:59+02:00","dateModified":"2013-12-19T21:29:16+02:00","inLanguage":"fr-FR","commentCount":3,"mainEntityOfPage":{"@id":"https:\/\/www.espacegraphique.com\/blog\/photos\/le-secret-de-ledelweiss-929#webpage"},"isPartOf":{"@id":"https:\/\/www.espacegraphique.com\/blog\/photos\/le-secret-de-ledelweiss-929#webpage"},"articleSection":"Photos, acrylique, dessin, fleur, peinture"},{"@type":"BreadcrumbList","@id":"https:\/\/www.espacegraphique.com\/blog\/photos\/le-secret-de-ledelweiss-929#breadcrumblist","itemListElement":[{"@type":"ListItem","@id":"https:\/\/www.espacegraphique.com\/blog#listItem","position":1,"name":"Accueil","item":"https:\/\/www.espacegraphique.com\/blog","nextItem":{"@type":"ListItem","@id":"https:\/\/www.espacegraphique.com\/blog\/planche\/photos#listItem","name":"Photos"}},{"@type":"ListItem","@id":"https:\/\/www.espacegraphique.com\/blog\/planche\/photos#listItem","position":2,"name":"Photos","item":"https:\/\/www.espacegraphique.com\/blog\/planche\/photos","nextItem":{"@type":"ListItem","@id":"https:\/\/www.espacegraphique.com\/blog\/photos\/le-secret-de-ledelweiss-929#listItem","name":"Le secret de l&rsquo;Edelweiss"},"previousItem":{"@type":"ListItem","@id":"https:\/\/www.espacegraphique.com\/blog#listItem","name":"Accueil"}},{"@type":"ListItem","@id":"https:\/\/www.espacegraphique.com\/blog\/photos\/le-secret-de-ledelweiss-929#listItem","position":3,"name":"Le secret de l&rsquo;Edelweiss","previousItem":{"@type":"ListItem","@id":"https:\/\/www.espacegraphique.com\/blog\/planche\/photos#listItem","name":"Photos"}}]},{"@type":"Organization","@id":"https:\/\/www.espacegraphique.com\/blog\/#organization","name":"Espace Graphique","description":"Mon petit journal graphique","url":"https:\/\/www.espacegraphique.com\/blog\/"},{"@type":"Person","@id":"https:\/\/www.espacegraphique.com\/blog\/author\/admin#author","url":"https:\/\/www.espacegraphique.com\/blog\/author\/admin","name":"Yann","image":{"@type":"ImageObject","@id":"https:\/\/www.espacegraphique.com\/blog\/photos\/le-secret-de-ledelweiss-929#authorImage","url":"https:\/\/secure.gravatar.com\/avatar\/05f8f89222152d60c127ff66d91f94e5ad916730aa5d5be07144ab977018dd0d?s=96&r=g","width":96,"height":96,"caption":"Yann"}},{"@type":"WebPage","@id":"https:\/\/www.espacegraphique.com\/blog\/photos\/le-secret-de-ledelweiss-929#webpage","url":"https:\/\/www.espacegraphique.com\/blog\/photos\/le-secret-de-ledelweiss-929","name":"Le secret de l'Edelweiss | Espace Graphique","description":"Ce bouquet d'Edelweiss m'a tout de suite plu, au point d'en faire une petite peinture.","inLanguage":"fr-FR","isPartOf":{"@id":"https:\/\/www.espacegraphique.com\/blog\/#website"},"breadcrumb":{"@id":"https:\/\/www.espacegraphique.com\/blog\/photos\/le-secret-de-ledelweiss-929#breadcrumblist"},"author":{"@id":"https:\/\/www.espacegraphique.com\/blog\/author\/admin#author"},"creator":{"@id":"https:\/\/www.espacegraphique.com\/blog\/author\/admin#author"},"image":{"@type":"ImageObject","url":"https:\/\/www.espacegraphique.com\/blog\/wp-content\/uploads\/2011\/09\/fleur-edelweiss.jpg","@id":"https:\/\/www.espacegraphique.com\/blog\/photos\/le-secret-de-ledelweiss-929\/#mainImage","width":630,"height":240,"caption":"Fleur d'Edelweiss"},"primaryImageOfPage":{"@id":"https:\/\/www.espacegraphique.com\/blog\/photos\/le-secret-de-ledelweiss-929#mainImage"},"datePublished":"2011-09-21T18:40:59+02:00","dateModified":"2013-12-19T21:29:16+02:00"},{"@type":"WebSite","@id":"https:\/\/www.espacegraphique.com\/blog\/#website","url":"https:\/\/www.espacegraphique.com\/blog\/","name":"Espace Graphique","description":"Mon petit journal graphique","inLanguage":"fr-FR","publisher":{"@id":"https:\/\/www.espacegraphique.com\/blog\/#organization"}}]},"og:locale":"fr_FR","og:site_name":"Espace Graphique | Mon petit journal graphique","og:type":"article","og:title":"Le secret de l'Edelweiss | Espace Graphique","og:description":"Ce bouquet d'Edelweiss m'a tout de suite plu, au point d'en faire une petite peinture.","og:url":"https:\/\/www.espacegraphique.com\/blog\/photos\/le-secret-de-ledelweiss-929","article:published_time":"2011-09-21T17:40:59+00:00","article:modified_time":"2013-12-19T19:29:16+00:00","twitter:card":"summary","twitter:title":"Le secret de l'Edelweiss | Espace Graphique","twitter:description":"Ce bouquet d'Edelweiss m'a tout de suite plu, au point d'en faire une petite peinture."},"aioseo_meta_data":{"post_id":"929","title":"Le secret de l'Edelweiss | #site_title","description":"Ce bouquet d'Edelweiss m'a tout de suite plu, au point d'en faire une petite peinture.","keywords":[{"label":"bouquet","value":"bouquet"},{"label":"edelweiss","value":"edelweiss"},{"label":"peinture","value":"peinture"},{"label":"fleur","value":"fleur"},{"label":"capitule","value":"capitule"}],"keyphrases":null,"primary_term":null,"canonical_url":null,"og_title":null,"og_description":null,"og_object_type":"default","og_image_type":"default","og_image_url":null,"og_image_width":null,"og_image_height":null,"og_image_custom_url":null,"og_image_custom_fields":null,"og_video":null,"og_custom_url":null,"og_article_section":null,"og_article_tags":null,"twitter_use_og":false,"twitter_card":"default","twitter_image_type":"default","twitter_image_url":null,"twitter_image_custom_url":null,"twitter_image_custom_fields":null,"twitter_title":null,"twitter_description":null,"schema":{"blockGraphs":[],"customGraphs":[],"default":{"data":{"Article":[],"Course":[],"Dataset":[],"FAQPage":[],"Movie":[],"Person":[],"Product":[],"ProductReview":[],"Car":[],"Recipe":[],"Service":[],"SoftwareApplication":[],"WebPage":[]},"graphName":"","isEnabled":true},"graphs":[]},"schema_type":"default","schema_type_options":null,"pillar_content":false,"robots_default":true,"robots_noindex":false,"robots_noarchive":false,"robots_nosnippet":false,"robots_nofollow":false,"robots_noimageindex":false,"robots_noodp":false,"robots_notranslate":false,"robots_max_snippet":null,"robots_max_videopreview":null,"robots_max_imagepreview":"large","priority":null,"frequency":null,"local_seo":null,"limit_modified_date":false,"created":"2022-03-30 17:19:11","updated":"2026-08-22 01:01:16","focus_keyword":null,"additional_keywords":null,"truseo_locale":null,"ai":null,"breadcrumb_settings":null,"seo_analyzer_scan_date":null},"aioseo_breadcrumb":"<div class=\"aioseo-breadcrumbs\"><span class=\"aioseo-breadcrumb\">\n\t\t\t<a href=\"https:\/\/www.espacegraphique.com\/blog\" title=\"Accueil\">Accueil<\/a>\n\t\t<\/span><span class=\"aioseo-breadcrumb-separator\">&raquo;<\/span><span class=\"aioseo-breadcrumb\">\n\t\t\t<a href=\"https:\/\/www.espacegraphique.com\/blog\/planche\/photos\" title=\"Photos\">Photos<\/a>\n\t\t<\/span><span class=\"aioseo-breadcrumb-separator\">&raquo;<\/span><span class=\"aioseo-breadcrumb\">\n\t\t\tLe secret de l\u2019Edelweiss\n\t\t<\/span><\/div>","aioseo_breadcrumb_json":[{"label":"Accueil","link":"https:\/\/www.espacegraphique.com\/blog"},{"label":"Photos","link":"https:\/\/www.espacegraphique.com\/blog\/planche\/photos"},{"label":"Le secret de l&rsquo;Edelweiss","link":"https:\/\/www.espacegraphique.com\/blog\/photos\/le-secret-de-ledelweiss-929"}],"_links":{"self":[{"href":"https:\/\/www.espacegraphique.com\/blog\/wp-json\/wp\/v2\/posts\/929","targetHints":{"allow":["GET"]}}],"collection":[{"href":"https:\/\/www.espacegraphique.com\/blog\/wp-json\/wp\/v2\/posts"}],"about":[{"href":"https:\/\/www.espacegraphique.com\/blog\/wp-json\/wp\/v2\/types\/post"}],"author":[{"embeddable":true,"href":"https:\/\/www.espacegraphique.com\/blog\/wp-json\/wp\/v2\/users\/1"}],"replies":[{"embeddable":true,"href":"https:\/\/www.espacegraphique.com\/blog\/wp-json\/wp\/v2\/comments?post=929"}],"version-history":[{"count":11,"href":"https:\/\/www.espacegraphique.com\/blog\/wp-json\/wp\/v2\/posts\/929\/revisions"}],"predecessor-version":[{"id":2421,"href":"https:\/\/www.espacegraphique.com\/blog\/wp-json\/wp\/v2\/posts\/929\/revisions\/2421"}],"wp:featuredmedia":[{"embeddable":true,"href":"https:\/\/www.espacegraphique.com\/blog\/wp-json\/wp\/v2\/media\/930"}],"wp:attachment":[{"href":"https:\/\/www.espacegraphique.com\/blog\/wp-json\/wp\/v2\/media?parent=929"}],"wp:term":[{"taxonomy":"category","embeddable":true,"href":"https:\/\/www.espacegraphique.com\/blog\/wp-json\/wp\/v2\/categories?post=929"},{"taxonomy":"post_tag","embeddable":true,"href":"https:\/\/www.espacegraphique.com\/blog\/wp-json\/wp\/v2\/tags?post=929"}],"curies":[{"name":"wp","href":"https:\/\/api.w.org\/{rel}","templated":true}]}}